{"id":41978,"date":"2023-12-04T15:52:56","date_gmt":"2023-12-04T18:52:56","guid":{"rendered":"http:\/\/dsrmedios.com.ar\/diario\/?p=41978"},"modified":"2023-12-04T15:55:44","modified_gmt":"2023-12-04T18:55:44","slug":"gran-kermesse-en-rivera-para-cerrar-los-talleres-culturales-del-ano","status":"publish","type":"post","link":"http:\/\/dsrmedios.com.ar\/diario\/archivos\/41978","title":{"rendered":"&#8220;Gran Kermesse&#8221; en Rivera para cerrar los talleres Culturales del a\u00f1o"},"content":{"rendered":"\n<p>Adolfo Alsina brill\u00f3 con un fin de semana cultural como cierre de los talleres del a\u00f1o 2023. Exposici\u00f3n de fotograf\u00eda, pinturas, dibujos, mosaiquismo y tango en vivo se presentaron en el Espacio Municipal Multicultural de Usina del Arte Rivera.<\/p>\n\n\n\n<p>La Secretar\u00eda de Cultura de Adolfo Alsina, a cargo de Gisele Caussanel, dio por concluido el ciclo 2023 de los Talleres Culturales en todas las localidades del Distrito. Arazados por el arte, en Rivera se lucieron las producciones de m\u00e1s de setenta alumnos a cargo de las profesoras: Mariela Aristigueta, Elisabeth Chernischuk ,Mar\u00eda Cristina Pop, Laura Kosak ,Fabiola Furh, Majo Machado y la asistencia de Diana Fioramonti, Mary Salinas y Dominique Walser. Particip\u00f3 de la exposici\u00f3n el Taller Protegido Vivencias con hermosos trabajos de fotograf\u00eda que coordin\u00f3 Karen Arg\u00fcello, y trabajo propios de su taller como telares. Pablo Carlassare estuvo a cargo del sonido, colaboraron: la Comisi\u00f3n de Apoyo de Usina del Arte, personal de la Delegaci\u00f3n Municipal, medios de comunicaci\u00f3n de Rivera, personal de la cooperativa el\u00e9ctrica y Norman Fritz. Estuvieron presentes las familias y los vecinos de la localidad.<\/p>\n","protected":false},"excerpt":{"rendered":"<div class=\"mh-excerpt\"><p>Adolfo Alsina brill\u00f3 con un fin de semana cultural como cierre de los talleres del a\u00f1o 2023. Exposici\u00f3n de fotograf\u00eda, pinturas, dibujos, mosaiquismo y tango en vivo se presentaron en el Espacio Municipal Multicultural de Usina del Arte Rivera. La Secretar\u00eda de Cultura de Adolfo Alsina, a cargo de Gisele Caussanel, dio por concluido el ciclo 2023 de los Talleres Culturales en todas las localidades del Distrito. Arazados por el arte, en Rivera se lucieron las producciones de m\u00e1s de setenta alumnos a cargo de las profesoras: Mariela Aristigueta, Elisabeth Chernischuk ,Mar\u00eda Cristina Pop, Laura Kosak ,Fabiola Furh, Majo Machado <a class=\"mh-excerpt-more\" href=\"http:\/\/dsrmedios.com.ar\/diario\/archivos\/41978\" title=\"&#8220;Gran Kermesse&#8221; en Rivera para cerrar los talleres Culturales del a\u00f1o\">[Leer m\u00e1s]<\/a><\/p>\n<\/div>","protected":false},"author":8,"featured_media":41984,"comment_status":"open","ping_status":"closed","sticky":false,"template":"","format":"standard","meta":{"_jetpack_newsletter_access":""},"categories":[18,31,5],"tags":[],"jetpack_featured_media_url":"http:\/\/dsrmedios.com.ar\/diario\/wp-content\/uploads\/2023\/12\/WhatsApp-Image-2023-12-04-at-10.16.37-1.jpeg","jetpack_sharing_enabled":true,"jetpack_shortlink":"https:\/\/wp.me\/p9fihK-aV4","_links":{"self":[{"href":"http:\/\/dsrmedios.com.ar\/diario\/wp-json\/wp\/v2\/posts\/41978"}],"collection":[{"href":"http:\/\/dsrmedios.com.ar\/diario\/wp-json\/wp\/v2\/posts"}],"about":[{"href":"http:\/\/dsrmedios.com.ar\/diario\/wp-json\/wp\/v2\/types\/post"}],"author":[{"embeddable":true,"href":"http:\/\/dsrmedios.com.ar\/diario\/wp-json\/wp\/v2\/users\/8"}],"replies":[{"embeddable":true,"href":"http:\/\/dsrmedios.com.ar\/diario\/wp-json\/wp\/v2\/comments?post=41978"}],"version-history":[{"count":2,"href":"http:\/\/dsrmedios.com.ar\/diario\/wp-json\/wp\/v2\/posts\/41978\/revisions"}],"predecessor-version":[{"id":41995,"href":"http:\/\/dsrmedios.com.ar\/diario\/wp-json\/wp\/v2\/posts\/41978\/revisions\/41995"}],"wp:featuredmedia":[{"embeddable":true,"href":"http:\/\/dsrmedios.com.ar\/diario\/wp-json\/wp\/v2\/media\/41984"}],"wp:attachment":[{"href":"http:\/\/dsrmedios.com.ar\/diario\/wp-json\/wp\/v2\/media?parent=41978"}],"wp:term":[{"taxonomy":"category","embeddable":true,"href":"http:\/\/dsrmedios.com.ar\/diario\/wp-json\/wp\/v2\/categories?post=41978"},{"taxonomy":"post_tag","embeddable":true,"href":"http:\/\/dsrmedios.com.ar\/diario\/wp-json\/wp\/v2\/tags?post=41978"}],"curies":[{"name":"wp","href":"https:\/\/api.w.org\/{rel}","templated":true}]}}