{"id":41954,"date":"2023-12-02T13:32:52","date_gmt":"2023-12-02T16:32:52","guid":{"rendered":"http:\/\/dsrmedios.com.ar\/diario\/?p=41954"},"modified":"2023-12-02T13:32:54","modified_gmt":"2023-12-02T16:32:54","slug":"mineria-por-que-el-cobre-y-no-el-litio-es-la-principal-promesa-generadora-de-divisas-de-la-argentina","status":"publish","type":"post","link":"http:\/\/dsrmedios.com.ar\/diario\/archivos\/41954","title":{"rendered":"Miner\u00eda: por qu\u00e9 el cobre, y no el litio, es la principal promesa generadora de divisas de la Argentina"},"content":{"rendered":"\n<p>Cerca de 2.000 empresarios, profesionales, proveedores y funcionarios ligados a la miner\u00eda se dieron cita en el encuentro anual Oro-Plata que cierra el a\u00f1o de eventos mineros y al que en su edici\u00f3n 17 se sum\u00f3 el Cobre, mineral que -m\u00e1s all\u00e1 del \u201cboom\u201d del litio- apunta a ser el principal fil\u00f3n de inversiones, empleo, producci\u00f3n y exportaci\u00f3n minera de la Argentina en los pr\u00f3ximos a\u00f1os.<a rel=\"noreferrer noopener\" href=\"https:\/\/www.infobae.com\/economia\/2023\/12\/02\/el-dolar-en-2024-el-superavit-comercial-seria-de-usd-25000-millones-pero-seguira-la-sabana-corta\/\" target=\"_blank\"><\/a><a rel=\"noreferrer noopener\" href=\"https:\/\/www.infobae.com\/economia\/2023\/12\/02\/los-alquileres-en-la-costa-tienen-subas-que-rondan-el-150-todo-lo-que-hay-que-saber-para-veranear-en-las-playas-argentinas\/\" target=\"_blank\"><\/a><\/p>\n\n\n\n<p>El pa\u00eds hoy cuenta con 8 proyectos cupr\u00edferos que hacia 2030 podr\u00edan aportar USD 10.000 millones de exportaciones anuales, proyect\u00f3&nbsp;<strong>Michael Meding<\/strong>, director de&nbsp;<em>McEwen Copper<\/em>&nbsp;y a cargo del emprendimiento \u201cLos Azules\u201d, de la canadiense&nbsp;<em>McEwen Mining<\/em>, en San Juan.<\/p>\n\n\n\n<p>Pese a las desventajas econ\u00f3micas que hoy tiene la Argentina (inestabilidad macro, controles cambiarios y de capital, trabas para importar, inseguridad jur\u00eddica, etc.) Meding cont\u00f3 que en los \u00faltimos 2 a\u00f1os logr\u00f3 levantar USD 397 millones en financiamiento para Los Azules, se\u00f1al del inter\u00e9s que despiertan la geolog\u00eda y las oportunidades mineras del pa\u00eds.<\/p>\n\n\n\n<h2>Del tri\u00e1ngulo del litio al cobre sanjuanino<\/h2>\n\n\n\n<p>As\u00ed como Catamarca, Salta y Jujuy conforman el \u201ctri\u00e1ngulo\u201d argentino del litio, que este a\u00f1o aportar\u00e1 cera de USD 1.000 millones de exportaciones (cerca de un cuarto de las exportaciones mineras totales) San Juan alberga 5 de los 8 proyectos de cobre que, en distintas fases, hay actualmente en el pa\u00eds: am\u00e9n de Los Azules est\u00e1n El Altar y El Pach\u00f3n, en el sur, y Josemar\u00eda y Filo del Sol, en el norte provincial. A ellos se suman los proyectos Mara en Catamarca (cercano a lo que fue La Alumbrera), Taca Taca en Salta y, en escala m\u00e1s reducida, San Jorge en Mendoza.<\/p>\n\n\n\n<p><img decoding=\"async\" loading=\"lazy\" alt=\"El panel de los embajadores: Simon Twisk, de Australia, Reid Sirrs, de Canad\u00e1, Kirsty Hayes, del Reino Unido, y Matthew Stokes, encargado de la secci\u00f3n comercial de EEUU, que concurri\u00f3 en representaci\u00f3n del embajador Marc Stanley\" height=\"1080\" width=\"1920\" src=\"https:\/\/www.infobae.com\/new-resizer\/tieKohsDzp85Fdaj_r4ELvT3azs=\/420x236\/filters:format(webp):quality(85)\/cloudfront-us-east-1.images.arcpublishing.com\/infobae\/UVWCWMWR35AJDD677GP3NLBVHU.jpg%20420w\" srcset=\"https:\/\/www.infobae.com\/new-resizer\/tieKohsDzp85Fdaj_r4ELvT3azs=\/420x236\/filters:format(webp):quality(85)\/cloudfront-us-east-1.images.arcpublishing.com\/infobae\/UVWCWMWR35AJDD677GP3NLBVHU.jpg 420w,https:\/\/www.infobae.com\/new-resizer\/lZqUN9IN39HFMb3yxr3RigLKYkU=\/768x432\/filters:format(webp):quality(85)\/cloudfront-us-east-1.images.arcpublishing.com\/infobae\/UVWCWMWR35AJDD677GP3NLBVHU.jpg 768w,https:\/\/www.infobae.com\/new-resizer\/0WBGxfryicUmG_pPMwn5GW8PBhM=\/992x558\/filters:format(webp):quality(85)\/cloudfront-us-east-1.images.arcpublishing.com\/infobae\/UVWCWMWR35AJDD677GP3NLBVHU.jpg 992w,https:\/\/www.infobae.com\/new-resizer\/h3m-V1B-d4oSuJZalLfM3j8R7K0=\/1200x675\/filters:format(webp):quality(85)\/cloudfront-us-east-1.images.arcpublishing.com\/infobae\/UVWCWMWR35AJDD677GP3NLBVHU.jpg 1200w,https:\/\/www.infobae.com\/new-resizer\/y_Q7u_msy7Wk7TD7_Rzguv_aEFg=\/1440x810\/filters:format(webp):quality(85)\/cloudfront-us-east-1.images.arcpublishing.com\/infobae\/UVWCWMWR35AJDD677GP3NLBVHU.jpg 1440w\">El panel de los embajadores: Simon Twisk, de Australia, Reid Sirrs, de Canad\u00e1, Kirsty Hayes, del Reino Unido, y Matthew Stokes, encargado de la secci\u00f3n comercial de EEUU, que concurri\u00f3 en representaci\u00f3n del embajador Marc Stanley<\/p>\n\n\n\n<p>El mundo demanda actualmente 25 millones de toneladas de cobre, de los que unos 5 millones provienen del reciclado y otros 5 a 6 millones anuales provee Chile, el principal productor mundial del mineral m\u00e1s requerido de la transici\u00f3n energ\u00e9tica, pues est\u00e1 en las bater\u00edas y en todas las etapas de la electrificaci\u00f3n. Le siguen Per\u00fa, el Congo, China, EEUU y Rusia, todos con producciones superiores al mill\u00f3n de toneladas anuales, m\u00e1s una mir\u00edada de pa\u00edses por debajo de esa marca anual.<\/p>\n\n\n\n<p>Meding, quien subray\u00f3 que Los Azules no apunta a exportar concentrado, sino placas de cobre, de mayor valor agregado, estim\u00f3 que para 2050 se necesitar\u00e1n 40 millones de toneladas del mineral y que en conjunto, 7 u 8 operaciones cupr\u00edferas en la Argentina podr\u00edan proveer entre 800.000 y 1,2 millones anuales, que hasta podr\u00edan superar la producci\u00f3n anual de La Escondida, el principal yacimiento cupr\u00edfero del mundo, aunque todav\u00eda muy lejos de la producci\u00f3n total de Chile.<\/p>\n\n\n\n<blockquote class=\"wp-block-quote\">\n<p>La aceleraci\u00f3n de las inversiones supondr\u00eda un ingreso de d\u00f3lares y una movilizaci\u00f3n de empleo, actividad y construcci\u00f3n de infraestructura de alto impacto en las econom\u00edas provinciales<\/p>\n<\/blockquote>\n\n\n\n<p>Mucho antes, la aceleraci\u00f3n de las inversiones supondr\u00eda un ingreso de d\u00f3lares y una movilizaci\u00f3n de empleo, actividad y construcci\u00f3n de infraestructura de alto impacto en las econom\u00edas provinciales.<\/p>\n\n\n\n<h2>Palabra de gobernador<\/h2>\n\n\n\n<p>\u201cCuenten conmigo; nuestro destino no lo sabemos, pero nuestro futuro podemos hacerlo\u201d, fue el mensaje del gobernador electo de San Juan,&nbsp;<strong>Marcelo Orrego<\/strong>, a los empresarios y asistentes al evento, organizado por Panorama Minero en el Golden Center de Parque Norte y en el que&nbsp;<strong>Roberto Cacciola<\/strong>, nuevo presidente de la C\u00e1mara Argentina de Empresas Mineras (CAEM) y distinguido como empresario minero del a\u00f1o, resumi\u00f3 el desaf\u00edo del sector: \u201ctransformar el potencial en realidad\u201d.<\/p>\n\n\n\n<p>Te puede interesar:<strong>El reto para las empresas mineras al 2024: \u00bfc\u00f3mo mantener la inversi\u00f3n en sostenibilidad con un Per\u00fa en recesi\u00f3n?<\/strong><\/p>\n\n\n\n<p>\u201cPara conseguir todas las inversiones que necesitamos te tienen que creer\u201d, explic\u00f3 a&nbsp;<strong>Infobae<\/strong>&nbsp;<strong>Miguel Soler<\/strong>, ministro de Energ\u00eda de Jujuy y presidente del Consejo Federal de Miner\u00eda (Cofemin). El desaf\u00edo abarca a las empresas, pero arranca con el gobierno nacional y se extiende a provincias y municipios e involucra, por cierto, al trabajo.&nbsp;<strong>H\u00e9ctor Laplace<\/strong>, secretario de la Asociaci\u00f3n Obrera Minera Argentina (AOMA), dijo que el sindicato \u201cno pondr\u00e1 palos en la rueda\u201d, pero \u201cno est\u00e1 dispuesto a resignar conquistas\u201d.<\/p>\n\n\n\n<p>A lo largo del evento, se reiter\u00f3 el \u00e9nfasis en seguridad jur\u00eddica, estabilidad macro, fin a las restricciones cambiarias y de capital y respeto a la legislaci\u00f3n de base (leyes de miner\u00eda y de inversiones mineras) que&nbsp;<strong>Manuel Ben\u00edtez<\/strong>, presidente de la C\u00e1mara de Proveedores Mineros (Capmin), consider\u00f3 buena, aunque haya incumplimientos ocasionales.<\/p>\n\n\n\n<p>Qui\u00e9n estar\u00e1 a cargo de la Secretar\u00eda de Miner\u00eda fue una inc\u00f3gnita que perme\u00f3 el ambiente, en el que no solo empresarios sino tambi\u00e9n embajadores extranjeros identificaron varias cuestiones a resolver.<\/p>\n\n\n\n<p>Cacciola, de CAEM; que trabajo 30 a\u00f1os en Minera Aguilar y los \u00faltimos 12 en Minera Santa Cruz, rese\u00f1\u00f3 un 2023 \u201catravesado por la coyuntura\u201d en el que igualmente la miner\u00eda alcanz\u00f3 los 100.000 empleos (entre directos e indirectos), pag\u00f3 impuestos por $340.000 millones y gener\u00f3 exportaciones por USD 4.000 millones, 10 veces lo que importa en equipos, insumos y servicios.<\/p>\n\n\n\n<p><img decoding=\"async\" loading=\"lazy\" alt=\"El presidente del Consejo Federal Minero, Miguel Soler, la secretaria de Miner\u00eda, Fernanda \u00c1vila, el presidente de CAEM, Roberto Cacciola, y el secretario de AOMA, H\u00e9ctor Laplace, en otro de los paneles del evento\" height=\"1080\" width=\"1920\" src=\"https:\/\/www.infobae.com\/new-resizer\/AXAXUne8395imcjPDkIFKPQaFx4=\/420x236\/filters:format(webp):quality(85)\/cloudfront-us-east-1.images.arcpublishing.com\/infobae\/IMXFBHYB5BDT7GXQO7PBDG4NWI.jpg%20420w\" srcset=\"https:\/\/www.infobae.com\/new-resizer\/AXAXUne8395imcjPDkIFKPQaFx4=\/420x236\/filters:format(webp):quality(85)\/cloudfront-us-east-1.images.arcpublishing.com\/infobae\/IMXFBHYB5BDT7GXQO7PBDG4NWI.jpg 420w,https:\/\/www.infobae.com\/new-resizer\/ty9hMsl2LAwcplBi_lwE7YeItfc=\/768x432\/filters:format(webp):quality(85)\/cloudfront-us-east-1.images.arcpublishing.com\/infobae\/IMXFBHYB5BDT7GXQO7PBDG4NWI.jpg 768w,https:\/\/www.infobae.com\/new-resizer\/SU1MbN3WW-ZUHsy3_E7jxIh3dJM=\/992x558\/filters:format(webp):quality(85)\/cloudfront-us-east-1.images.arcpublishing.com\/infobae\/IMXFBHYB5BDT7GXQO7PBDG4NWI.jpg 992w,https:\/\/www.infobae.com\/new-resizer\/ZKolG_88nH_rnbXi6QnzVxV5uBM=\/1200x675\/filters:format(webp):quality(85)\/cloudfront-us-east-1.images.arcpublishing.com\/infobae\/IMXFBHYB5BDT7GXQO7PBDG4NWI.jpg 1200w,https:\/\/www.infobae.com\/new-resizer\/rjpNxWmmSQOZ3yWWqWOPuHTtGzU=\/1440x810\/filters:format(webp):quality(85)\/cloudfront-us-east-1.images.arcpublishing.com\/infobae\/IMXFBHYB5BDT7GXQO7PBDG4NWI.jpg 1440w\">El presidente del Consejo Federal Minero, Miguel Soler, la secretaria de Miner\u00eda, Fernanda \u00c1vila, el presidente de CAEM, Roberto Cacciola, y el secretario de AOMA, H\u00e9ctor Laplace, en otro de los paneles del evento<\/p>\n\n\n\n<p>En los \u00faltimos a\u00f1os, subray\u00f3 a su vez&nbsp;<strong>Fernanda \u00c1vila<\/strong>, saliente secretaria de Miner\u00eda, se anunciaron inversiones por USD 17.300 millones, el empleo directo pas\u00f3 de 30.807 personas en julio de 2020 a 39.662 en julio de 2023 y 1.540 empresas se inscribieron en el registro federal de proveedores mineros.<\/p>\n\n\n\n<h2>Los casos de Australia y Canad\u00e1<\/h2>\n\n\n\n<p>\u00bfC\u00f3mo hizo su pa\u00eds para ser potencia minera y agroindustrial a la vez?, le preguntaron a&nbsp;<strong>Simon Twisk<\/strong>, embajador de Australia en la Argentina. \u201cLa miner\u00eda y el sector agropecuario conviven hace 150 a\u00f1os y se desarrollaron en paralelo, no hay conflicto. Nuestra producci\u00f3n agr\u00edcola es similar a la de ustedes\u201d, respondi\u00f3 el diplom\u00e1tico.<\/p>\n\n\n\n<p>En miner\u00eda, en cambio, la diferencia es abismal: en Australia el sector genera 300.000 empleos directos, exporta casi USD 300.000 millones anuales, paga USD 30.000 millones al a\u00f1o en impuestos federales, en los \u00faltimos 10 a\u00f1os gener\u00f3 USD 75.000 millones en&nbsp;<em>royalties<\/em>&nbsp;a los estados mineros y tiene un sector METS (siglas en ingl\u00e9s de equipos, servicios y tecnolog\u00eda minera) global, que \u201cjuega\u201d en todo el mundo.<\/p>\n\n\n\n<p>\u201cPara que la miner\u00eda progrese -ampli\u00f3 Twisk- Argentina debe mejorar su macroeconom\u00eda, remover controles cambiarios y de capital, tener una tributaci\u00f3n estable y competitiva, licencia social, altos est\u00e1ndares ambientales y laborales e invertir mucho en transporte y energ\u00eda\u201d.<\/p>\n\n\n\n<blockquote class=\"wp-block-quote\">\n<p>Para que la miner\u00eda progrese Argentina debe mejorar su macroeconom\u00eda, remover controles cambiarios y de capital, tener tributaci\u00f3n estable y competitiva (Twisk)<\/p>\n<\/blockquote>\n\n\n\n<p>Parecido fue el mensaje de<strong>&nbsp;Reid Sirrs<\/strong>, embajador de Canad\u00e1, otra potencia minera, cuando se le pregunt\u00f3 c\u00f3mo atraer inversi\u00f3n. Hasta hizo un punteo: base legal, buena macro, flujo libre de monedas, acceso a capital y mercados (Canad\u00e1 tiene 51 Acuerdos de Libre Comercio, precis\u00f3), calidad de la fuerza de trabajo, buena infraestructura y, corolario de todo lo anterior, costos competitivos.<\/p>\n\n\n\n<p><strong>Matthew Stokes<\/strong>, agregado comercial de la Embajada de EEUU en la Argentina, en representaci\u00f3n del embajador&nbsp;<strong>Marc Stanley<\/strong>, que organiz\u00f3 el tramo pol\u00edtico de la reciente gira de<strong>&nbsp;Javier Milei<\/strong>&nbsp;por el pa\u00eds del norte, destac\u00f3 el inter\u00e9s de las empresas norteamericanas en la miner\u00eda argentina. \u201cEEUU es un socio natural para la Argentina en los sectores energ\u00e9tico y minero; queremos traer proveedores y hay fabricantes de bater\u00edas y automotrices muy interesados en la Argentina y en trabajar en el agregado de valor\u201d, destac\u00f3.<\/p>\n\n\n\n<p>Seg\u00fan Stokes, la demanda global de cobre y litio se mantendr\u00e1 en los pr\u00f3ximos a\u00f1os \u201cy la Argentina est\u00e1 bien posicionada para aprovecharla, pero se requiere un esfuerzo sostenido en a\u00f1os y mucho capital\u201d.<\/p>\n\n\n\n<p>La clave, subray\u00f3, es un marco regulatorio atractivo y estable, buscar socios de largo plazo y tener en mente que en 15 a\u00f1os los \u201cminerales cr\u00edticos\u201d de la actual transici\u00f3n pueden ser desplazados por el Hidr\u00f3geno. \u201cAhora es el momento de actuar\u201d, remat\u00f3.<\/p>\n\n\n\n<p><img decoding=\"async\" loading=\"lazy\" alt=\"Xi Jinping y Joseph Biden en su reciente encuentro en San Francisco. La Argentina puede comerciar con quien quiera, pero no debe cruzar &quot;l\u00edneas rojas&quot;, dijo Felipe de la Balze, en su an\u00e1lisis sobre geoestrateg\u00eda y econom\u00eda mundial en el evento minero (ContactoPhoto)\" height=\"3037\" width=\"4165\" src=\"https:\/\/www.infobae.com\/new-resizer\/A09oQr1H5eSXfD7IxIHH1d1ygWQ=\/420x315\/filters:format(webp):quality(85)\/cloudfront-us-east-1.images.arcpublishing.com\/infobae\/6NYJY6D5QVEHZAIVUBEZX65K5E.jpg%20420w\" srcset=\"https:\/\/www.infobae.com\/new-resizer\/A09oQr1H5eSXfD7IxIHH1d1ygWQ=\/420x315\/filters:format(webp):quality(85)\/cloudfront-us-east-1.images.arcpublishing.com\/infobae\/6NYJY6D5QVEHZAIVUBEZX65K5E.jpg 420w,https:\/\/www.infobae.com\/new-resizer\/PKzKhW1VRJagGT9yLY7wV2pKQZE=\/768x576\/filters:format(webp):quality(85)\/cloudfront-us-east-1.images.arcpublishing.com\/infobae\/6NYJY6D5QVEHZAIVUBEZX65K5E.jpg 768w,https:\/\/www.infobae.com\/new-resizer\/WKEdxQdmHajNzzmVVYURnc3eixE=\/992x744\/filters:format(webp):quality(85)\/cloudfront-us-east-1.images.arcpublishing.com\/infobae\/6NYJY6D5QVEHZAIVUBEZX65K5E.jpg 992w,https:\/\/www.infobae.com\/new-resizer\/bGsuTeYjSBYcmueK6_xdwGisUGU=\/1200x900\/filters:format(webp):quality(85)\/cloudfront-us-east-1.images.arcpublishing.com\/infobae\/6NYJY6D5QVEHZAIVUBEZX65K5E.jpg 1200w,https:\/\/www.infobae.com\/new-resizer\/-2MG-oYjOvgLFKpPVCkcFOnd4WU=\/1440x1080\/filters:format(webp):quality(85)\/cloudfront-us-east-1.images.arcpublishing.com\/infobae\/6NYJY6D5QVEHZAIVUBEZX65K5E.jpg 1440w\">Xi Jinping y Joseph Biden en su reciente encuentro en San Francisco. La Argentina puede comerciar con quien quiera, pero no debe cruzar &#8220;l\u00edneas rojas&#8221;, dijo Felipe de la Balze, en su an\u00e1lisis sobre geoestrateg\u00eda y econom\u00eda mundial en el evento minero (ContactoPhoto)<\/p>\n\n\n\n<p>En su presentaci\u00f3n sobre el contexto geoestrat\u00e9gico y de econom\u00eda internacional,&nbsp;<strong>Felipe de la Balze<\/strong>&nbsp;hab\u00eda rese\u00f1ado la competencia entre China y EEUU para concluir que Argentina, aunque pertenece pol\u00edtica y culturalmente a Occidente, es un \u201cmini-trader global\u201d, pero no debe cruzar \u201cl\u00edneas rojas\u201d.<\/p>\n\n\n\n<p>No es problema, dijo De la Balze, proveer litio o cobre a China, pero s\u00ed involucrarse con ella en temas de seguridad o facilitamiento militar, construcci\u00f3n de puertos, sistemas de comunicaci\u00f3n y cables transoce\u00e1nicos.<\/p>\n\n\n\n<h2>Santa Cruz, en problemas<\/h2>\n\n\n\n<p>As\u00ed como el cobre concentra gran atenci\u00f3n, preocupa el corto horizonte de las operaciones activas de oro y plata, en particular en Santa Cruz, la principal exportadora de oro y plata del pa\u00eds. Si no se desarrollan nuevos proyectos y no se extiende la vida de las operaciones existentes, hacia 2030 la provincia patag\u00f3nica podr\u00eda perder uno de los principales sostenes de su econom\u00eda.<\/p>\n\n\n\n<p>La aparente angurria por regal\u00edas del entrante gobierno de Santa Cruz, a cargo de&nbsp;<strong>Claudio Vidal<\/strong>, secretario del sindicato de petroleros de la provincia y exaliado del kirchnerismo, que estaba agendado, pero no concurri\u00f3 al evento, fue parte de los corrillos. Un dirigente y empresario minero dijo a&nbsp;<strong>Infobae<\/strong>&nbsp;que el problema no es Vidal, sino uno de los funcionarios que design\u00f3 para el \u00e1rea.<\/p>\n\n\n\n<p><img decoding=\"async\" loading=\"lazy\" alt=\"Los datos sobre la producci\u00f3n de metales como el oro y la plata preocupan a diferentes representantes de sectores mineros (Cr\u00e9dito Composici\u00f3n Infobae\/Edwin Montesinos\/Andina)\" height=\"1080\" width=\"1920\" src=\"https:\/\/www.infobae.com\/new-resizer\/kEWh-StfKWmEy31bo1-jrKroEJU=\/420x236\/filters:format(webp):quality(85)\/cloudfront-us-east-1.images.arcpublishing.com\/infobae\/PE2AXQWVKZCMVJZHVSZIK3JULI.jpg%20420w\" srcset=\"https:\/\/www.infobae.com\/new-resizer\/kEWh-StfKWmEy31bo1-jrKroEJU=\/420x236\/filters:format(webp):quality(85)\/cloudfront-us-east-1.images.arcpublishing.com\/infobae\/PE2AXQWVKZCMVJZHVSZIK3JULI.jpg 420w,https:\/\/www.infobae.com\/new-resizer\/8wsgS3CxwMQKaNxLObAfrL0XzfQ=\/768x432\/filters:format(webp):quality(85)\/cloudfront-us-east-1.images.arcpublishing.com\/infobae\/PE2AXQWVKZCMVJZHVSZIK3JULI.jpg 768w,https:\/\/www.infobae.com\/new-resizer\/tFmrEpX5umO7yrxB17p1PHmC_yA=\/992x558\/filters:format(webp):quality(85)\/cloudfront-us-east-1.images.arcpublishing.com\/infobae\/PE2AXQWVKZCMVJZHVSZIK3JULI.jpg 992w,https:\/\/www.infobae.com\/new-resizer\/sKw2JmpK0gI47EiOCJCMgHme3JE=\/1200x675\/filters:format(webp):quality(85)\/cloudfront-us-east-1.images.arcpublishing.com\/infobae\/PE2AXQWVKZCMVJZHVSZIK3JULI.jpg 1200w,https:\/\/www.infobae.com\/new-resizer\/ED-0jiLaof4U7kpWZdO2WuAYH1o=\/1440x810\/filters:format(webp):quality(85)\/cloudfront-us-east-1.images.arcpublishing.com\/infobae\/PE2AXQWVKZCMVJZHVSZIK3JULI.jpg 1440w\">Los datos sobre la producci\u00f3n de metales como el oro y la plata preocupan a diferentes representantes de sectores mineros (Cr\u00e9dito Composici\u00f3n Infobae\/Edwin Montesinos\/Andina)<\/p>\n\n\n\n<p>Meding, de McEwen, dijo que pese a sus desventajas macroecon\u00f3micas, la miner\u00eda argentina es atractiva, porque en relaci\u00f3n a pa\u00edses como Chile y Per\u00fa tiene menos brechas sociales. Estas, dijo, son m\u00e1s dif\u00edciles de resolver.<\/p>\n\n\n\n<h2>Corredor bioce\u00e1nico<\/h2>\n\n\n\n<p><strong>Rolando D\u00e1vila<\/strong>, presidente de la C\u00e1mara Chileno-Argentina de Comercio, resalt\u00f3 a&nbsp;<strong>Infobae<\/strong>&nbsp;la decisi\u00f3n del presidente chileno,&nbsp;<strong>Gabriel Boric<\/strong>, de enviar nuevamente como embajador a Buenos Aires a&nbsp;<strong>Antonio Viera-Gallo<\/strong>, que ya ocup\u00f3 la legaci\u00f3n entre 2015 y 2018.<\/p>\n\n\n\n<p>Viera-Gallo asumir\u00e1 este martes con la idea de activar el proyecto del T\u00fanel de Agua Negra, entre San Juan y la regi\u00f3n y el puerto de Coquimbo, en Chile, que podr\u00eda darle a la producci\u00f3n local salida al Pac\u00edfico y, con otras inversiones, ser el extremo occidental de un \u201ccorredor bioce\u00e1nico\u201d de largo paso por territorio argentino y la otra punta en Porto Alegre (Brasil), sobre el Atl\u00e1ntico.<\/p>\n\n\n\n<p>El proyecto ya tiene el visto t\u00e9cnico y un cr\u00e9dito de USD 1.500 millones del Banco Interamericano de Desarrollo (BID). Es una obra clave para San Juan y para la Argentina y podr\u00eda contribuir al \u201cdesaf\u00edo\u201d que plante\u00f3 Roberto Cacciola: transformar tanto potencial en realidad.<\/p>\n\n\n\n<p>Fuente: Infobae<\/p>\n","protected":false},"excerpt":{"rendered":"<div class=\"mh-excerpt\"><p>Cerca de 2.000 empresarios, profesionales, proveedores y funcionarios ligados a la miner\u00eda se dieron cita en el encuentro anual Oro-Plata que cierra el a\u00f1o de eventos mineros y al que en su edici\u00f3n 17 se sum\u00f3 el Cobre, mineral que -m\u00e1s all\u00e1 del \u201cboom\u201d del litio- apunta a ser el principal fil\u00f3n de inversiones, empleo, producci\u00f3n y exportaci\u00f3n minera de la Argentina en los pr\u00f3ximos a\u00f1os. El pa\u00eds hoy cuenta con 8 proyectos cupr\u00edferos que hacia 2030 podr\u00edan aportar USD 10.000 millones de exportaciones anuales, proyect\u00f3&nbsp;Michael Meding, director de&nbsp;McEwen Copper&nbsp;y a cargo del emprendimiento \u201cLos Azules\u201d, de la canadiense&nbsp;McEwen Mining, <a class=\"mh-excerpt-more\" href=\"http:\/\/dsrmedios.com.ar\/diario\/archivos\/41954\" title=\"Miner\u00eda: por qu\u00e9 el cobre, y no el litio, es la principal promesa generadora de divisas de la Argentina\">[Leer m\u00e1s]<\/a><\/p>\n<\/div>","protected":false},"author":8,"featured_media":41958,"comment_status":"open","ping_status":"closed","sticky":false,"template":"","format":"standard","meta":{"_jetpack_newsletter_access":""},"categories":[6],"tags":[],"jetpack_featured_media_url":"http:\/\/dsrmedios.com.ar\/diario\/wp-content\/uploads\/2023\/12\/mineria.jpg","jetpack_sharing_enabled":true,"jetpack_shortlink":"https:\/\/wp.me\/p9fihK-aUG","_links":{"self":[{"href":"http:\/\/dsrmedios.com.ar\/diario\/wp-json\/wp\/v2\/posts\/41954"}],"collection":[{"href":"http:\/\/dsrmedios.com.ar\/diario\/wp-json\/wp\/v2\/posts"}],"about":[{"href":"http:\/\/dsrmedios.com.ar\/diario\/wp-json\/wp\/v2\/types\/post"}],"author":[{"embeddable":true,"href":"http:\/\/dsrmedios.com.ar\/diario\/wp-json\/wp\/v2\/users\/8"}],"replies":[{"embeddable":true,"href":"http:\/\/dsrmedios.com.ar\/diario\/wp-json\/wp\/v2\/comments?post=41954"}],"version-history":[{"count":1,"href":"http:\/\/dsrmedios.com.ar\/diario\/wp-json\/wp\/v2\/posts\/41954\/revisions"}],"predecessor-version":[{"id":41959,"href":"http:\/\/dsrmedios.com.ar\/diario\/wp-json\/wp\/v2\/posts\/41954\/revisions\/41959"}],"wp:featuredmedia":[{"embeddable":true,"href":"http:\/\/dsrmedios.com.ar\/diario\/wp-json\/wp\/v2\/media\/41958"}],"wp:attachment":[{"href":"http:\/\/dsrmedios.com.ar\/diario\/wp-json\/wp\/v2\/media?parent=41954"}],"wp:term":[{"taxonomy":"category","embeddable":true,"href":"http:\/\/dsrmedios.com.ar\/diario\/wp-json\/wp\/v2\/categories?post=41954"},{"taxonomy":"post_tag","embeddable":true,"href":"http:\/\/dsrmedios.com.ar\/diario\/wp-json\/wp\/v2\/tags?post=41954"}],"curies":[{"name":"wp","href":"https:\/\/api.w.org\/{rel}","templated":true}]}}