{"id":41780,"date":"2023-11-25T15:11:03","date_gmt":"2023-11-25T18:11:03","guid":{"rendered":"http:\/\/dsrmedios.com.ar\/diario\/?p=41780"},"modified":"2023-11-25T15:11:06","modified_gmt":"2023-11-25T18:11:06","slug":"alberto-fernandez-no-visitara-al-papa-francisco-en-roma-y-reprogramo-el-viaje-para-despues-del-10-de-diciembre","status":"publish","type":"post","link":"http:\/\/dsrmedios.com.ar\/diario\/archivos\/41780","title":{"rendered":"Alberto Fern\u00e1ndez no visitar\u00e1 al Papa Francisco en Roma y reprogram\u00f3 el viaje para despu\u00e9s del 10 de diciembre"},"content":{"rendered":"\n<p>A pesar de que hace tna s\u00f3lo dos d\u00edas se confirm\u00f3 que el presidente Alberto Fern\u00e1ndez&nbsp;<a rel=\"noreferrer noopener\" href=\"https:\/\/www.infobae.com\/politica\/2023\/11\/23\/el-papa-francisco-recibira-a-alberto-fernandez-en-roma-en-uno-de-sus-ultimos-viajes-oficiales\/\" target=\"_blank\">ten\u00eda planeado visitar al Papa Francisco en Roma antes de finalizar su mando<\/a>, hoy desde la oficina de la portavoz presidencial aseguraron que<strong>&nbsp;\u201cno viajar\u00e1 esta semana al Vaticano porque debe seguir adelante con las tareas que demanda la transici\u00f3n presidencial\u201d.<\/strong><\/p>\n\n\n\n<p>Seg\u00fan trascendi\u00f3, la visita al Sumo Pont\u00edfice&nbsp;<strong>se reprogramar\u00e1 para despu\u00e9s del 10 de diciembre,&nbsp;<\/strong>una vez que deje su cargo en la Casa Rosada. Desde el entorno del Jefe de Estado aseguran que&nbsp;<strong>se ir\u00eda a vivir a Espa\u00f1a.<\/strong><\/p>\n\n\n\n<p>El jueves 23, la confirmaci\u00f3n del viaje fue dada por Gabriela Cerruti en su cuenta de Twitter. \u201cEl presidente de la Naci\u00f3n, Dr.<a href=\"https:\/\/twitter.com\/alferdez\">&nbsp;@alferdez<\/a>, ser\u00e1 recibido por Su Santidad,<a href=\"https:\/\/twitter.com\/Pontifex\">&nbsp;@Pontifex<\/a>, en audiencia protocolar por el fin de mandato. La audiencia tendr\u00e1 lugar durante la \u00faltima semana de noviembre en el Palacio Apost\u00f3lico de la Ciudad del Vaticano\u201d, hab\u00eda escrito. Pero no podr\u00e1 ser.<\/p>\n\n\n\n<p><img decoding=\"async\" loading=\"lazy\" alt=\"Comunicado oficial de Presidencia sobre el viaje a Roma\" height=\"900\" width=\"634\" src=\"https:\/\/www.infobae.com\/new-resizer\/py9ITw2JAbalXy05LHRAB_QLjv4=\/420x560\/filters:format(webp):quality(85)\/cloudfront-us-east-1.images.arcpublishing.com\/infobae\/KTX4CLCY2VCUTMWWVCLIUULEKA.jpg%20420w\" srcset=\"https:\/\/www.infobae.com\/new-resizer\/py9ITw2JAbalXy05LHRAB_QLjv4=\/420x560\/filters:format(webp):quality(85)\/cloudfront-us-east-1.images.arcpublishing.com\/infobae\/KTX4CLCY2VCUTMWWVCLIUULEKA.jpg 420w,https:\/\/www.infobae.com\/new-resizer\/ZVaLMO-7AdIsmV66RfKnaKEJH9Y=\/768x1024\/filters:format(webp):quality(85)\/cloudfront-us-east-1.images.arcpublishing.com\/infobae\/KTX4CLCY2VCUTMWWVCLIUULEKA.jpg 768w,https:\/\/www.infobae.com\/new-resizer\/fjdhwJ-3NSH9aq48Gab8swdjzCM=\/992x1323\/filters:format(webp):quality(85)\/cloudfront-us-east-1.images.arcpublishing.com\/infobae\/KTX4CLCY2VCUTMWWVCLIUULEKA.jpg 992w,https:\/\/www.infobae.com\/new-resizer\/T46web7pqNaC1XEJkubUWcg3HcM=\/1200x1600\/filters:format(webp):quality(85)\/cloudfront-us-east-1.images.arcpublishing.com\/infobae\/KTX4CLCY2VCUTMWWVCLIUULEKA.jpg 1200w\">Comunicado oficial de Presidencia sobre el viaje a Roma<\/p>\n\n\n\n<p>El viaje hab\u00eda sido acordado hace un mes a trav\u00e9s de las gestiones del secretario de Culto,\u00a0<strong>Guillermo Olivieri<\/strong>, y la embajadora argentina en el Vaticano,\u00a0<strong>Fernanda Silva<\/strong>.<\/p>\n\n\n\n<p>La visita iba a concretarse en el Palacio Apost\u00f3lico y Fern\u00e1ndez ten\u00eda pensado ir con una comitiva muy reducida. La \u00faltima vez que estuvo con Francisco fue en mayo del 2021. Durante la gesti\u00f3n del Frente de Todos ambos mandatarios tuvieron una relaci\u00f3n fluida, diferente a la del Papa con el ex presidente Mauricio Macri.<\/p>\n\n\n\n<h2>C\u00f3mo fue la relaci\u00f3n del presidente con el Papa<\/h2>\n\n\n\n<p>La relaci\u00f3n entre el Jefe de Estado y el Sumo Pont\u00edfice estuvo marcada por algunas rispideces. La principal fue cuando el Jefe de Estado impuls\u00f3<strong>&nbsp;la ley del aborto<\/strong>&nbsp;y logr\u00f3 que se sancionara en el Congreso.<\/p>\n\n\n\n<p>A la Iglesia Cat\u00f3lica le cay\u00f3 muy mal la actitud de Fern\u00e1ndez de ponerse al frente de la gesti\u00f3n para asegurar los votos necesarios, y la decisi\u00f3n de avanzar con ese proyecto mientras los sacerdotes no daban abasto con la ayuda social en los barrios humildes, en un momento donde la pandemia hab\u00eda paralizado la econom\u00eda y alterado el sistema de salud.<\/p>\n\n\n\n<p><img decoding=\"async\" loading=\"lazy\" alt=\"El Presidente durante un encuentro con Francisco, en enero de 2020 \" height=\"1080\" width=\"1920\" src=\"https:\/\/www.infobae.com\/new-resizer\/bcj3AIJ8sQC4Kc-CJoDYWsML_IQ=\/420x236\/filters:format(webp):quality(85)\/cloudfront-us-east-1.images.arcpublishing.com\/infobae\/6HPH7O7ZSRAGRJQWW2PNCATJAY.jpg%20420w\" srcset=\"https:\/\/www.infobae.com\/new-resizer\/bcj3AIJ8sQC4Kc-CJoDYWsML_IQ=\/420x236\/filters:format(webp):quality(85)\/cloudfront-us-east-1.images.arcpublishing.com\/infobae\/6HPH7O7ZSRAGRJQWW2PNCATJAY.jpg 420w,https:\/\/www.infobae.com\/new-resizer\/BEoRR4WvwTe28Yyl4Gnka_u2FE8=\/768x432\/filters:format(webp):quality(85)\/cloudfront-us-east-1.images.arcpublishing.com\/infobae\/6HPH7O7ZSRAGRJQWW2PNCATJAY.jpg 768w,https:\/\/www.infobae.com\/new-resizer\/s03kbWbTstuW4jtn-epFlG_glEU=\/992x558\/filters:format(webp):quality(85)\/cloudfront-us-east-1.images.arcpublishing.com\/infobae\/6HPH7O7ZSRAGRJQWW2PNCATJAY.jpg 992w,https:\/\/www.infobae.com\/new-resizer\/mS5scPRERi8mPgNL_HJnZjP0Jyc=\/1200x675\/filters:format(webp):quality(85)\/cloudfront-us-east-1.images.arcpublishing.com\/infobae\/6HPH7O7ZSRAGRJQWW2PNCATJAY.jpg 1200w,https:\/\/www.infobae.com\/new-resizer\/l-ipbnIwrDUEI-iu4tlLcD6HDxo=\/1440x810\/filters:format(webp):quality(85)\/cloudfront-us-east-1.images.arcpublishing.com\/infobae\/6HPH7O7ZSRAGRJQWW2PNCATJAY.jpg 1440w\">El Presidente durante un encuentro con Francisco, en enero de 2020<\/p>\n\n\n\n<p>Durante el mandato del Frente de Todos, Fern\u00e1ndez y el Papa se vieron en tres oportunidades. La primera vez fue en enero del 2020, poco tiempo despu\u00e9s de que el Presidente comenzara la gesti\u00f3n; luego se vieron en el 2021 y la tercera ser\u00e1 a fin de mes, cuando se concrete el \u00faltimo encuentro en Roma.<\/p>\n\n\n\n<h2>Contacto entre el Papa y el presidente electo<\/h2>\n\n\n\n<p>En paralelo,\u00a0<a href=\"https:\/\/www.infobae.com\/politica\/2023\/11\/21\/el-papa-francisco-llamo-a-javier-milei-para-felicitarlo-por-su-victoria-en-el-balotaje\/\">el Papa ya entabl\u00f3 comunicaci\u00f3n con Javier Milei<\/a>, que se encuentra preparando su desembarco en el gobierno nacional. El di\u00e1logo se llev\u00f3 a cabo el martes, luego de que Francisco llamara al presidente electo para saludarlo por su victoria en el balotaje frente a Sergio Massa.<\/p>\n\n\n\n<p>En esa conversaci\u00f3n Milei ratific\u00f3 la invitaci\u00f3n para que el Pont\u00edfice visite la Argentina el pr\u00f3ximo a\u00f1o \u201ccomo jefe de Estado y l\u00edder de la Iglesia\u201d. El contacto se gest\u00f3 a trav\u00e9s de&nbsp;<strong>Fabio Bartucci<\/strong>, oftalm\u00f3logo del Papa y amigo del ex candidato a jefe de Gobierno de la Ciudad de Buenos Aires,&nbsp;<strong>Ramiro Marra<\/strong>, uno de los dirigentes m\u00e1s importantes de La Libertad Avanza (LLA).<\/p>\n\n\n\n<p>Seg\u00fan reconstruy\u00f3 Infobae, en ese di\u00e1logo Francisco le dijo a Milei que la salud, la educaci\u00f3n y la pobreza son temas muy importantes y el nuevo presidente le respondi\u00f3 que los cambios que tiene pensado hacer ser\u00e1 buenos para la poblaci\u00f3n. El mandatario electo asegur\u00f3 en las \u00faltimas horas que es necesario realizar un ajuste fiscal fuerte y reducir el gasto p\u00fablico para evitar una hiperinflaci\u00f3n.<\/p>\n\n\n\n<p>El Papa a\u00fan no defini\u00f3 si visitar\u00e1 la Argentina el a\u00f1o que viene, viajo que \u00e9l mismo dijo que estaba en agenda pero que no ten\u00eda una fecha cerrada. Seg\u00fan supo este medio, una opci\u00f3n es que viaje en marzo, aunque a\u00fan no hay definiciones. Adem\u00e1s, el Sumo Pont\u00edfice se encarg\u00f3 de desmentir notas period\u00edsticas que aseguraron que no vendr\u00eda al pa\u00eds si el presidente era Milei.<\/p>\n\n\n\n<p>Fuente: Infobae<\/p>\n","protected":false},"excerpt":{"rendered":"<div class=\"mh-excerpt\"><p>A pesar de que hace tna s\u00f3lo dos d\u00edas se confirm\u00f3 que el presidente Alberto Fern\u00e1ndez&nbsp;ten\u00eda planeado visitar al Papa Francisco en Roma antes de finalizar su mando, hoy desde la oficina de la portavoz presidencial aseguraron que&nbsp;\u201cno viajar\u00e1 esta semana al Vaticano porque debe seguir adelante con las tareas que demanda la transici\u00f3n presidencial\u201d. Seg\u00fan trascendi\u00f3, la visita al Sumo Pont\u00edfice&nbsp;se reprogramar\u00e1 para despu\u00e9s del 10 de diciembre,&nbsp;una vez que deje su cargo en la Casa Rosada. Desde el entorno del Jefe de Estado aseguran que&nbsp;se ir\u00eda a vivir a Espa\u00f1a. El jueves 23, la confirmaci\u00f3n del viaje fue <a class=\"mh-excerpt-more\" href=\"http:\/\/dsrmedios.com.ar\/diario\/archivos\/41780\" title=\"Alberto Fern\u00e1ndez no visitar\u00e1 al Papa Francisco en Roma y reprogram\u00f3 el viaje para despu\u00e9s del 10 de diciembre\">[Leer m\u00e1s]<\/a><\/p>\n<\/div>","protected":false},"author":8,"featured_media":23694,"comment_status":"open","ping_status":"closed","sticky":false,"template":"","format":"standard","meta":{"_jetpack_newsletter_access":""},"categories":[6],"tags":[],"jetpack_featured_media_url":"http:\/\/dsrmedios.com.ar\/diario\/wp-content\/uploads\/2021\/05\/papay-alberto.jpg","jetpack_sharing_enabled":true,"jetpack_shortlink":"https:\/\/wp.me\/p9fihK-aRS","_links":{"self":[{"href":"http:\/\/dsrmedios.com.ar\/diario\/wp-json\/wp\/v2\/posts\/41780"}],"collection":[{"href":"http:\/\/dsrmedios.com.ar\/diario\/wp-json\/wp\/v2\/posts"}],"about":[{"href":"http:\/\/dsrmedios.com.ar\/diario\/wp-json\/wp\/v2\/types\/post"}],"author":[{"embeddable":true,"href":"http:\/\/dsrmedios.com.ar\/diario\/wp-json\/wp\/v2\/users\/8"}],"replies":[{"embeddable":true,"href":"http:\/\/dsrmedios.com.ar\/diario\/wp-json\/wp\/v2\/comments?post=41780"}],"version-history":[{"count":1,"href":"http:\/\/dsrmedios.com.ar\/diario\/wp-json\/wp\/v2\/posts\/41780\/revisions"}],"predecessor-version":[{"id":41782,"href":"http:\/\/dsrmedios.com.ar\/diario\/wp-json\/wp\/v2\/posts\/41780\/revisions\/41782"}],"wp:featuredmedia":[{"embeddable":true,"href":"http:\/\/dsrmedios.com.ar\/diario\/wp-json\/wp\/v2\/media\/23694"}],"wp:attachment":[{"href":"http:\/\/dsrmedios.com.ar\/diario\/wp-json\/wp\/v2\/media?parent=41780"}],"wp:term":[{"taxonomy":"category","embeddable":true,"href":"http:\/\/dsrmedios.com.ar\/diario\/wp-json\/wp\/v2\/categories?post=41780"},{"taxonomy":"post_tag","embeddable":true,"href":"http:\/\/dsrmedios.com.ar\/diario\/wp-json\/wp\/v2\/tags?post=41780"}],"curies":[{"name":"wp","href":"https:\/\/api.w.org\/{rel}","templated":true}]}}