{"id":41774,"date":"2023-11-25T15:04:14","date_gmt":"2023-11-25T18:04:14","guid":{"rendered":"http:\/\/dsrmedios.com.ar\/diario\/?p=41774"},"modified":"2023-11-25T15:04:18","modified_gmt":"2023-11-25T18:04:18","slug":"javier-milei-rearma-su-gabinete-cinco-dias-de-marchas-y-contramarchas-que-dejaron-heridos-y-varias-dudas-abiertas","status":"publish","type":"post","link":"http:\/\/dsrmedios.com.ar\/diario\/archivos\/41774","title":{"rendered":"Javier Milei rearma su Gabinete: cinco d\u00edas de marchas y contramarchas que dejaron heridos y varias dudas abiertas"},"content":{"rendered":"\n<p>Las primeras decisiones de&nbsp;<strong>Javier Milei&nbsp;<\/strong>como presidente electo sobre el nuevo gobierno dejaron varios heridos -tanto en<strong>&nbsp;La Libertad Avanza&nbsp;<\/strong>como en el&nbsp;<strong>Pro-,&nbsp;<\/strong>varias&nbsp;<strong>confirmaciones en estado gaseoso,&nbsp;<\/strong>y muchas dudas. Son varios los casilleros que est\u00e1n vacantes, e incluso algunos nombres que fueron corroborados pueden estar sujetos a cambios, sean de los propios dirigentes libertarios, como de sus aliados de Pro y del peronismo cordob\u00e9s.<\/p>\n\n\n\n<p>En un momento de extrema volatilidad por el armado de la nueva administraci\u00f3n, los libertarios demostraron que las determinaciones del propio Milei en primera persona, as\u00ed como las confirmaciones de sus principales colaboradores pueden cambiar de un d\u00eda para otro, seg\u00fan el rumbo de las negociaciones y presiones, internas como de sus socios de otras fuerzas pol\u00edticas. Todo indica que<strong>&nbsp;reinar\u00e1 la incertidumbre hasta tanto las designaciones est\u00e9n oficializadas.<\/strong><\/p>\n\n\n\n<p>Los casos emblem\u00e1ticos de cambios sobre la marcha, durante la primera semana. fueron los de&nbsp;<strong>Emilio Ocampo y Carolina P\u00edparo.&nbsp;<\/strong>El experto en finanzas hab\u00eda sido confirmado como titular del&nbsp;<strong>Banco Central&nbsp;<\/strong>desde hace meses, pero termin\u00f3 abandonando el barco a d\u00edas del triunfo de LLA, al que hab\u00eda contribuido con su plan de cambio de moneda para bajar la inflaci\u00f3n.&nbsp;<strong>\u201c\u00c9l era el autor del mejor proyecto de dolarizaci\u00f3n que ten\u00edamos, entre cinco. Bueno, lleg\u00f3 un sexto que era mejor y qued\u00f3 afuera\u201d,&nbsp;<\/strong>resumieron en la c\u00fapula libertaria, en referencia a la propuesta de&nbsp;<strong>Luis \u201cToto\u201d Caputo,&nbsp;<\/strong>n\u00famero puesto para liderar Econom\u00eda. Su propuesta para desarmar la \u201cbola de leliq\u201d habr\u00eda sido superadora para Milei, contaron. Y para liderar el BCRA, en lugar de Ocampo surgi\u00f3 la figura del f\u00edsico y economista&nbsp;<strong>Demi\u00e1n Reidel,&nbsp;<\/strong>aunque&nbsp;<strong>ayer por la tarde dos importantes alfiles libertarios lo pusieron en duda, y Milei evit\u00f3 nombrarlo hasta el momento.<\/strong><\/p>\n\n\n\n<p>La otra designaci\u00f3n fallida fue la de la diputada nacional y ex candidata bonaerense,&nbsp;<strong>Carolina P\u00edparo,&nbsp;<\/strong>que hab\u00eda sido confirmada como titular de&nbsp;<strong>Anses&nbsp;<\/strong>el lunes y qued\u00f3 afuera dos d\u00edas despu\u00e9s, seg\u00fan dijeron los libertarios, por falta de idoneidad. Era resistida particularmente por&nbsp;<strong>Sandra Pettovello,&nbsp;<\/strong>la futura ministra de Capital Humano, que viene encarg\u00e1ndose de armar equipos t\u00e9cnicos para la supercartera que contendr\u00e1 Educaci\u00f3n, Trabajo, Desarrollo Social y Salud, y estaba en desacuerdo con que alguien sin experiencia se ocupara del tema previsional. En su lugar ir\u00eda el cordob\u00e9s&nbsp;<strong>Osvaldo Giordano,&nbsp;<\/strong>actual titular de Finanzas del gobierno de&nbsp;<strong>Juan Schiaretti,&nbsp;<\/strong>un nombramiento basado en el argumento de la pericia, pero que algunos vieron como una forma de incorporar al Gobierno al peronismo disidente.<\/p>\n\n\n\n<p><img decoding=\"async\" loading=\"lazy\" alt=\"Francos es uno de los dirigentes de Milei que est\u00e1 firme en el pr\u00f3ximo Gabinete (Maximiliano Luna)\" height=\"1080\" width=\"1920\" src=\"https:\/\/www.infobae.com\/new-resizer\/6co0XGA3AhvrX0UDHfPF-E0R0m8=\/420x236\/filters:format(webp):quality(85)\/cloudfront-us-east-1.images.arcpublishing.com\/infobae\/LTKSRPZ2HVEMDMS4TBKZMV664U.jpg%20420w\" srcset=\"https:\/\/www.infobae.com\/new-resizer\/6co0XGA3AhvrX0UDHfPF-E0R0m8=\/420x236\/filters:format(webp):quality(85)\/cloudfront-us-east-1.images.arcpublishing.com\/infobae\/LTKSRPZ2HVEMDMS4TBKZMV664U.jpg 420w,https:\/\/www.infobae.com\/new-resizer\/0g-SBPY_E8tczado0B1xRrGdY5w=\/768x432\/filters:format(webp):quality(85)\/cloudfront-us-east-1.images.arcpublishing.com\/infobae\/LTKSRPZ2HVEMDMS4TBKZMV664U.jpg 768w,https:\/\/www.infobae.com\/new-resizer\/FmCtQcHww0s05yw1vN5-jlwEfK4=\/992x558\/filters:format(webp):quality(85)\/cloudfront-us-east-1.images.arcpublishing.com\/infobae\/LTKSRPZ2HVEMDMS4TBKZMV664U.jpg 992w,https:\/\/www.infobae.com\/new-resizer\/-7deTkGA_C7F6UxJb61h6BcV5pk=\/1200x675\/filters:format(webp):quality(85)\/cloudfront-us-east-1.images.arcpublishing.com\/infobae\/LTKSRPZ2HVEMDMS4TBKZMV664U.jpg 1200w,https:\/\/www.infobae.com\/new-resizer\/PM6BHWxu8VjMbOHEUVc2z1yXcH8=\/1440x810\/filters:format(webp):quality(85)\/cloudfront-us-east-1.images.arcpublishing.com\/infobae\/LTKSRPZ2HVEMDMS4TBKZMV664U.jpg 1440w\">Francos es uno de los dirigentes de Milei que est\u00e1 firme en el pr\u00f3ximo Gabinete (Maximiliano Luna)<\/p>\n\n\n\n<p>En el integraci\u00f3n del peronismo tuvo fuerte intervenci\u00f3n\u00a0<strong>Guillermo Francos,\u00a0<\/strong>futuro titular de\u00a0<strong>Interior,\u00a0<\/strong>que se encuentra en pleno armado de su equipo, donde ya est\u00e1 decidido que nombrar\u00e1 como viceministro a su asesor hist\u00f3rico,\u00a0<strong>Lisandro Catal\u00e1n,\u00a0<\/strong>y donde, dicen,<strong>\u00a0habr\u00e1 lugar para referentes de otras fuerzas pol\u00edticas.\u00a0<\/strong>Sin embargo, los rumores sobre la incorporaci\u00f3n de\u00a0<strong>Sebasti\u00e1n Garc\u00eda de Luca,\u00a0<\/strong>ex funcionario de Rogelio Frigerio, que sonaba para ocupar una de las primeras l\u00edneas de la cartera, fueron negados de forma tajante y no tendr\u00eda posibilidad de sumarse.<\/p>\n\n\n\n<p>Justamente&nbsp;<strong>la llegada de los cordobeses que propici\u00f3 Milei complic\u00f3 la relaci\u00f3n con el Pro,&nbsp;<\/strong>despu\u00e9s de los entredichos que ya se hab\u00edan generado durante el operativo de fiscalizaci\u00f3n para la segunda vuelta. Los libertarios decidieron&nbsp;<strong>equilibrar el reparto de cargos,&nbsp;<\/strong>para evitar darle un protagonismo desmedido a los amarillos y perder poder en el gobierno antes de empezar.<\/p>\n\n\n\n<p>As\u00ed fue que, despu\u00e9s de la mini luna de miel inicial con&nbsp;<strong>Mauricio Macri&nbsp;<\/strong>desde las Generales, a pesar de los rumores de que se estaba perfilando un co-gobierno, el ex presidente parti\u00f3 a Dubai sin que se hubiera confirmado ning\u00fan lugar para los propios. Incluso est\u00e1 en duda que Milei vaya a otorgarle la Presidencia de la C\u00e1mara de Diputados al amarillo&nbsp;<strong>Cristian Ritondo, como se esperaba.&nbsp;<\/strong>Se la entregar\u00eda, en cambio, a&nbsp;<strong>Florencio Randazzo,&nbsp;<\/strong>ex ministro del Interior y Transporte de Cristina Kirchner, que se alej\u00f3 del kirchnerismo en 2015 y hace a\u00f1os milita en las filas opositoras al Gobierno dentro del esquema del peronismo, junto a Schiaretti (de hecho, fue su candidato a vice en la f\u00f3rmula de Hacemos por C\u00f3rdoba).<\/p>\n\n\n\n<p>En el entorno del fundador de Pro segu\u00edan diciendo que no buscaba ning\u00fan cargo, y se desligaron del desembarco -eventual- de \u201cToto\u201d Caputo, su ex secretario de Finanzas. \u201cFue gesti\u00f3n de \u00e9l con Javier\u201d, dijeron. Lo mismo aduc\u00edan en el caso de Patricia Bullrich. \u201cHay que preguntarle a ella qu\u00e9 arregl\u00f3\u201d, se desligaron cerca del ex mandatario.<\/p>\n\n\n\n<p><img decoding=\"async\" loading=\"lazy\" alt=\"De bajo perfil, Pettovelo, encargada de Capital Humano, resist\u00eda a Carolina P\u00edparo en Anses (Maximiliano Luna)\" height=\"1080\" width=\"1920\" src=\"https:\/\/www.infobae.com\/new-resizer\/yfEMPALJ7g2cKLIMgkQ8aNohGhc=\/420x236\/filters:format(webp):quality(85)\/cloudfront-us-east-1.images.arcpublishing.com\/infobae\/MI6KFKSNLBHPRBKLQ6S5J5UT74.jpg%20420w\" srcset=\"https:\/\/www.infobae.com\/new-resizer\/yfEMPALJ7g2cKLIMgkQ8aNohGhc=\/420x236\/filters:format(webp):quality(85)\/cloudfront-us-east-1.images.arcpublishing.com\/infobae\/MI6KFKSNLBHPRBKLQ6S5J5UT74.jpg 420w,https:\/\/www.infobae.com\/new-resizer\/dSPlDZA1-2O0YCjruIWBX1o2VtI=\/768x432\/filters:format(webp):quality(85)\/cloudfront-us-east-1.images.arcpublishing.com\/infobae\/MI6KFKSNLBHPRBKLQ6S5J5UT74.jpg 768w,https:\/\/www.infobae.com\/new-resizer\/pr5cRcJlrcgufbFw6MY8ueWIAlA=\/992x558\/filters:format(webp):quality(85)\/cloudfront-us-east-1.images.arcpublishing.com\/infobae\/MI6KFKSNLBHPRBKLQ6S5J5UT74.jpg 992w,https:\/\/www.infobae.com\/new-resizer\/Ekx814crRuvOXlg8nTTewoImYBs=\/1200x675\/filters:format(webp):quality(85)\/cloudfront-us-east-1.images.arcpublishing.com\/infobae\/MI6KFKSNLBHPRBKLQ6S5J5UT74.jpg 1200w,https:\/\/www.infobae.com\/new-resizer\/S_Uf6_O6yAjjxrk2KCjc1xHkKv4=\/1440x810\/filters:format(webp):quality(85)\/cloudfront-us-east-1.images.arcpublishing.com\/infobae\/MI6KFKSNLBHPRBKLQ6S5J5UT74.jpg 1440w\">De bajo perfil, Pettovelo, encargada de Capital Humano, resist\u00eda a Carolina P\u00edparo en Anses (Maximiliano Luna)<\/p>\n\n\n\n<p>Sin embargo, altas fuentes del mundo libertario aseguraron que el ex mandatario presion\u00f3 para quedarse con lugares de relevancia en la nueva administraci\u00f3n. Y admitieron que les dieron poco espacio adrede.\u00a0<strong>\u201cMassa nos ayud\u00f3 a armarnos, Mauricio a ganar el balotaje, y ahora el Gringo nos va a ayudar a gobernar\u201d,\u00a0<\/strong>confes\u00f3 un importante dirigente del anillo de confianza de Milei. De todas formas, aseguran que la relaci\u00f3n qued\u00f3 \u201cmuy bien\u201d.\u00a0<strong>\u201cMauricio entiende c\u00f3mo es esto, es pol\u00edtica\u201d,\u00a0<\/strong>agregaron desde el hotel Libertador, donde Milei lleva a cabo las negociaciones con intervenci\u00f3n, seg\u00fan el caso, de su hermana Karina, Nicol\u00e1s Posse y Guillermo Francos.<\/p>\n\n\n\n<p>Con todo, a\u00fan los nombres de los ex funcionarios del gobierno de Macri que fueron confirmados en LLA no est\u00e1n totalmente firmes. La propia Patricia Bullrich no explicit\u00f3 formalmente que se har\u00e1 cargo de Seguridad en el gobierno libertario. Aunque fuentes oficiales de primer rango del nuevo gobierno dijeron, desde el jueves por la tarde y con todas las letras, que su asunci\u00f3n al frente de Seguridad est\u00e1 cerrada.<\/p>\n\n\n\n<p>El tema de Seguridad, en particular, gener\u00f3 roces tanto en el Pro como en LLA. En el caso de Macri, porque no fue consultado sobre el pacto para hacerse cargo de Seguridad. Y en el de&nbsp;<strong>Victoria Villarruel,&nbsp;<\/strong>porque Milei no cumpli\u00f3 la promesa, sostenida durante toda la campa\u00f1a, de que a la hora de armar el esquema de gobierno ella podr\u00eda designar a los titulares de Seguridad, Defensa y Justicia.<\/p>\n\n\n\n<p>Si el nombramiento de Bullrich se confirma -por ahora Milei no lo dijo p\u00fablicamente ni lo comunic\u00f3 en la cuenta oficial de la Oficina del Presidente Electo en X-, y&nbsp;<strong>Mariano C\u00faneo Libarona&nbsp;<\/strong>toma la posta en Justicia, a la vicepresidenta electa s\u00f3lo le quedar\u00eda Defensa. Y en las \u00faltimas horas empez\u00f3 a circular el rumor de que podr\u00eda hacerse de ese lugar ex postulante a vice de Juntos por el Cambio,&nbsp;<strong>Luis Petri.&nbsp;<\/strong>En el entorno de Milei estaban al tanto de que estas designaciones provocar\u00edan cortocircuitos con la abogada, a quien el candidato de LLA conoci\u00f3 en Twitter durante el debate por el aborto en 2018.&nbsp;<strong>\u201cEst\u00e1 enojada, es cierto. Pero todos ganamos y perdemos. Esto es pol\u00edtica. Ella lo entiende\u201d, dijeron.<\/strong><\/p>\n\n\n\n<p><img decoding=\"async\" loading=\"lazy\" alt=\"Villarruel se reuni\u00f3 con Cristina Kirchner, y luego marc\u00f3 la cancha al reunirse con los jefes de las fuerzas de seguridad tras el supuesto nombramiento de Bullrich (Gustavo Gavotti)\" height=\"1080\" width=\"1920\" src=\"https:\/\/www.infobae.com\/new-resizer\/bYJx9CFoTYoq2ZTG9ktU8kaGu_c=\/420x236\/filters:format(webp):quality(85)\/cloudfront-us-east-1.images.arcpublishing.com\/infobae\/HBNPG6S7CJCCHELRMFPIMGWYHE.JPG%20420w\" srcset=\"https:\/\/www.infobae.com\/new-resizer\/bYJx9CFoTYoq2ZTG9ktU8kaGu_c=\/420x236\/filters:format(webp):quality(85)\/cloudfront-us-east-1.images.arcpublishing.com\/infobae\/HBNPG6S7CJCCHELRMFPIMGWYHE.JPG 420w,https:\/\/www.infobae.com\/new-resizer\/vaQqj1Dma4ViokBzy3tLgmuZEfc=\/768x432\/filters:format(webp):quality(85)\/cloudfront-us-east-1.images.arcpublishing.com\/infobae\/HBNPG6S7CJCCHELRMFPIMGWYHE.JPG 768w,https:\/\/www.infobae.com\/new-resizer\/6iDu5ShrBsHq1PcsZzNZX1kObTs=\/992x558\/filters:format(webp):quality(85)\/cloudfront-us-east-1.images.arcpublishing.com\/infobae\/HBNPG6S7CJCCHELRMFPIMGWYHE.JPG 992w,https:\/\/www.infobae.com\/new-resizer\/hzNd3O7mBchcDz76xHtWLftKeJw=\/1200x675\/filters:format(webp):quality(85)\/cloudfront-us-east-1.images.arcpublishing.com\/infobae\/HBNPG6S7CJCCHELRMFPIMGWYHE.JPG 1200w,https:\/\/www.infobae.com\/new-resizer\/mwtEDiviZHGmYZxLVRiBxrp8CVg=\/1440x810\/filters:format(webp):quality(85)\/cloudfront-us-east-1.images.arcpublishing.com\/infobae\/HBNPG6S7CJCCHELRMFPIMGWYHE.JPG 1440w\">Villarruel se reuni\u00f3 con Cristina Kirchner, y luego marc\u00f3 la cancha al reunirse con los jefes de las fuerzas de seguridad tras el supuesto nombramiento de Bullrich (Gustavo Gavotti)<\/p>\n\n\n\n<p>Villarruel dio una fuerte se\u00f1al sobre su descontento, y&nbsp;<strong>sali\u00f3 a marcar la cancha ayer al realizar una recorrida formal por las sedes principales de las fuerzas.&nbsp;<\/strong>Estuvo con los jefes, y despu\u00e9s visit\u00f3 el Edificio Centinela de la Gendarmer\u00eda, previo aviso a los medios, que la filmaron al llegar. En su entorno evitaron hacer comentarios, pero con esos gestos las palabras sobran.<\/p>\n\n\n\n<p>La titular del Centro de Estudios Legales sobre el Terrorismo y sus V\u00edctimas (Celtyv) hab\u00eda intentado acercar posiciones con Bullrich despu\u00e9s de su primera reacci\u00f3n adversa al pacto con el Pro, sobre el que no le hab\u00edan informado, despu\u00e9s de las Generales. En plena carrera proselitista sali\u00f3 de recorrida con la ex titular de la f\u00f3rmula rival, y se sac\u00f3 fotos con ella. Sin embargo, tras el \u00faltimo rev\u00e9s que sufri\u00f3 a instancias de su propio l\u00edder no est\u00e1 claro c\u00f3mo continuar\u00e1 la relaci\u00f3n entre ambas despu\u00e9s del 10 de diciembre.<\/p>\n\n\n\n<p>Por otro lado, el dise\u00f1o del Gabinete probablemente presente cambios, entre fusiones y traslados de Secretar\u00edas. Es una posibilidad que Turismo pase a la \u00f3rbita Francos, en Interior. Y en los \u00faltimos d\u00edas, Milei hab\u00eda evaluado que la cartera pol\u00edtica absorbiera, tambi\u00e9n, a Seguridad, pero, por ahora, esta opci\u00f3n habr\u00eda sido descartada.<\/p>\n\n\n\n<p>Los cargos econ\u00f3micos son un cap\u00edtulo aparte. Milei no public\u00f3 en sus redes oficiales ninguno de los nombres que circularon como pr\u00e1cticamente firmes ayer, desde su entorno y el de Pro y Schiaretti, y se imponen las dudas sobre los nombramientos que trascendieron.<\/p>\n\n\n\n<p>Hasta el viernes por la tarde segu\u00eda s\u00f3lida la posibilidad de que ex presidente del Banco Central de Macri, Caputo, encabezar\u00e1 Hacienda. Anteayer se reuni\u00f3 con el futuro jefe de Gabinete,&nbsp;<strong>Nicol\u00e1s Posse<\/strong>, en el hotel Four Seasons. Y al d\u00eda siguiente convoc\u00f3 en La Rural a los banqueros de la Asociaci\u00f3n de Bancos Argentinos (Adeba) para transmitirles seguridad con respecto a los pasivos remunerados del Banco Central. Ambos encuentros se gestaron en secreto, y sus resultados se mantuvieron bajo estricto hermetismo. Y ex funcionario, admitieron los libertarios, todav\u00eda no acept\u00f3 la propuesta de Milei para sumarse a sus filas a cargo de, quiz\u00e1, la cartera m\u00e1s explosiva en la crisis. Seg\u00fan dejaron saber, duda por motivos personales.<\/p>\n\n\n\n<p><img decoding=\"async\" loading=\"lazy\" alt=\"Antes del 10 de diciembre, Milei debe terminar de confirmar los nombres para su futuro Gabinete y designar en los puestos vacantes\" height=\"1375\" width=\"2062\" src=\"https:\/\/www.infobae.com\/new-resizer\/uHK85lIZkde4L-ODbiCsveWKR6g=\/420x280\/filters:format(webp):quality(85)\/cloudfront-us-east-1.images.arcpublishing.com\/infobae\/SDYR6EDMR2HAPZTRBYDCOQVCVQ.jpg%20420w\" srcset=\"https:\/\/www.infobae.com\/new-resizer\/uHK85lIZkde4L-ODbiCsveWKR6g=\/420x280\/filters:format(webp):quality(85)\/cloudfront-us-east-1.images.arcpublishing.com\/infobae\/SDYR6EDMR2HAPZTRBYDCOQVCVQ.jpg 420w,https:\/\/www.infobae.com\/new-resizer\/ffPXzIvCuC8LYGdVqGncm2B_wMg=\/768x512\/filters:format(webp):quality(85)\/cloudfront-us-east-1.images.arcpublishing.com\/infobae\/SDYR6EDMR2HAPZTRBYDCOQVCVQ.jpg 768w,https:\/\/www.infobae.com\/new-resizer\/6bBzC3awRYef4o3uC3ovy0MgDtU=\/992x661\/filters:format(webp):quality(85)\/cloudfront-us-east-1.images.arcpublishing.com\/infobae\/SDYR6EDMR2HAPZTRBYDCOQVCVQ.jpg 992w,https:\/\/www.infobae.com\/new-resizer\/lVBTwYJ-513v5orrcW33e_qqbS8=\/1200x800\/filters:format(webp):quality(85)\/cloudfront-us-east-1.images.arcpublishing.com\/infobae\/SDYR6EDMR2HAPZTRBYDCOQVCVQ.jpg 1200w,https:\/\/www.infobae.com\/new-resizer\/rE5KQ-7vMDPhobWBF82Q7jFZY8E=\/1440x960\/filters:format(webp):quality(85)\/cloudfront-us-east-1.images.arcpublishing.com\/infobae\/SDYR6EDMR2HAPZTRBYDCOQVCVQ.jpg 1440w\">Antes del 10 de diciembre, Milei debe terminar de confirmar los nombres para su futuro Gabinete y designar en los puestos vacantes<\/p>\n\n\n\n<p>Por ahora est\u00e1n fuertes en el futuro Gabinete&nbsp;<strong>Guillermo Ferraro&nbsp;<\/strong>en Infraestructura;&nbsp;<strong>Pettovello&nbsp;<\/strong>en Capital Humano;&nbsp;<strong>Diana Mondino&nbsp;<\/strong>en Relaciones Exteriores;&nbsp;<strong>Francos&nbsp;<\/strong>en Interior;&nbsp;<strong>C\u00faneo Libarona&nbsp;<\/strong>en Justicia;&nbsp;<strong>Pablo de la Torre,&nbsp;<\/strong>hermano del intendente de San Miguel, Joaqu\u00edn, en la Secretar\u00eda de Desarrollo Social;&nbsp;<strong>Horacio Mar\u00edn&nbsp;<\/strong>en YPF; y&nbsp;<strong>Eduardo Rodr\u00edguez Chirrillo&nbsp;<\/strong>en la Secretar\u00eda de Energ\u00eda.<\/p>\n\n\n\n<p>Pero muchos puestos clave siguen vacantes. Mart\u00edn Krause no ir\u00e1 finalmente a Educaci\u00f3n, explicaron, porque su perfil es demasiado t\u00e9cnico (,aunque los libertarios admiten que incidi\u00f3 en su corrimiento el ruido que hicieron sus pol\u00e9micas declaraciones sobre el Holocausto durante la campa\u00f1a). As\u00ed que a\u00fan no se conoce qui\u00e9n se har\u00e1 cargo de las pol\u00edticas educativas. Lo mismo ocurre con otras \u00e1reas extremadamente sensibles:&nbsp;<strong>Salud, y en particular, el PAMI.&nbsp;<\/strong>Y si bien Leonardo Cifelli, productor teatral, ir\u00e1 a Cultura, a\u00fan no se inform\u00f3 bajo qu\u00e9 ministerio funcionar\u00eda. S\u00ed se confirm\u00f3 que ser\u00e1 rebajada al rango de secretar\u00eda.<\/p>\n\n\n\n<p>Tampoco se conoce qui\u00e9n ser\u00eda el futuro titular de&nbsp;<strong>Administraci\u00f3n Federal de Ingresos P\u00fablicos (AFIP),&nbsp;<\/strong>ni de la&nbsp;<strong>Agencia Federal de Inteligencia (AFI).&nbsp;<\/strong>Ni est\u00e1 claro a qui\u00e9nes designar\u00eda Ferraro en&nbsp;<strong>Transporte<\/strong>&nbsp;(aunque suena fuerte el schiarettista Franco Mogetta); en&nbsp;<strong>Obras P\u00fablicas;&nbsp;<\/strong>en&nbsp;<strong>Miner\u00eda&nbsp;<\/strong>y en&nbsp;<strong>Comunicaciones,&nbsp;<\/strong>las enormes \u00e1reas que funcionar\u00edan bajo el super ministerio de Infraestructura. Y es un misterio la persona que se har\u00eda cargo de los&nbsp;<strong>Medios P\u00fablicos&nbsp;<\/strong>y de la&nbsp;<strong>Secretar\u00eda de Comunicaci\u00f3n&nbsp;<\/strong>o la&nbsp;<strong>Oficina del Portavoz.<\/strong><\/p>\n\n\n\n<p>La\u00a0<strong>jefatura de Gabinete de Asesores,\u00a0<\/strong>la\u00a0<strong>Secretar\u00eda de Legal y T\u00e9cnica,\u00a0<\/strong>y la General, tres \u00e1reas que tienen oficinas en la Casa Rosada -al igual que Interior y la Jefatura de Gabinete- tampoco tienen nombres firmes. Es posible que el \u00e1rea jur\u00eddica sea conducida por el abogado y apoderado de LLA, Santiago Viola. Y que el sector de coordinaci\u00f3n presidencial quede en manos de la hermana de Milei, Karina. Por ahora, tanto ella como el estratega en comunicaci\u00f3n,\u00a0<strong>Santiago Caputo,<\/strong>\u00a0que acompa\u00f1a a diario al presidente electo, no decidieron si ocupar\u00e1n un cargo formalmente o trabajar\u00e1n con \u00e9l por fuera de la estructura formal del gobierno. Milei tiene 15 d\u00edas para decidir el resto del organigrama y las figuras que se har\u00e1n cargo, al menos al principio, de cada \u00e1rea.<\/p>\n\n\n\n<p>FUENTE: INFOBAE<\/p>\n","protected":false},"excerpt":{"rendered":"<div class=\"mh-excerpt\"><p>Las primeras decisiones de&nbsp;Javier Milei&nbsp;como presidente electo sobre el nuevo gobierno dejaron varios heridos -tanto en&nbsp;La Libertad Avanza&nbsp;como en el&nbsp;Pro-,&nbsp;varias&nbsp;confirmaciones en estado gaseoso,&nbsp;y muchas dudas. Son varios los casilleros que est\u00e1n vacantes, e incluso algunos nombres que fueron corroborados pueden estar sujetos a cambios, sean de los propios dirigentes libertarios, como de sus aliados de Pro y del peronismo cordob\u00e9s. En un momento de extrema volatilidad por el armado de la nueva administraci\u00f3n, los libertarios demostraron que las determinaciones del propio Milei en primera persona, as\u00ed como las confirmaciones de sus principales colaboradores pueden cambiar de un d\u00eda para otro, <a class=\"mh-excerpt-more\" href=\"http:\/\/dsrmedios.com.ar\/diario\/archivos\/41774\" title=\"Javier Milei rearma su Gabinete: cinco d\u00edas de marchas y contramarchas que dejaron heridos y varias dudas abiertas\">[Leer m\u00e1s]<\/a><\/p>\n<\/div>","protected":false},"author":8,"featured_media":32666,"comment_status":"open","ping_status":"closed","sticky":false,"template":"","format":"standard","meta":{"_jetpack_newsletter_access":""},"categories":[6],"tags":[],"jetpack_featured_media_url":"http:\/\/dsrmedios.com.ar\/diario\/wp-content\/uploads\/2023\/05\/javier-milei.webp","jetpack_sharing_enabled":true,"jetpack_shortlink":"https:\/\/wp.me\/p9fihK-aRM","_links":{"self":[{"href":"http:\/\/dsrmedios.com.ar\/diario\/wp-json\/wp\/v2\/posts\/41774"}],"collection":[{"href":"http:\/\/dsrmedios.com.ar\/diario\/wp-json\/wp\/v2\/posts"}],"about":[{"href":"http:\/\/dsrmedios.com.ar\/diario\/wp-json\/wp\/v2\/types\/post"}],"author":[{"embeddable":true,"href":"http:\/\/dsrmedios.com.ar\/diario\/wp-json\/wp\/v2\/users\/8"}],"replies":[{"embeddable":true,"href":"http:\/\/dsrmedios.com.ar\/diario\/wp-json\/wp\/v2\/comments?post=41774"}],"version-history":[{"count":1,"href":"http:\/\/dsrmedios.com.ar\/diario\/wp-json\/wp\/v2\/posts\/41774\/revisions"}],"predecessor-version":[{"id":41775,"href":"http:\/\/dsrmedios.com.ar\/diario\/wp-json\/wp\/v2\/posts\/41774\/revisions\/41775"}],"wp:featuredmedia":[{"embeddable":true,"href":"http:\/\/dsrmedios.com.ar\/diario\/wp-json\/wp\/v2\/media\/32666"}],"wp:attachment":[{"href":"http:\/\/dsrmedios.com.ar\/diario\/wp-json\/wp\/v2\/media?parent=41774"}],"wp:term":[{"taxonomy":"category","embeddable":true,"href":"http:\/\/dsrmedios.com.ar\/diario\/wp-json\/wp\/v2\/categories?post=41774"},{"taxonomy":"post_tag","embeddable":true,"href":"http:\/\/dsrmedios.com.ar\/diario\/wp-json\/wp\/v2\/tags?post=41774"}],"curies":[{"name":"wp","href":"https:\/\/api.w.org\/{rel}","templated":true}]}}