{"id":41591,"date":"2023-11-20T14:38:45","date_gmt":"2023-11-20T17:38:45","guid":{"rendered":"http:\/\/dsrmedios.com.ar\/diario\/?p=41591"},"modified":"2023-11-20T14:38:48","modified_gmt":"2023-11-20T17:38:48","slug":"las-tres-desafios-economicos-que-enfrentara-javier-milei-tras-ganar-las-elecciones","status":"publish","type":"post","link":"http:\/\/dsrmedios.com.ar\/diario\/archivos\/41591","title":{"rendered":"Las tres desaf\u00edos econ\u00f3micos que enfrentar\u00e1 Javier Milei tras ganar las elecciones"},"content":{"rendered":"\n<p>Tras el resultado del balotaje, Javier Milei ser\u00e1 el nuevo presidente de la Argentina.&nbsp;<strong>Asumir\u00e1 el 10 de diciembre<\/strong>, pero es probable que en los pr\u00f3ximos d\u00edas ya empiece a hacer anuncios con respecto a c\u00f3mo planea encarar la&nbsp;<strong>resoluci\u00f3n de los problemas econ\u00f3micos<\/strong>&nbsp;de la Argentina.<\/p>\n\n\n\n<p>Ya despejado el extenso calendario electoral, las\u00a0<strong>urgencias de la econom\u00eda<\/strong>\u00a0vuelven a surgir: el\u00a0<a rel=\"noreferrer noopener\" href=\"https:\/\/tn.com.ar\/economia\/2023\/11\/18\/dolar-salarios-e-inflacion-como-llegan-al-balotaje-las-7-variables-que-afectan-al-bolsillo\/\" target=\"_blank\"><strong>d\u00f3lar<\/strong><\/a>\u00a0y la\u00a0<a rel=\"noreferrer noopener\" href=\"https:\/\/tn.com.ar\/economia\/2023\/11\/18\/los-principales-gastos-que-los-argentinos-preven-recortar-tras-el-balotaje\/\" target=\"_blank\"><strong>inflaci\u00f3n<\/strong><\/a>\u00a0encabezan la lista de preocupaciones. Y los economistas explican que, m\u00e1s all\u00e1 del cambio de nombres, ninguno de esos desaf\u00edos ser\u00e1 f\u00e1cil de resolver.<\/p>\n\n\n\n<p>\u201cLo m\u00e1s urgente es instrumentar un&nbsp;<strong>programa de estabilizaci\u00f3n<\/strong>, que tiene que estar acompa\u00f1ado por reformas estructurales que le den sustento en el tiempo. Nosotros creemos que ese programa tiene tres pilares fundamentales: cambiario, fiscal\/monetario e inflaci\u00f3n\u201d, sintetiz\u00f3&nbsp;<strong>Santiago Manoukian<\/strong>, economista de&nbsp;<em>Ecolatina<\/em>. Las urgencias, precisamente, pasan por esos tres frentes.<\/p>\n\n\n\n<h2>1. El d\u00f3lar y los d\u00f3lares<\/h2>\n\n\n\n<p>Ya sea por la&nbsp;<a href=\"https:\/\/tn.com.ar\/economia\/2023\/11\/12\/con-un-fuerte-freno-a-las-importaciones-el-banco-central-logro-comprar-us770-millones-desde-las-elecciones\/\" target=\"_blank\" rel=\"noreferrer noopener\">dificultad de acceder al d\u00f3lar oficial<\/a>&nbsp;o por los&nbsp;<strong>picos que marcaron las cotizaciones paralelas<\/strong>&nbsp;en los \u00faltimos meses (con sus consecuentes ajustes de precios), la moneda estadounidense es un tema de conversaci\u00f3n ineludible entre los argentinos.<\/p>\n\n\n\n<figure class=\"wp-block-image\"><img decoding=\"async\" src=\"https:\/\/tn.com.ar\/resizer\/pTr99n9rWp_lSHdG9j2YlvFEKDA=\/767x0\/smart\/filters:format(webp)\/cloudfront-us-east-1.images.arcpublishing.com\/artear\/LNPROJJ3HVEQFP22I2GNPX4SBA.jpg\" alt=\"Despu\u00e9s de tres meses congelado, el Gobierno volvi\u00f3 a deslizar el d\u00f3lar oficial el \u00faltimo mi\u00e9rcoles. (Foto: Adobe Stock)\"\/><figcaption class=\"wp-element-caption\">Despu\u00e9s de tres meses congelado, el Gobierno volvi\u00f3 a deslizar el d\u00f3lar oficial el \u00faltimo mi\u00e9rcoles. (Foto: Adobe Stock)<\/figcaption><\/figure>\n\n\n\n<p>En esa l\u00ednea, economistas consultados por&nbsp;<strong>TN<\/strong>&nbsp;explicaron que hay una tr\u00edada a resolver, que no solamente incluye al d\u00f3lar, sino tambi\u00e9n a la acumulaci\u00f3n de&nbsp;<a href=\"https:\/\/tn.com.ar\/economia\/2023\/11\/07\/por-el-pago-al-fmi-las-reservas-del-bcra-perforaron-los-us21000-millones-su-nivel-mas-bajo-en-17-anos\/\" target=\"_blank\" rel=\"noreferrer noopener\"><strong>reservas<\/strong><\/a>&nbsp;y al&nbsp;<strong>freno a la emisi\u00f3n de pesos&nbsp;<\/strong>que luego presionan sobre la&nbsp;<strong>brecha<\/strong>.<\/p>\n\n\n\n<p>\u201cHay que avanzar en un programa monetario\/cambiario cre\u00edble, que tienda a encarar el deterioro del balance del BCRA y que sea\u00a0<strong>consistente con la acumulaci\u00f3n de reservas<\/strong>, que va a ser una m\u00e9trica muy relevante para medir el \u00e9xito del programa\u201d, sostuvo\u00a0<strong>Mart\u00edn Vauthier<\/strong>, economista de\u00a0<em>Anker<\/em>.<\/p>\n\n\n\n<p>El tipo de cambio oficial&nbsp;<a href=\"https:\/\/tn.com.ar\/economia\/2023\/11\/15\/dolar-el-gobierno-reanuda-las-microdevaluaciones-pero-hay-dudas-por-la-politica-cambiaria-tras-el-balotaje\/\" target=\"_blank\" rel=\"noreferrer noopener\">estuvo congelado por tres meses<\/a>&nbsp;y, en t\u00e9rminos reales, se encuentra hoy por debajo del nivel previo a las PASO. \u201cClaramente est\u00e1 retrasado y&nbsp;<strong>hay que ajustarlo<\/strong>\u201d, apunt\u00f3&nbsp;<strong>Fernando Marengo<\/strong>, socio y economista jefe de&nbsp;<em>BlackTORO Global Investments<\/em>. Sin embargo, afirm\u00f3 que desde el punto de vista de la&nbsp;<strong>competitividad<\/strong>&nbsp;no cree que sea necesario llevarlo a los niveles que hoy se ven en el d\u00f3lar MEP o el contado con liquidaci\u00f3n, superiores a los $800.<\/p>\n\n\n\n<figure class=\"wp-block-image\"><img decoding=\"async\" src=\"https:\/\/tn.com.ar\/resizer\/PLglPy0fSh_VY7JkC8rRaUBkoA4=\/767x0\/smart\/filters:format(webp)\/cloudfront-us-east-1.images.arcpublishing.com\/artear\/4BMRGBI2TZDHRMM5G2BH7LVDR4.jpg\" alt=\"El Banco Central tiene reservas netas negativas por unos US$10.000 millones y eso limitan la posibilidad de unificar el mercado cambiario. (Foto: NA). \"\/><figcaption class=\"wp-element-caption\">El Banco Central tiene reservas netas negativas por unos US$10.000 millones y eso limitan la posibilidad de unificar el mercado cambiario. (Foto: NA).<\/figcaption><\/figure>\n\n\n\n<p>Manoukian coincidi\u00f3 en que el\u00a0<strong>esquema cambiario<\/strong>\u00a0es uno de los principales elementos que ser\u00e1 necesario\u00a0<strong>reformular<\/strong>\u00a0para recuperar el acceso al mercado de cr\u00e9dito internacional y el sendero de crecimiento y desarrollo sostenido. No obstante, advirti\u00f3 que una\u00a0<strong>apertura del cepo<\/strong>\u00a0-ya sea gradual o total- se trasladar\u00e1 a los\u00a0<strong>precios<\/strong>. \u201cPor esa raz\u00f3n, la correcci\u00f3n cambiaria tiene que ser complementada por otras medidas de estabilizaci\u00f3n\u201d, afirm\u00f3.<\/p>\n\n\n\n<p>Las&nbsp;<strong>reservas<\/strong>, que en t\u00e9rminos netos son&nbsp;<strong>negativas por unos US$10.000 millones<\/strong>, limitan \u201cla posibilidad de ir a un mercado \u00fanico y libre de cambios, que es la condici\u00f3n necesaria para revertir el estancamiento econ\u00f3mico que enfrenta la Argentina hace m\u00e1s de 10 a\u00f1os\u201d, indic\u00f3 Marengo.<\/p>\n\n\n\n<h2>2. La carrera de los precios<\/h2>\n\n\n\n<p>La\u00a0<a rel=\"noreferrer noopener\" href=\"https:\/\/tn.com.ar\/economia\/2023\/11\/13\/los-analistas-empeoraron-sus-proyecciones-y-preven-que-la-inflacion-cerrara-el-2023-en-185\/\" target=\"_blank\"><strong>inflaci\u00f3n<\/strong><\/a>\u00a0es otro de los puntos sensibles para la econom\u00eda que se viene. A pesar de los\u00a0<a rel=\"noreferrer noopener\" href=\"https:\/\/tn.com.ar\/economia\/2023\/10\/12\/la-inflacion-de-septiembre-fue-de-127-y-acumulo-1383-en-el-ultimo-ano\/\" target=\"_blank\">datos r\u00e9cord<\/a>, Marengo destac\u00f3 que todav\u00eda hay un\u00a0<strong>retraso importante en los costos regulados<\/strong>. \u201cHay que recomponer los precios relativos. Con una inflaci\u00f3n n\u00facleo que va en torno al 50%, eso implica que habr\u00eda que subir los precios regulados un 300%\u201d, calcul\u00f3. Y reconoci\u00f3 que esa correcci\u00f3n tendr\u00eda un efecto en el \u00edndice de precios al consumidor.<\/p>\n\n\n\n<p>A su turno, Manoukian a\u00f1adi\u00f3 que 2023 dejar\u00e1 un piso muy alto a la inflaci\u00f3n que, adem\u00e1s, sufrir\u00e1 el impacto del&nbsp;<strong>ordenamiento cambiario y de precios relativos<\/strong>. \u201cEso hace necesario que se despliguen medidas simult\u00e1neas y coordinadas que ataquen las causas de la inflaci\u00f3n y corten la inercia inflacionaria en pos de estabilizar el frente nominal\u201d, explic\u00f3.<\/p>\n\n\n\n<figure class=\"wp-block-image\"><img decoding=\"async\" src=\"https:\/\/tn.com.ar\/resizer\/VCckWysJVVpe1ZDkOyZQ8mrXTUg=\/767x0\/smart\/filters:format(webp)\/cloudfront-us-east-1.images.arcpublishing.com\/artear\/QKPG74Y4PFFOTGZVDCQVPDVWXU.jpg\" alt=\"Este a\u00f1o dejar\u00e1 un piso alto de inflaci\u00f3n para 2024 y, adem\u00e1s, los precios sufrir\u00e1n el impacto de la correcci\u00f3n cambiaria y de costos regulados. (Foto: NA).\"\/><figcaption class=\"wp-element-caption\">Este a\u00f1o dejar\u00e1 un piso alto de inflaci\u00f3n para 2024 y, adem\u00e1s, los precios sufrir\u00e1n el impacto de la correcci\u00f3n cambiaria y de costos regulados. (Foto: NA).<\/figcaption><\/figure>\n\n\n\n<p>\u201cHay dos componentes de este frente que seguramente estar\u00e1n presentes en cualquier agenda del pr\u00f3ximo Gobierno: una limitaci\u00f3n fuerte del financiamiento monetario del d\u00e9ficit y medidas de estabilizaci\u00f3n destinadas a frenar la inercia. De m\u00ednima, los&nbsp;<strong>acuerdos de precios y salarios<\/strong>; de m\u00e1xima, se podr\u00edan&nbsp;<strong>discutir algunas cl\u00e1usulas de indexaci\u00f3n<\/strong>\u201d, agreg\u00f3.<\/p>\n\n\n\n<p>Al respecto, Marengo explic\u00f3 que m\u00e1s de la mitad del&nbsp;<strong>gasto p\u00fablico<\/strong>&nbsp;y buena parte de la&nbsp;<a href=\"https:\/\/tn.com.ar\/economia\/2023\/11\/16\/la-deuda-publica-crecio-30-en-el-gobierno-de-alberto-fernandez-y-llego-a-un-record-en-octubre\/\" target=\"_blank\" rel=\"noreferrer noopener\">deuda p\u00fablica<\/a>&nbsp;est\u00e1n&nbsp;<strong>indexados por precios o tipo de cambio<\/strong>. Por lo tanto, alert\u00f3 que cualquier esquema que busque reducir la tasa de aumentos encontrar\u00e1 problemas en esos \u00edtems que suben por la inflaci\u00f3n pasada.<\/p>\n\n\n\n<h2>3. Frenar la \u201cmaquinita\u201d<\/h2>\n\n\n\n<p>Detr\u00e1s de los frentes cambiario e inflacionario aparece la cuesti\u00f3n\u00a0<strong>fiscal<\/strong>. Los economistas coinciden en que ser\u00e1 fundamental que el pr\u00f3ximo gobierno se comprometa a\u00a0<strong>dejar de emitir dinero para financiar al Tesoro<\/strong>. Para eso, se deber\u00eda bajar dr\u00e1sticamente el\u00a0<a rel=\"noreferrer noopener\" href=\"https:\/\/tn.com.ar\/economia\/2023\/10\/25\/el-plan-platita-freno-el-ajuste-del-gasto-en-septiembre-y-el-gobierno-incumplio-la-meta-fiscal-con-el-fmi\/\" target=\"_blank\"><strong>d\u00e9ficit<\/strong><\/a>.<\/p>\n\n\n\n<p>Teniendo en cuenta eso y&nbsp;<strong>sin cr\u00e9dito externo disponible<\/strong>, Manoukian consider\u00f3 que la agenda exigir\u00e1 ir, al menos, hacia el equilibrio fiscal. \u201cDe m\u00ednima, al&nbsp;<strong>equilibrio<\/strong>&nbsp;primario; de m\u00e1xima, al&nbsp;<strong>super\u00e1vit<\/strong>. Es un componente central de las medidas de estabilizaci\u00f3n y para darle credibilidad al programa\u201d, dijo.<\/p>\n\n\n\n<figure class=\"wp-block-image\"><img decoding=\"async\" src=\"https:\/\/tn.com.ar\/resizer\/rMFdvrny6rGTH_sW4iMuisTdMpU=\/767x0\/smart\/filters:format(webp)\/cloudfront-us-east-1.images.arcpublishing.com\/artear\/GIPLHWGLKNG3RGZSHQJAXBSLZA.jpeg\" alt=\"Los economistas coinciden en que ser\u00e1 fundamental que el pr\u00f3ximo gobierno se comprometa a dejar de emitir dinero para financiar el d\u00e9ficit. (Foto: Adobe Stock).\"\/><figcaption class=\"wp-element-caption\">Los economistas coinciden en que ser\u00e1 fundamental que el pr\u00f3ximo gobierno se comprometa a dejar de emitir dinero para financiar el d\u00e9ficit. (Foto: Adobe Stock).<\/figcaption><\/figure>\n\n\n\n<p>\u201cA nivel macro, el primer desaf\u00edo es avanzar en un programa fiscal que tienda al equilibrio, dada la imposibilidad de continuar financiando el d\u00e9ficit fiscal con emisi\u00f3n monetaria\u201d, se\u00f1al\u00f3 Vauthier. Sin embargo, advirti\u00f3 que la estabilizaci\u00f3n macro&nbsp;<strong>es una condici\u00f3n necesaria, pero no suficiente<\/strong>&nbsp;para que la Argentina vuelva a generar empleo de calidad en forma sostenida y pueda reducir sostenidamente la&nbsp;<a href=\"https:\/\/tn.com.ar\/economia\/2023\/11\/15\/la-canasta-basica-aumento-81-en-octubre-y-una-familia-necesito-345295-para-no-ser-considerada-pobre\/\" target=\"_blank\" rel=\"noreferrer noopener\"><strong>pobreza<\/strong><\/a>.<\/p>\n\n\n\n<p>En ese sentido, el economista apunt\u00f3 que el pr\u00f3ximo gobierno tendr\u00e1 que ofrecer un\u00a0<strong>marco regulatorio previsible<\/strong>,\u00a0<strong>integrarse al mundo\u00a0<\/strong>mediante acuerdos comerciales que ampl\u00eden el alcance de las exportaciones argentinas y\u00a0<strong>reformar gradualmente el sistema tributario<\/strong>\u00a0para simplificarlo.<\/p>\n\n\n\n<p>Fuente: tn<\/p>\n","protected":false},"excerpt":{"rendered":"<div class=\"mh-excerpt\"><p>Tras el resultado del balotaje, Javier Milei ser\u00e1 el nuevo presidente de la Argentina.&nbsp;Asumir\u00e1 el 10 de diciembre, pero es probable que en los pr\u00f3ximos d\u00edas ya empiece a hacer anuncios con respecto a c\u00f3mo planea encarar la&nbsp;resoluci\u00f3n de los problemas econ\u00f3micos&nbsp;de la Argentina. Ya despejado el extenso calendario electoral, las\u00a0urgencias de la econom\u00eda\u00a0vuelven a surgir: el\u00a0d\u00f3lar\u00a0y la\u00a0inflaci\u00f3n\u00a0encabezan la lista de preocupaciones. Y los economistas explican que, m\u00e1s all\u00e1 del cambio de nombres, ninguno de esos desaf\u00edos ser\u00e1 f\u00e1cil de resolver. \u201cLo m\u00e1s urgente es instrumentar un&nbsp;programa de estabilizaci\u00f3n, que tiene que estar acompa\u00f1ado por reformas estructurales que le den <a class=\"mh-excerpt-more\" href=\"http:\/\/dsrmedios.com.ar\/diario\/archivos\/41591\" title=\"Las tres desaf\u00edos econ\u00f3micos que enfrentar\u00e1 Javier Milei tras ganar las elecciones\">[Leer m\u00e1s]<\/a><\/p>\n<\/div>","protected":false},"author":8,"featured_media":32063,"comment_status":"open","ping_status":"closed","sticky":false,"template":"","format":"standard","meta":{"_jetpack_newsletter_access":""},"categories":[6],"tags":[],"jetpack_featured_media_url":"http:\/\/dsrmedios.com.ar\/diario\/wp-content\/uploads\/2023\/04\/javier-mileijpg-1.jpg","jetpack_sharing_enabled":true,"jetpack_shortlink":"https:\/\/wp.me\/p9fihK-aOP","_links":{"self":[{"href":"http:\/\/dsrmedios.com.ar\/diario\/wp-json\/wp\/v2\/posts\/41591"}],"collection":[{"href":"http:\/\/dsrmedios.com.ar\/diario\/wp-json\/wp\/v2\/posts"}],"about":[{"href":"http:\/\/dsrmedios.com.ar\/diario\/wp-json\/wp\/v2\/types\/post"}],"author":[{"embeddable":true,"href":"http:\/\/dsrmedios.com.ar\/diario\/wp-json\/wp\/v2\/users\/8"}],"replies":[{"embeddable":true,"href":"http:\/\/dsrmedios.com.ar\/diario\/wp-json\/wp\/v2\/comments?post=41591"}],"version-history":[{"count":1,"href":"http:\/\/dsrmedios.com.ar\/diario\/wp-json\/wp\/v2\/posts\/41591\/revisions"}],"predecessor-version":[{"id":41592,"href":"http:\/\/dsrmedios.com.ar\/diario\/wp-json\/wp\/v2\/posts\/41591\/revisions\/41592"}],"wp:featuredmedia":[{"embeddable":true,"href":"http:\/\/dsrmedios.com.ar\/diario\/wp-json\/wp\/v2\/media\/32063"}],"wp:attachment":[{"href":"http:\/\/dsrmedios.com.ar\/diario\/wp-json\/wp\/v2\/media?parent=41591"}],"wp:term":[{"taxonomy":"category","embeddable":true,"href":"http:\/\/dsrmedios.com.ar\/diario\/wp-json\/wp\/v2\/categories?post=41591"},{"taxonomy":"post_tag","embeddable":true,"href":"http:\/\/dsrmedios.com.ar\/diario\/wp-json\/wp\/v2\/tags?post=41591"}],"curies":[{"name":"wp","href":"https:\/\/api.w.org\/{rel}","templated":true}]}}