{"id":41572,"date":"2023-11-20T14:08:04","date_gmt":"2023-11-20T17:08:04","guid":{"rendered":"http:\/\/dsrmedios.com.ar\/diario\/?p=41572"},"modified":"2023-11-20T14:08:05","modified_gmt":"2023-11-20T17:08:05","slug":"milei-avanza-con-su-plan-para-privatizar-firmas-publicas-pero-oculta-quien-sera-su-ministro-de-economia","status":"publish","type":"post","link":"http:\/\/dsrmedios.com.ar\/diario\/archivos\/41572","title":{"rendered":"Milei avanza con su plan para privatizar firmas p\u00fablicas, pero oculta qui\u00e9n ser\u00e1 su ministro de Econom\u00eda"},"content":{"rendered":"\n<p><a href=\"https:\/\/tn.com.ar\/politica\/2023\/11\/20\/javier-milei-confirmo-que-cuneo-libarona-sera-su-ministro-de-justicia-y-carolina-piparo-ira-a-la-anses\/\" target=\"_blank\" rel=\"noreferrer noopener\"><strong>Javier Milei<\/strong>&nbsp;<\/a>gan\u00f3 el balotaje y es el presidente electo. Asumir\u00e1 el 10 de diciembre y ya dio distintas definiciones del camino que seguir\u00e1 en su administraci\u00f3n. Entre ellas mencion\u00f3 la necesidad&nbsp;<strong>urgente de desactivar \u201cla bomba de tiempo&nbsp;<\/strong>que est\u00e1 plantada por el desmadre macroecon\u00f3mico que est\u00e1 dejando el gobierno actual\u201d. En una serie de entrevistas, el libertario dej\u00f3&nbsp;<strong>definiciones clave sobre jubilaciones, impuestos y privatizaciones&nbsp;<\/strong>de empresas p\u00fablicas.<\/p>\n\n\n\n<p>Milei reforz\u00f3 que \u201cva a<strong>\u00a0aplicar el manual ortodoxo\u201d para superar la crisis\u00a0<\/strong>y puso de relieve que \u201ctodo lo que pueda estar en manos de privados, estar\u00e1 en manos de privados\u201d.<\/p>\n\n\n\n<p>Adem\u00e1s,&nbsp;<strong>mantuvo en reserva el nombre de quien ser\u00e1 su ministro de Econom\u00eda<\/strong>. Aunque dijo que su intenci\u00f3n era darlo a conocer este mismo lunes, dijo que no pod\u00eda exponerlo tras las versiones de que Sergio Massa se tomar\u00eda licencia. \u201cDespu\u00e9s de<strong>&nbsp;armar un escalabro macroecon\u00f3mico&nbsp;<\/strong>para tratar de ganar una elecci\u00f3n y como no le sale, pide licencia&#8230;Y encima me acusa de los problemas que \u00e9l mismo caus\u00f3 durante el \u00faltimo a\u00f1o y medio y que su gobierno caus\u00f3 durante cuatro a\u00f1os. Entonces ahora no puedo exponer a mi ministro de Econom\u00eda a un tembladeral generado por la<strong>&nbsp;irresponsabilidad del ministro Massa<\/strong>\u201d, arremeti\u00f3 Milei.<\/p>\n\n\n\n<h2>Qu\u00e9 piensa hacer Javier Milei con YPF, Aerol\u00edneas y otras empresas estatales<\/h2>\n\n\n\n<p>Milei dio sus primeras definiciones sobre el ajuste en el Estado y reafirm\u00f3 que \u201clo pagar\u00e1 la pol\u00edtica\u201d. Al ser consultado&nbsp;<strong>sobre las empresas p\u00fablicas ratific\u00f3 su plan de privatizaci\u00f3n,&nbsp;<\/strong>como la TV P\u00fablica y los otros medios estatales.<\/p>\n\n\n\n<p>Tambi\u00e9n dijo que buscar\u00e1 que pasen a manos del sector privado \u201ctodo lo que pueda estar en manos privadas\u201d. Sin embargo, hizo importantes aclaraciones sobre&nbsp;<strong>la petrolera YPF, Enarsa y Aerol\u00edneas Argentinas<\/strong>.<\/p>\n\n\n\n<p>Sobre YPF, remarc\u00f3 que \u201cA YPF primero hay que recomponerla. Desde que el se\u00f1or Axel Kicillof decidi\u00f3 estatizarla, el deterioro que han hecho de la empresa en t\u00e9rminos de resultados para que valga menos que cuando se la expropi\u00f3\u201d, se\u00f1al\u00f3-<\/p>\n\n\n\n<p>En ese sentido, dijo que en el proceso de&nbsp;<strong>transici\u00f3n energ\u00e9tica, \u201cYPF y Enarsa tienen un rol\u201d con el objetivo de racionalizar estructura para ponerlas en valor para que se las pueda vender de una manera muy beneficiosa para los argentinos\u201d<\/strong>.<\/p>\n\n\n\n<figure class=\"wp-block-image\"><img decoding=\"async\" src=\"https:\/\/tn.com.ar\/resizer\/3Nnnc8UG5e56-0I-8pfbbE-OjtQ=\/767x0\/smart\/filters:format(webp)\/cloudfront-us-east-1.images.arcpublishing.com\/artear\/3UF54IR3OVGCBOFCVKAT43F7EM.jpg\" alt=\"Milei dice que antes de privatizar YPF hay que recuperarla. (Foto: NA)\"\/><figcaption class=\"wp-element-caption\">Milei dice que antes de privatizar YPF hay que recuperarla. (Foto: NA)<\/figcaption><\/figure>\n\n\n\n<h2>Qu\u00e9 piensa hacer Javier Milei con las jubilaciones de la ANSES<\/h2>\n\n\n\n<p><strong>Milei<\/strong>&nbsp;anunci\u00f3 que&nbsp;<strong>Carolina P\u00edparo ser\u00e1 la titular de la ANSES.<\/strong>&nbsp;Consultado por medidas inmediatas para los adultos mayores, el presidente electo se limit\u00f3 a remarcar que \u201cSi no se recompone la generaci\u00f3n de ingresos por parte del sector privado,<strong>&nbsp;cualquier promesa que se le haga a los jubilados es mentira\u201d.<\/strong><\/p>\n\n\n\n<p>En ese sentido, remarc\u00f3 que el objetivo es \u201c<strong>recomponer la base de generaci\u00f3n de ingresos de donde salen los fondos que financian a los jubilados\u201d.<\/strong><\/p>\n\n\n\n<p>\u201cEn eso<strong>&nbsp;estamos fuertemente comprometidos para hacer poner en caja la econom\u00eda para que vuelva a crecer&nbsp;<\/strong>entonces en la medida que la econom\u00eda crece, a todos nos va a ir mejor. Y los jubilados, obviamente\u201d, plante\u00f3.<\/p>\n\n\n\n<p><\/p>\n\n\n\n<h2>Qu\u00e9 piensa hacer Javier Milei con los impuestos<\/h2>\n\n\n\n<p>En materia impositiva<strong>, Milei dijo tener pensado qui\u00e9n ser\u00e1 el jefe de la AFIP&nbsp;<\/strong>que aplique un plan para<strong>&nbsp;reducir la carga impositiva a nivel del Estado tanto nacional, como provincial y municipal<\/strong>.<\/p>\n\n\n\n<p>Se excus\u00f3 de dar el nombre de qui\u00e9n ser\u00e1 el jefe del organismo recaudador y prefiri\u00f3 remarcar que buscar\u00e1 una baja sustancial de la cantidad de impuestos que pesan sobre la actividad:&nbsp;<strong>\u201cSon 170 (impuestos).&nbsp;<\/strong>Tenemos que&nbsp;<strong>apuntar a un acuerdo con las provincias&nbsp;<\/strong>para llevar una estructura amigable, que&nbsp;<strong>no supere los 10 impuestos.<\/strong>&nbsp;Piense que hoy&nbsp;<strong>160 recaudan&nbsp;<\/strong>solamente<strong>&nbsp;medio punto del PBI \u201d<\/strong>, sostuvo en declaraciones a&nbsp;<em>radio Mitre<\/em>.<\/p>\n\n\n\n<p>En una entrevista con&nbsp;<em>radio Rivadavia<\/em>, en tanto, le preguntaron&nbsp;<strong>si Guillermo Michel<\/strong>, jefe de la Aduana y uno de los laderos de Sergio Massa en la gesti\u00f3n y que sonaba para hacerse cargo de AFIP en un posible gobierno del ministro de Econom\u00eda,<strong>&nbsp;podr\u00eda continuar en su gesti\u00f3n.<\/strong><\/p>\n\n\n\n<p>\u201c<strong>Los funcionarios que funcionan yo no tengo ning\u00fan problema de incorporarlos.<\/strong>&nbsp;As\u00ed como soy bilardista en todo, mi pragmatismo tambi\u00e9n es feroz. No me eligieron para estar haciendo cata de liberalismo en sangre, sino para resolver los problemas.&nbsp;<strong>Voy a convocar a los mejores<\/strong>, se van a sorprender. Estamos convocando de distintos sectores<strong>&nbsp;a las personas m\u00e1s id\u00f3neas para enfrentar los problemas<\/strong>\u201d, plante\u00f3.<\/p>\n\n\n\n<figure class=\"wp-block-image\"><img decoding=\"async\" src=\"https:\/\/tn.com.ar\/resizer\/DVSj_SRe55u-Fpbg3-xH6I8BzkM=\/767x0\/smart\/filters:format(webp)\/cloudfront-us-east-1.images.arcpublishing.com\/artear\/GQTGXTPPTZDPVCEPF2ZFDXAIEA.jpg\" alt=\"Javier Milei dice que buscar\u00e1 reducir la carga de impuestos y que solo haya 10. (Foto: T\u00e9lam)\"\/><figcaption class=\"wp-element-caption\">Javier Milei dice que buscar\u00e1 reducir la carga de impuestos y que solo haya 10. (Foto: T\u00e9lam)<\/figcaption><\/figure>\n\n\n\n<h2>Qu\u00e9 piensa hacer Javier Milei con las tarifas<\/h2>\n\n\n\n<p>Respecto de la cuesti\u00f3n<strong>&nbsp;tarifaria,<\/strong>&nbsp;Milei dijo que buscar\u00e1&nbsp;<strong>\u201crecomponer la ecuaci\u00f3n econ\u00f3mica financiera de los contratos<\/strong>\u201d, pero siendo sobre \u201cque&nbsp;<strong>esos ajustes sean pagados por el Estado<\/strong>, en t\u00e9rminos de reducciones impositivas\u201d.<\/p>\n\n\n\n<p>Sostuvo que se trabaja en \u201cmecanismos de r<strong>edise\u00f1o de los impuestos para que beneficien el flujo de fondos de la compa\u00f1\u00eda y para que el impacto en precios sea minimizado<\/strong>&nbsp;y se ajustar\u00eda en tanto y en cuanto se recompongan los ingresos de los argentinos\u201d.<\/p>\n\n\n\n<p>\u201cTodas nuestras medidas est\u00e1n apuntando a r<strong>ecomponer el equilibrio econ\u00f3mico financiero y sin causar da\u00f1o sobre los argentinos.<\/strong>\u00a0Y siempre teniendo un<strong>\u00a0rengl\u00f3n especial para los segmentos m\u00e1s vulnerables\u201d, asegur\u00f3.<\/strong><\/p>\n\n\n\n<p>Fuente: TN<\/p>\n","protected":false},"excerpt":{"rendered":"<div class=\"mh-excerpt\"><p>Javier Milei&nbsp;gan\u00f3 el balotaje y es el presidente electo. Asumir\u00e1 el 10 de diciembre y ya dio distintas definiciones del camino que seguir\u00e1 en su administraci\u00f3n. Entre ellas mencion\u00f3 la necesidad&nbsp;urgente de desactivar \u201cla bomba de tiempo&nbsp;que est\u00e1 plantada por el desmadre macroecon\u00f3mico que est\u00e1 dejando el gobierno actual\u201d. En una serie de entrevistas, el libertario dej\u00f3&nbsp;definiciones clave sobre jubilaciones, impuestos y privatizaciones&nbsp;de empresas p\u00fablicas. Milei reforz\u00f3 que \u201cva a\u00a0aplicar el manual ortodoxo\u201d para superar la crisis\u00a0y puso de relieve que \u201ctodo lo que pueda estar en manos de privados, estar\u00e1 en manos de privados\u201d. Adem\u00e1s,&nbsp;mantuvo en reserva el nombre <a class=\"mh-excerpt-more\" href=\"http:\/\/dsrmedios.com.ar\/diario\/archivos\/41572\" title=\"Milei avanza con su plan para privatizar firmas p\u00fablicas, pero oculta qui\u00e9n ser\u00e1 su ministro de Econom\u00eda\">[Leer m\u00e1s]<\/a><\/p>\n<\/div>","protected":false},"author":8,"featured_media":41575,"comment_status":"open","ping_status":"closed","sticky":false,"template":"","format":"standard","meta":{"_jetpack_newsletter_access":""},"categories":[6],"tags":[],"jetpack_featured_media_url":"http:\/\/dsrmedios.com.ar\/diario\/wp-content\/uploads\/2023\/11\/E7374QPQ6JEWTJWZHX6ZC2SHBU.jpg","jetpack_sharing_enabled":true,"jetpack_shortlink":"https:\/\/wp.me\/p9fihK-aOw","_links":{"self":[{"href":"http:\/\/dsrmedios.com.ar\/diario\/wp-json\/wp\/v2\/posts\/41572"}],"collection":[{"href":"http:\/\/dsrmedios.com.ar\/diario\/wp-json\/wp\/v2\/posts"}],"about":[{"href":"http:\/\/dsrmedios.com.ar\/diario\/wp-json\/wp\/v2\/types\/post"}],"author":[{"embeddable":true,"href":"http:\/\/dsrmedios.com.ar\/diario\/wp-json\/wp\/v2\/users\/8"}],"replies":[{"embeddable":true,"href":"http:\/\/dsrmedios.com.ar\/diario\/wp-json\/wp\/v2\/comments?post=41572"}],"version-history":[{"count":1,"href":"http:\/\/dsrmedios.com.ar\/diario\/wp-json\/wp\/v2\/posts\/41572\/revisions"}],"predecessor-version":[{"id":41576,"href":"http:\/\/dsrmedios.com.ar\/diario\/wp-json\/wp\/v2\/posts\/41572\/revisions\/41576"}],"wp:featuredmedia":[{"embeddable":true,"href":"http:\/\/dsrmedios.com.ar\/diario\/wp-json\/wp\/v2\/media\/41575"}],"wp:attachment":[{"href":"http:\/\/dsrmedios.com.ar\/diario\/wp-json\/wp\/v2\/media?parent=41572"}],"wp:term":[{"taxonomy":"category","embeddable":true,"href":"http:\/\/dsrmedios.com.ar\/diario\/wp-json\/wp\/v2\/categories?post=41572"},{"taxonomy":"post_tag","embeddable":true,"href":"http:\/\/dsrmedios.com.ar\/diario\/wp-json\/wp\/v2\/tags?post=41572"}],"curies":[{"name":"wp","href":"https:\/\/api.w.org\/{rel}","templated":true}]}}