{"id":41529,"date":"2023-11-18T12:22:47","date_gmt":"2023-11-18T15:22:47","guid":{"rendered":"http:\/\/dsrmedios.com.ar\/diario\/?p=41529"},"modified":"2023-11-18T12:22:50","modified_gmt":"2023-11-18T15:22:50","slug":"macri-bullrich-y-larreta-que-planean-los-tres-lideres-del-pro-para-su-reinvencion-politica-luego-del-balotaje","status":"publish","type":"post","link":"http:\/\/dsrmedios.com.ar\/diario\/archivos\/41529","title":{"rendered":"Macri, Bullrich y Larreta: qu\u00e9 planean los tres l\u00edderes del PRO para su reinvenci\u00f3n pol\u00edtica luego del balotaje"},"content":{"rendered":"\n<p>Son tres l\u00edderes del&nbsp;<strong>PRO&nbsp;<\/strong>que quedaron afuera del balotaje, pero no tanto.&nbsp;<strong>Mauricio Macri&nbsp;<\/strong>y&nbsp;<strong>Patricia Bullrich<\/strong>&nbsp;pactaron con&nbsp;<strong>Javier Milei&nbsp;<\/strong>y se comprometieron tanto con su candidatura que suenan&nbsp;<strong>cargos y espacios de poder<\/strong>&nbsp;importantes si el libertario llega a la Casa Rosada.&nbsp;<strong>Horacio Rodr\u00edguez Larreta,&nbsp;<\/strong>derrotado en las PASO, tom\u00f3 distancia de sus pares partidarios tras anunciar que no apoyar\u00e1 a Milei ni a Sergio Massa, pero desde el lunes imagina una&nbsp;<strong>nueva oportunidad,<\/strong>&nbsp;desde plantarse como el gran opositor de un gobierno de La Libertad Avanza hasta escuchar una&nbsp;<strong>eventual oferta<\/strong>&nbsp;del candidato oficialista en caso de que este domingo la alegr\u00eda tenga los colores de Uni\u00f3n por la Patria.<\/p>\n\n\n\n<p>Macri y Bullrich hicieron una<strong>\u00a0fuerte apuesta final<\/strong>\u00a0por Milei en el cierre de la campa\u00f1a: el ex presidente apareci\u00f3 por TV con una\u00a0<strong>enf\u00e1tica apelaci\u00f3n<\/strong>\u00a0a sus votantes a elegir al libertario, mientras que la jefa del PRO gest\u00f3 una<strong>\u00a0aparici\u00f3n sorpresa<\/strong>\u00a0al lado del candidato de La Libertad Avanza en C\u00f3rdoba.<\/p>\n\n\n\n<p>Ese compromiso de los l\u00edderes del PRO disimul\u00f3 las&nbsp;<strong>tensiones&nbsp;<\/strong>desatadas entre sus propios dirigentes y sus colegas libertarios para fiscalizar las elecciones. En muchos distritos, los operadores de La Libertad Avanza&nbsp;<strong>frenaron&nbsp;<\/strong>a los referentes del PRO que buscaban ayudar con la tarea de los fiscales. Incluso aparecieron&nbsp;<strong>sospechas&nbsp;<\/strong>sobre el papel de un referente mile\u00edsta a cargo de la fiscalizaci\u00f3n en un poderoso distrito electoral:&nbsp;<strong>\u201cParece m\u00e1s un operador de Massa\u201d<\/strong>, deslizan en las cercan\u00edas de Macri.<\/p>\n\n\n\n<p><img decoding=\"async\" loading=\"lazy\" alt=\"Javier Milei y Patricia Bullrich compartieron el cierre de campa\u00f1a de La Libertad Avanza en C\u00f3rdoba \" height=\"3753\" width=\"5500\" src=\"https:\/\/www.infobae.com\/new-resizer\/qe4qO9SIM3eVAkYxLT37jitMc-c=\/420x280\/filters:format(webp):quality(85)\/cloudfront-us-east-1.images.arcpublishing.com\/infobae\/YUUTZ3CL5FYOY6NPHGBBMGSVVI.jpg%20420w\" srcset=\"https:\/\/www.infobae.com\/new-resizer\/qe4qO9SIM3eVAkYxLT37jitMc-c=\/420x280\/filters:format(webp):quality(85)\/cloudfront-us-east-1.images.arcpublishing.com\/infobae\/YUUTZ3CL5FYOY6NPHGBBMGSVVI.jpg 420w,https:\/\/www.infobae.com\/new-resizer\/Yu4RKrNWkuSf-8is_Wd4l0n8b2w=\/768x512\/filters:format(webp):quality(85)\/cloudfront-us-east-1.images.arcpublishing.com\/infobae\/YUUTZ3CL5FYOY6NPHGBBMGSVVI.jpg 768w,https:\/\/www.infobae.com\/new-resizer\/DGlnuBJRlYqxWvRDrNQi2TwEJt8=\/992x661\/filters:format(webp):quality(85)\/cloudfront-us-east-1.images.arcpublishing.com\/infobae\/YUUTZ3CL5FYOY6NPHGBBMGSVVI.jpg 992w,https:\/\/www.infobae.com\/new-resizer\/7XVuYbv6jLInx4YenL2kzcejMow=\/1200x800\/filters:format(webp):quality(85)\/cloudfront-us-east-1.images.arcpublishing.com\/infobae\/YUUTZ3CL5FYOY6NPHGBBMGSVVI.jpg 1200w,https:\/\/www.infobae.com\/new-resizer\/uLLvn1zbDsNtoAksV95sxQT7WGY=\/1440x960\/filters:format(webp):quality(85)\/cloudfront-us-east-1.images.arcpublishing.com\/infobae\/YUUTZ3CL5FYOY6NPHGBBMGSVVI.jpg 1440w\">Javier Milei y Patricia Bullrich compartieron el cierre de campa\u00f1a de La Libertad Avanza en C\u00f3rdoba<\/p>\n\n\n\n<p>Aun as\u00ed, hubo&nbsp;<strong>alivio&nbsp;<\/strong>en ambos campamentos cuando el ex mandatario visit\u00f3 el lunes a Milei en el Hotel Libertador para confirmarle que pod\u00eda cumplir una parte de la&nbsp;<strong>promesa&nbsp;<\/strong>que le hab\u00eda hecho: dicen que consigui\u00f3 una&nbsp;<strong>cifra millonaria<\/strong>&nbsp;para financiar el operativo de fiscalizaci\u00f3n en todo el pa\u00eds. La versi\u00f3n que circula es que, en realidad, hab\u00eda prometido el doble y como no lo logr\u00f3, el candidato libertario le hizo sentir el&nbsp;<strong>rigor:<\/strong>&nbsp;por eso no hubo dirigentes del PRO invitados al debate presidencial en la Facultad de Derecho de la UBA. El aporte econ\u00f3mico considerado clave para controlar los votos fue fruto de la tarea del empresario&nbsp;<strong>Eduardo Bastitta,<\/strong>&nbsp;cercano al ex presidente y uno de los m\u00e1s firmes aliados de Milei en ese mundo. Fiscalizar bien en todo el pa\u00eds representa unos&nbsp;<strong>5 millones de d\u00f3lares.<\/strong><\/p>\n\n\n\n<p><\/p>\n\n\n\n<p>Ahora, mientras Macri y Bullrich meditan si ir\u00e1n o no al b\u00fanker mile\u00edsta en el Hotel Libertador, entre libertarios y \u201chalcones\u201d del PRO circulan insistentes trascendidos sobre&nbsp;<strong>c\u00f3mo avanzar\u00eda el pacto<\/strong>&nbsp;de sus l\u00edderes si La Libertad Avanza se impone en el balotaje. Por ejemplo, que en un gobierno libertario habr\u00e1 lugar para figuras cercanas al ex presidente como<strong>&nbsp;Federico Sturzenegger, Guillermo Dietrich, Javier Iguacel y Joaqu\u00edn de la Torre<\/strong>, por ejemplo. Y que el ex mandatario estar\u00eda muy interesado en sugerir el nombre del&nbsp;<strong>futuro titular de la AFIP,<\/strong>&nbsp;aunque Milei preferir\u00eda alguien no tan identificado con Macri, como&nbsp;<strong>Leandro Cuccioli<\/strong>, quien ya ocup\u00f3 ese puesto desde abril de 2018 hasta el final del mandato de Cambiemos. Otro destino que se le complicar\u00eda a Macri en un eventual gobierno libertario es el&nbsp;<strong>Ministerio de Justicia:<\/strong>&nbsp;en mundo \u201chalc\u00f3n\u201d hablan del regreso de Germ\u00e1n Garavano, aunque Milei preferir\u00eda a Mariano C\u00faneo Libarona, el abogado con nexos en la estructura judicial.<\/p>\n\n\n\n<p>De todas formas, la versi\u00f3n de mayor impacto involucra a Bullrich: Milei analizar\u00eda elegirla como su<strong>&nbsp;jefa de Gabinete.&nbsp;<\/strong>Ser\u00eda un gesto para reforzar el v\u00ednculo con el electorado del PRO y un reconocimiento del libertario a la \u201ccapacidad de gesti\u00f3n\u201d de la ex ministra de Seguridad, adem\u00e1s de una admisi\u00f3n de uno de sus puntos d\u00e9biles: no tiene en su entorno una figura con tanta experiencia en el Estado. En el bullrichismo aseguran que&nbsp;<strong>no saben nada.<\/strong>&nbsp;Hasta ahora, el candidato para ese cargo era<strong>&nbsp;Nicol\u00e1s Posse<\/strong>, un ingeniero que trabaj\u00f3 en Corporaci\u00f3n Am\u00e9rica, el grupo del empresario Eduardo Eurkenian.<\/p>\n\n\n\n<p><img decoding=\"async\" loading=\"lazy\" alt=\"Mauricio Macri apost\u00f3 fuerte por Javier Milei (Foto EFE)\" height=\"1996\" width=\"3000\" src=\"https:\/\/www.infobae.com\/new-resizer\/5nvRCfZv7NPw62mH2fDJsR524-g=\/420x280\/filters:format(webp):quality(85)\/cloudfront-us-east-1.images.arcpublishing.com\/infobae\/GEW4NXMD3RE7JOGUPDF4YLAD6A.jpg%20420w\" srcset=\"https:\/\/www.infobae.com\/new-resizer\/5nvRCfZv7NPw62mH2fDJsR524-g=\/420x280\/filters:format(webp):quality(85)\/cloudfront-us-east-1.images.arcpublishing.com\/infobae\/GEW4NXMD3RE7JOGUPDF4YLAD6A.jpg 420w,https:\/\/www.infobae.com\/new-resizer\/nhf-BVZXlHY1KSNtOATjMPlcm5M=\/768x512\/filters:format(webp):quality(85)\/cloudfront-us-east-1.images.arcpublishing.com\/infobae\/GEW4NXMD3RE7JOGUPDF4YLAD6A.jpg 768w,https:\/\/www.infobae.com\/new-resizer\/MDIklkMRh-RXdbc1cp1eECTojLw=\/992x661\/filters:format(webp):quality(85)\/cloudfront-us-east-1.images.arcpublishing.com\/infobae\/GEW4NXMD3RE7JOGUPDF4YLAD6A.jpg 992w,https:\/\/www.infobae.com\/new-resizer\/eH-njL9fjqOwN7HARnfKAK6di2I=\/1200x800\/filters:format(webp):quality(85)\/cloudfront-us-east-1.images.arcpublishing.com\/infobae\/GEW4NXMD3RE7JOGUPDF4YLAD6A.jpg 1200w,https:\/\/www.infobae.com\/new-resizer\/C3sxCD_M_XyjDSj90prnkeUj7Ug=\/1440x960\/filters:format(webp):quality(85)\/cloudfront-us-east-1.images.arcpublishing.com\/infobae\/GEW4NXMD3RE7JOGUPDF4YLAD6A.jpg 1440w\">Mauricio Macri apost\u00f3 fuerte por Javier Milei (Foto EFE)<\/p>\n\n\n\n<p>En la dirigencia opositora tienen la sensaci\u00f3n de que Macri y Bullrich&nbsp;<strong>ya no son lo mismo,<\/strong>&nbsp;aunque hayan apostado en sinton\u00eda para el balotaje, y que tienen una relaci\u00f3n&nbsp;<strong>distinta&nbsp;<\/strong>con Milei. Por eso, se afirma, mantienen conversaciones&nbsp;<strong>por separado<\/strong>&nbsp;con el candidato de La Libertad Avanza. Si los \u201chalcones\u201d ya no funcionan en bloque se debe a que en la campa\u00f1a tras las PASO Macri coquete\u00f3 con Milei y Bullrich no se lo perdon\u00f3, ni p\u00fablica ni reservadamente. All\u00ed, sostienen desde los entornos de ambos, se&nbsp;<strong>agrietaron&nbsp;<\/strong>lazos de confianza que la actual sociedad con el libertario a\u00fan no recompuso.<\/p>\n\n\n\n<p>Desde el campamento de las \u201cpalomas\u201d del PRO, por su parte, se admite que Rodr\u00edguez Larreta se mantiene\u00a0<strong>firme\u00a0<\/strong>en su decisi\u00f3n de\u00a0<strong>quedarse en la oposici\u00f3n<\/strong>\u00a0gane quien gane en el balotaje. Al igual que\u00a0<strong>Mar\u00eda Eugenia Vidal<\/strong>, interpreta que si triunfa el candidato libertario y Macri y Bullrich oficializan un cogobierno con \u00e9l, se tornar\u00e1 irreversible\u00a0<strong>la ruptura en el PRO,\u00a0<\/strong>algo que ya se produjo\u00a0<strong>de hecho\u00a0<\/strong>cuando el ex presidente y la jefa partidaria pactaron con Milei en secreto y de manera inconsulta.<\/p>\n\n\n\n<p>El jefe de Gobierno y la ex gobernadora bonaerense anunciaron que&nbsp;<strong>no apoyar\u00e1n a Milei ni a Massa.&nbsp;<\/strong>Sin nombrar a los candidatos, a pocos d\u00edas de las elecciones generales se expresaron en una&nbsp;<strong>similar sinton\u00eda<\/strong>&nbsp;los gobernadores electos del PRO&nbsp;<strong>Rogelio Frigerio<\/strong>&nbsp;(Entre R\u00edos) e&nbsp;<strong>Ignacio Torres<\/strong>&nbsp;(Chubut), al igual que sus colegas de Juntos por el Cambio&nbsp;<strong>Alfredo Cornejo<\/strong>&nbsp;(Mendoza),&nbsp;<strong>Claudio Poggi<\/strong>&nbsp;(San Luis),&nbsp;<strong>Marcelo Orrego<\/strong>&nbsp;(San Juan),&nbsp;<strong>Carlos Sadir<\/strong>&nbsp;(Jujuy) y&nbsp;<strong>Leandro Zdero<\/strong>&nbsp;(Chaco).<\/p>\n\n\n\n<p>Entre los intendentes del PRO, la sorpresa la dio en estas \u00faltimas horas el intendente de la ciudad bonaerense de Campana,&nbsp;<strong>Sebasti\u00e1n Abella<\/strong>, quien jug\u00f3 con el larretismo en la interna opositora y anunci\u00f3 que votar\u00e1 a Massa: \u201cEl domingo los argentinos vamos a optar entre<strong>&nbsp;dos opciones muy distintas.&nbsp;<\/strong>Desde mi rol de intendente, elijo a un dirigente con experiencia, volumen pol\u00edtico y respeto por la democracia argentina. Por eso, este domingo voy a votar a Massa\u201d, dijo en la red social X.<\/p>\n\n\n\n<p>M\u00e1s all\u00e1 de su voto, Larreta qued\u00f3 nuevamente en el medio de versiones que consignaban que Massa ya le hab\u00eda hecho una&nbsp;<strong>oferta&nbsp;<\/strong>para integrar el famoso \u201cgobierno de unidad nacional\u201d en caso de que gane este domingo. Es conocida la vieja&nbsp;<strong>amistad&nbsp;<\/strong>entre ambos, pero, a la vez, la decisi\u00f3n del jefe de Gobierno de&nbsp;<strong>criticarlo y tomar distancia<\/strong>&nbsp;de \u00e9l por su alianza con Cristina Kirchner y La C\u00e1mpora.<\/p>\n\n\n\n<p><img decoding=\"async\" loading=\"lazy\" alt=\"Horacio Rodr\u00edguez Larreta se mantiene en la misma sinton\u00eda pol\u00edtica que Mar\u00eda Eugenia Vidal respecto del balotaje\" height=\"1080\" width=\"1920\" src=\"https:\/\/www.infobae.com\/new-resizer\/LuFD7J1HZJt5nZUG3avDbbEB_Gk=\/420x236\/filters:format(webp):quality(85)\/cloudfront-us-east-1.images.arcpublishing.com\/infobae\/X7V2ZCPS25CBXB6B3PREFDYXWU.jpg%20420w\" srcset=\"https:\/\/www.infobae.com\/new-resizer\/LuFD7J1HZJt5nZUG3avDbbEB_Gk=\/420x236\/filters:format(webp):quality(85)\/cloudfront-us-east-1.images.arcpublishing.com\/infobae\/X7V2ZCPS25CBXB6B3PREFDYXWU.jpg 420w,https:\/\/www.infobae.com\/new-resizer\/LaveYCD2N09NQ7Nbc8UwhhdVXoo=\/768x432\/filters:format(webp):quality(85)\/cloudfront-us-east-1.images.arcpublishing.com\/infobae\/X7V2ZCPS25CBXB6B3PREFDYXWU.jpg 768w,https:\/\/www.infobae.com\/new-resizer\/J0Uyf2TK-qtjFDf1197dz-t_OQA=\/992x558\/filters:format(webp):quality(85)\/cloudfront-us-east-1.images.arcpublishing.com\/infobae\/X7V2ZCPS25CBXB6B3PREFDYXWU.jpg 992w,https:\/\/www.infobae.com\/new-resizer\/md9rL_Iy25sLQl7l-3-cC1p24NA=\/1200x675\/filters:format(webp):quality(85)\/cloudfront-us-east-1.images.arcpublishing.com\/infobae\/X7V2ZCPS25CBXB6B3PREFDYXWU.jpg 1200w,https:\/\/www.infobae.com\/new-resizer\/D7utNhtHfLH_Eaye2HyWF1AsBb4=\/1440x810\/filters:format(webp):quality(85)\/cloudfront-us-east-1.images.arcpublishing.com\/infobae\/X7V2ZCPS25CBXB6B3PREFDYXWU.jpg 1440w\">Horacio Rodr\u00edguez Larreta se mantiene en la misma sinton\u00eda pol\u00edtica que Mar\u00eda Eugenia Vidal respecto del balotaje<\/p>\n\n\n\n<p>Cerca de Larreta aseguran que&nbsp;<strong>no recibi\u00f3 ninguna propuesta&nbsp;<\/strong>de Massa, contrariamente a lo que el propio candidato oficialista les dijo a un grupo de empresarios, y advierten que si se formaliza&nbsp;<strong>no la aceptar\u00e1.&nbsp;<\/strong>Aun as\u00ed, el alcalde porte\u00f1o estuvo hablando del tema con algunos amigos de la pol\u00edtica y entre ellos hubo quienes le aconsejaron que&nbsp;<strong>aceptara&nbsp;<\/strong>una eventual oferta de integrar el gabinete massista. \u201cTu fuerte es la&nbsp;<strong>gesti\u00f3n&nbsp;<\/strong>y ten\u00e9s que reinventarte desde ese lugar\u201d, le dijeron.<\/p>\n\n\n\n<p>Quienes conocen a Larreta est\u00e1n convencidos de que si se concreta esa oferta,\u00a0<strong>dir\u00e1 que no.<\/strong>\u00a0En realidad, ya lo dijo el 15 de octubre: \u201cNo hay\u00a0<strong>ninguna posibilidad\u00a0<\/strong>de que yo integre el gobierno kirchnerista\u201d, asegur\u00f3 tras anunciar que no apoyar\u00eda a Milei ni a Massa. Dirigentes de JxC que dialogan seguido con el candidato de Uni\u00f3n por la Patria creen que\u00a0<strong>cambiar\u00e1 de opini\u00f3n.<\/strong>\u00a0Para eso, de todas formas, Massa debe ganar el balotaje. Y sobre ese resultado\u00a0<strong>nadie arriesga hoy un pron\u00f3stico.\u00a0<\/strong>Tampoco sobre c\u00f3mo resultar\u00e1 la<strong>\u00a0reinvenci\u00f3n pol\u00edtica<\/strong>\u00a0de los 3 principales l\u00edderes del PRO.<\/p>\n\n\n\n<p>Fuente: Infobae<\/p>\n","protected":false},"excerpt":{"rendered":"<div class=\"mh-excerpt\"><p>Son tres l\u00edderes del&nbsp;PRO&nbsp;que quedaron afuera del balotaje, pero no tanto.&nbsp;Mauricio Macri&nbsp;y&nbsp;Patricia Bullrich&nbsp;pactaron con&nbsp;Javier Milei&nbsp;y se comprometieron tanto con su candidatura que suenan&nbsp;cargos y espacios de poder&nbsp;importantes si el libertario llega a la Casa Rosada.&nbsp;Horacio Rodr\u00edguez Larreta,&nbsp;derrotado en las PASO, tom\u00f3 distancia de sus pares partidarios tras anunciar que no apoyar\u00e1 a Milei ni a Sergio Massa, pero desde el lunes imagina una&nbsp;nueva oportunidad,&nbsp;desde plantarse como el gran opositor de un gobierno de La Libertad Avanza hasta escuchar una&nbsp;eventual oferta&nbsp;del candidato oficialista en caso de que este domingo la alegr\u00eda tenga los colores de Uni\u00f3n por la Patria. Macri y <a class=\"mh-excerpt-more\" href=\"http:\/\/dsrmedios.com.ar\/diario\/archivos\/41529\" title=\"Macri, Bullrich y Larreta: qu\u00e9 planean los tres l\u00edderes del PRO para su reinvenci\u00f3n pol\u00edtica luego del balotaje\">[Leer m\u00e1s]<\/a><\/p>\n<\/div>","protected":false},"author":8,"featured_media":41534,"comment_status":"open","ping_status":"closed","sticky":false,"template":"","format":"standard","meta":{"_jetpack_newsletter_access":""},"categories":[6],"tags":[],"jetpack_featured_media_url":"http:\/\/dsrmedios.com.ar\/diario\/wp-content\/uploads\/2023\/11\/horacio-rodriguez-larreta-patricia-bullrich-y-mauricio-macri-1597976.jpg","jetpack_sharing_enabled":true,"jetpack_shortlink":"https:\/\/wp.me\/p9fihK-aNP","_links":{"self":[{"href":"http:\/\/dsrmedios.com.ar\/diario\/wp-json\/wp\/v2\/posts\/41529"}],"collection":[{"href":"http:\/\/dsrmedios.com.ar\/diario\/wp-json\/wp\/v2\/posts"}],"about":[{"href":"http:\/\/dsrmedios.com.ar\/diario\/wp-json\/wp\/v2\/types\/post"}],"author":[{"embeddable":true,"href":"http:\/\/dsrmedios.com.ar\/diario\/wp-json\/wp\/v2\/users\/8"}],"replies":[{"embeddable":true,"href":"http:\/\/dsrmedios.com.ar\/diario\/wp-json\/wp\/v2\/comments?post=41529"}],"version-history":[{"count":1,"href":"http:\/\/dsrmedios.com.ar\/diario\/wp-json\/wp\/v2\/posts\/41529\/revisions"}],"predecessor-version":[{"id":41535,"href":"http:\/\/dsrmedios.com.ar\/diario\/wp-json\/wp\/v2\/posts\/41529\/revisions\/41535"}],"wp:featuredmedia":[{"embeddable":true,"href":"http:\/\/dsrmedios.com.ar\/diario\/wp-json\/wp\/v2\/media\/41534"}],"wp:attachment":[{"href":"http:\/\/dsrmedios.com.ar\/diario\/wp-json\/wp\/v2\/media?parent=41529"}],"wp:term":[{"taxonomy":"category","embeddable":true,"href":"http:\/\/dsrmedios.com.ar\/diario\/wp-json\/wp\/v2\/categories?post=41529"},{"taxonomy":"post_tag","embeddable":true,"href":"http:\/\/dsrmedios.com.ar\/diario\/wp-json\/wp\/v2\/tags?post=41529"}],"curies":[{"name":"wp","href":"https:\/\/api.w.org\/{rel}","templated":true}]}}