{"id":41515,"date":"2023-11-18T00:18:18","date_gmt":"2023-11-18T03:18:18","guid":{"rendered":"http:\/\/dsrmedios.com.ar\/diario\/?p=41515"},"modified":"2023-11-18T00:18:21","modified_gmt":"2023-11-18T03:18:21","slug":"antes-del-balotaje-termino-el-dolar-exportador-y-crece-la-preocupacion-por-la-escasez-de-divisas","status":"publish","type":"post","link":"http:\/\/dsrmedios.com.ar\/diario\/archivos\/41515","title":{"rendered":"Antes del balotaje, termin\u00f3 el \u201cd\u00f3lar exportador\u201d y crece la preocupaci\u00f3n por la escasez de divisas"},"content":{"rendered":"\n<p>Este viernes lleg\u00f3 a su fin el \u00faltimo&nbsp;<a href=\"https:\/\/tn.com.ar\/economia\/2023\/10\/23\/massa-busca-implementar-un-dolar-exportador-para-asegurar-tranquilidad-cambiaria-hasta-el-balotaje\/\" target=\"_blank\" rel=\"noreferrer noopener\">Programa de Incentivo Exportados (PIE)<\/a>&nbsp;que el Gobierno puso en marcha luego de las elecciones generales con el objetivo de&nbsp;<strong>captar d\u00f3lares&nbsp;<\/strong>para las reservas. El r\u00e9gimen se aplic\u00f3 a los exportadores de todos los rubros, que por 30 d\u00edas pudieron&nbsp;<strong>liquidar el 30% de sus ventas al tipo de cambio financiero<\/strong>&nbsp;y el 70% al oficial.<\/p>\n\n\n\n<p>As\u00ed, los empresarios que venden al exterior accedieron a un<strong>\u00a0d\u00f3lar promedio de $500\u00a0<\/strong>durante el \u00faltimo mes, cuando el oficial estaba congelado en $350. Este mi\u00e9rcoles, el Banco Central (BCRA) finalmente\u00a0<a rel=\"noreferrer noopener\" href=\"https:\/\/tn.com.ar\/economia\/2023\/11\/15\/dolar-el-gobierno-reanuda-las-microdevaluaciones-pero-hay-dudas-por-la-politica-cambiaria-tras-el-balotaje\/\" target=\"_blank\">reanud\u00f3 la devaluaci\u00f3n por goteo<\/a>\u00a0y el\u00a0<strong>tipo de cambio avanz\u00f3 $3,35\u00a0<\/strong>en las \u00faltimas dos ruedas.<\/p>\n\n\n\n<p>El despertar del d\u00f3lar oficial&nbsp;<strong>apuntal\u00f3 las liquidaciones<\/strong>, adem\u00e1s del inminente fin del programa de incentivo. Esta semana el BCRA hizo las mayores compras en todo noviembre: el mi\u00e9rcoles se llev\u00f3&nbsp;<strong>US$121 millones<\/strong>&nbsp;y el jueves, se hizo de otros&nbsp;<strong>US$131 millones<\/strong>. El viernes, ya en la antesala del balotaje, apenas pudo comprar un mill\u00f3n.<\/p>\n\n\n\n<figure class=\"wp-block-image\"><img decoding=\"async\" src=\"https:\/\/tn.com.ar\/resizer\/5e2lEoOVNJbr2RtW-lLR1usJUAI=\/767x0\/smart\/filters:format(webp)\/cloudfront-us-east-1.images.arcpublishing.com\/artear\/SMHVTTH3LNDGZOKSTN3BVTDAF4.jpg\" alt=\"El ministro de Econom\u00eda, Sergio Massa, en el tercer debate presidencial. (Foto: T\u00e9lam).\"\/><figcaption class=\"wp-element-caption\">El ministro de Econom\u00eda, Sergio Massa, en el tercer debate presidencial. (Foto: T\u00e9lam).<\/figcaption><\/figure>\n\n\n\n<p>Fuentes del mercado dijeron a\u00a0<strong>TN<\/strong>\u00a0que, aunque las liquidaciones del agro ven\u00edan algo por debajo de lo esperado, con unos US$550 millones en el mes (frente a los casi US$1700 millones de noviembre de 2022, sin sequ\u00eda), la\u00a0<strong>industria y las petroleras aprovecharon<\/strong>\u00a0la ventana del tipo de cambio m\u00e1s alto. De todos modos, esas mismas empresas<a rel=\"noreferrer noopener\" href=\"https:\/\/tn.com.ar\/economia\/2023\/11\/15\/por-temor-a-un-salto-brusco-en-el-dolar-oficial-las-empresas-buscan-cobertura-antes-del-balotaje\/\" target=\"_blank\">\u00a0ampliaron su cobertura cambiaria<\/a>\u00a0antes del balotaje de este domingo.<\/p>\n\n\n\n<p>En paralelo, el Gobierno pr\u00e1cticamente&nbsp;<a href=\"https:\/\/tn.com.ar\/economia\/2023\/11\/12\/con-un-fuerte-freno-a-las-importaciones-el-banco-central-logro-comprar-us770-millones-desde-las-elecciones\/\" target=\"_blank\" rel=\"noreferrer noopener\">paraliz\u00f3 las importaciones<\/a>, con demoras, errores y supuestas ca\u00eddas de sistemas en la plataforma de la AFIP. Ese combo&nbsp;<strong>le permiti\u00f3 al BCRA comprar US$1050 millones<\/strong>, aunque las reservas no tuvieron un repunte tan importante. Desde el d\u00eda previo a las elecciones generales hasta este viernes,&nbsp;<strong>las arcas del organismo perdieron US$3039 millones<\/strong>,&nbsp;<a href=\"https:\/\/tn.com.ar\/economia\/2023\/11\/07\/por-el-pago-al-fmi-las-reservas-del-bcra-perforaron-los-us21000-millones-su-nivel-mas-bajo-en-17-anos\/\" target=\"_blank\" rel=\"noreferrer noopener\">golpeadas por los pagos al FMI<\/a>. Ya sin d\u00f3lar exportador, se reaviva la&nbsp;<strong>preocupaci\u00f3n<\/strong>&nbsp;con respecto a las fuentes de d\u00f3lares durante los pr\u00f3ximos meses.<\/p>\n\n\n\n<h2>Qu\u00e9 pasar\u00e1 despu\u00e9s del balotaje<\/h2>\n\n\n\n<p>Tras cinco ediciones del programa de incentivo exportador, que arranc\u00f3 con el d\u00f3lar soja y se fue ampliando a diferentes actividades,&nbsp;<strong>el Gobierno dej\u00f3 trascender esta semana que no habr\u00e1 ninguna extensi\u00f3n<\/strong>. Sin embargo,&nbsp;<strong>el mercado descree&nbsp;<\/strong>de esa versi\u00f3n.<\/p>\n\n\n\n<figure class=\"wp-block-image\"><img decoding=\"async\" src=\"https:\/\/tn.com.ar\/resizer\/xF0w7kHVl2KKrklM04auNHuNBwg=\/767x0\/smart\/filters:format(webp)\/cloudfront-us-east-1.images.arcpublishing.com\/artear\/6TK2OLFSRFDKVEDPZOTABUAL4Q.jpg\" alt=\"Aunque Javier Milei propone la dolarizaci\u00f3n de la econom\u00eda, en el corto plazo los analistas no descartan alg\u00fan esquema similar al d\u00f3lar exportador. (Foto: Reuters).\"\/><figcaption class=\"wp-element-caption\">Aunque Javier Milei propone la dolarizaci\u00f3n de la econom\u00eda, en el corto plazo los analistas no descartan alg\u00fan esquema similar al d\u00f3lar exportador. (Foto: Reuters).<\/figcaption><\/figure>\n\n\n\n<p>Los analistas ya piensan en el d\u00eda despu\u00e9s del balotaje y consideran que,<strong>&nbsp;si Sergio Massa resulta victorioso<\/strong>, es muy probable que&nbsp;<strong>recurra a nuevas rondas de desdoblamiento<\/strong>&nbsp;cambiario parciales para incentivar las liquidaciones sin necesidad de devaluar y, as\u00ed, sumar reservas.<\/p>\n\n\n\n<p>La teor\u00eda que maneja la City es que, si gana el actual ministro, el oficialismo<strong>\u00a0relanzar\u00e1 los programas de incentivo exportador<\/strong>\u00a0con proporciones m\u00e1s grandes de la liquidaci\u00f3n a vender en el tipo de cambio financiero. \u201cPasar\u00e1 del 70-30% al 60-40%\u201d, evaluaban ante la consulta de\u00a0<strong>TN<\/strong>\u00a0en un banco.<\/p>\n\n\n\n<p>Si el resultado es adverso para el Gobierno, tampoco qued\u00f3 descartado un desdoblamiento cambiario, al menos, temporal. Aunque la propuesta econ\u00f3mica principal de&nbsp;<strong>Javier Milei<\/strong>&nbsp;es la dolarizaci\u00f3n de la econom\u00eda, no est\u00e1 claro que ese plan se pueda llevar a cabo r\u00e1pidamente. Por eso, los analistas tambi\u00e9n consideran que podr\u00eda haber&nbsp;<strong>alg\u00fan esquema similar al d\u00f3lar exportador en el corto plazo<\/strong>.<\/p>\n\n\n\n<p>En esa l\u00ednea, la consultora\u00a0<em>LCG<\/em>\u00a0record\u00f3 que\u00a0<strong>Carlos Rodr\u00edguez<\/strong>, economista referente de La Libertad Avanza, coment\u00f3 que se podr\u00eda comenzar a derivar las exportaciones en un<strong>\u00a090% al contado con liquidaci\u00f3n\u00a0<\/strong>y que solo el 10% restante se liquide en el mercado oficial.<\/p>\n\n\n\n<p>Fuente: TN<\/p>\n","protected":false},"excerpt":{"rendered":"<div class=\"mh-excerpt\"><p>Este viernes lleg\u00f3 a su fin el \u00faltimo&nbsp;Programa de Incentivo Exportados (PIE)&nbsp;que el Gobierno puso en marcha luego de las elecciones generales con el objetivo de&nbsp;captar d\u00f3lares&nbsp;para las reservas. El r\u00e9gimen se aplic\u00f3 a los exportadores de todos los rubros, que por 30 d\u00edas pudieron&nbsp;liquidar el 30% de sus ventas al tipo de cambio financiero&nbsp;y el 70% al oficial. As\u00ed, los empresarios que venden al exterior accedieron a un\u00a0d\u00f3lar promedio de $500\u00a0durante el \u00faltimo mes, cuando el oficial estaba congelado en $350. Este mi\u00e9rcoles, el Banco Central (BCRA) finalmente\u00a0reanud\u00f3 la devaluaci\u00f3n por goteo\u00a0y el\u00a0tipo de cambio avanz\u00f3 $3,35\u00a0en las \u00faltimas <a class=\"mh-excerpt-more\" href=\"http:\/\/dsrmedios.com.ar\/diario\/archivos\/41515\" title=\"Antes del balotaje, termin\u00f3 el \u201cd\u00f3lar exportador\u201d y crece la preocupaci\u00f3n por la escasez de divisas\">[Leer m\u00e1s]<\/a><\/p>\n<\/div>","protected":false},"author":8,"featured_media":35036,"comment_status":"open","ping_status":"closed","sticky":false,"template":"","format":"standard","meta":{"_jetpack_newsletter_access":""},"categories":[6],"tags":[],"jetpack_featured_media_url":"http:\/\/dsrmedios.com.ar\/diario\/wp-content\/uploads\/2023\/06\/banco-central-a-1024x585-1.jpg","jetpack_sharing_enabled":true,"jetpack_shortlink":"https:\/\/wp.me\/p9fihK-aNB","_links":{"self":[{"href":"http:\/\/dsrmedios.com.ar\/diario\/wp-json\/wp\/v2\/posts\/41515"}],"collection":[{"href":"http:\/\/dsrmedios.com.ar\/diario\/wp-json\/wp\/v2\/posts"}],"about":[{"href":"http:\/\/dsrmedios.com.ar\/diario\/wp-json\/wp\/v2\/types\/post"}],"author":[{"embeddable":true,"href":"http:\/\/dsrmedios.com.ar\/diario\/wp-json\/wp\/v2\/users\/8"}],"replies":[{"embeddable":true,"href":"http:\/\/dsrmedios.com.ar\/diario\/wp-json\/wp\/v2\/comments?post=41515"}],"version-history":[{"count":1,"href":"http:\/\/dsrmedios.com.ar\/diario\/wp-json\/wp\/v2\/posts\/41515\/revisions"}],"predecessor-version":[{"id":41518,"href":"http:\/\/dsrmedios.com.ar\/diario\/wp-json\/wp\/v2\/posts\/41515\/revisions\/41518"}],"wp:featuredmedia":[{"embeddable":true,"href":"http:\/\/dsrmedios.com.ar\/diario\/wp-json\/wp\/v2\/media\/35036"}],"wp:attachment":[{"href":"http:\/\/dsrmedios.com.ar\/diario\/wp-json\/wp\/v2\/media?parent=41515"}],"wp:term":[{"taxonomy":"category","embeddable":true,"href":"http:\/\/dsrmedios.com.ar\/diario\/wp-json\/wp\/v2\/categories?post=41515"},{"taxonomy":"post_tag","embeddable":true,"href":"http:\/\/dsrmedios.com.ar\/diario\/wp-json\/wp\/v2\/tags?post=41515"}],"curies":[{"name":"wp","href":"https:\/\/api.w.org\/{rel}","templated":true}]}}