{"id":41482,"date":"2023-11-16T23:26:14","date_gmt":"2023-11-17T02:26:14","guid":{"rendered":"http:\/\/dsrmedios.com.ar\/diario\/?p=41482"},"modified":"2023-11-16T23:26:16","modified_gmt":"2023-11-17T02:26:16","slug":"susto-en-la-ruta-33-por-la-falla-mecanica-de-un-camion-de-glp","status":"publish","type":"post","link":"http:\/\/dsrmedios.com.ar\/diario\/archivos\/41482","title":{"rendered":"Susto en la Ruta 33 por la falla mec\u00e1nica de un cami\u00f3n de GLP"},"content":{"rendered":"\n<p>Una falla mec\u00e1nica de un cami\u00f3n que transporta Gas Licuado de Petr\u00f3leo (GLP) caus\u00f3 un susto en la Ruta 33 cuando se ve\u00eda que emanaba humo de uno de los neum\u00e1ticos.<\/p>\n\n\n\n<p>El hecho ocurri\u00f3 a la altura del kil\u00f3metro 29 y se trataba del calentamiento en el eje trasero del veh\u00edculo. El conductor, un hombre de 40 a\u00f1os, realiz\u00f3 una maniobra de enfriamiento y se termin\u00f3 con una fractura del brazo derecho al reventar el neum\u00e1tico del eje afectado.<\/p>\n\n\n\n<p>La persona fue trasladada por una ambulancia del servicio SAME a un hospital de Bah\u00eda Blanca.<\/p>\n\n\n\n<p>El tr\u00e1nsito no se interrumpi\u00f3 en ning\u00fan momento y el cami\u00f3n qued\u00f3 sobre la banquina y ser\u00e1 retirado del lugar una vez reparado el desperfecto mec\u00e1nico.<\/p>\n\n\n\n<p>En el lugar trabaj\u00f3 Defensa Civil, Polic\u00eda Ecol\u00f3gica, bomberos de Cerri, Polic\u00eda Vial, Agencia Nacional de Seguridad Vial y Control de Tr\u00e1nsito.<\/p>\n\n\n\n<p>fuente: la brujula24<\/p>\n","protected":false},"excerpt":{"rendered":"<div class=\"mh-excerpt\"><p>Una falla mec\u00e1nica de un cami\u00f3n que transporta Gas Licuado de Petr\u00f3leo (GLP) caus\u00f3 un susto en la Ruta 33 cuando se ve\u00eda que emanaba humo de uno de los neum\u00e1ticos. El hecho ocurri\u00f3 a la altura del kil\u00f3metro 29 y se trataba del calentamiento en el eje trasero del veh\u00edculo. El conductor, un hombre de 40 a\u00f1os, realiz\u00f3 una maniobra de enfriamiento y se termin\u00f3 con una fractura del brazo derecho al reventar el neum\u00e1tico del eje afectado. La persona fue trasladada por una ambulancia del servicio SAME a un hospital de Bah\u00eda Blanca. El tr\u00e1nsito no se interrumpi\u00f3 <a class=\"mh-excerpt-more\" href=\"http:\/\/dsrmedios.com.ar\/diario\/archivos\/41482\" title=\"Susto en la Ruta 33 por la falla mec\u00e1nica de un cami\u00f3n de GLP\">[Leer m\u00e1s]<\/a><\/p>\n<\/div>","protected":false},"author":8,"featured_media":41483,"comment_status":"open","ping_status":"closed","sticky":false,"template":"","format":"standard","meta":{"_jetpack_newsletter_access":""},"categories":[8],"tags":[],"jetpack_featured_media_url":"http:\/\/dsrmedios.com.ar\/diario\/wp-content\/uploads\/2023\/11\/descarga-56-1.jpeg","jetpack_sharing_enabled":true,"jetpack_shortlink":"https:\/\/wp.me\/p9fihK-aN4","_links":{"self":[{"href":"http:\/\/dsrmedios.com.ar\/diario\/wp-json\/wp\/v2\/posts\/41482"}],"collection":[{"href":"http:\/\/dsrmedios.com.ar\/diario\/wp-json\/wp\/v2\/posts"}],"about":[{"href":"http:\/\/dsrmedios.com.ar\/diario\/wp-json\/wp\/v2\/types\/post"}],"author":[{"embeddable":true,"href":"http:\/\/dsrmedios.com.ar\/diario\/wp-json\/wp\/v2\/users\/8"}],"replies":[{"embeddable":true,"href":"http:\/\/dsrmedios.com.ar\/diario\/wp-json\/wp\/v2\/comments?post=41482"}],"version-history":[{"count":1,"href":"http:\/\/dsrmedios.com.ar\/diario\/wp-json\/wp\/v2\/posts\/41482\/revisions"}],"predecessor-version":[{"id":41484,"href":"http:\/\/dsrmedios.com.ar\/diario\/wp-json\/wp\/v2\/posts\/41482\/revisions\/41484"}],"wp:featuredmedia":[{"embeddable":true,"href":"http:\/\/dsrmedios.com.ar\/diario\/wp-json\/wp\/v2\/media\/41483"}],"wp:attachment":[{"href":"http:\/\/dsrmedios.com.ar\/diario\/wp-json\/wp\/v2\/media?parent=41482"}],"wp:term":[{"taxonomy":"category","embeddable":true,"href":"http:\/\/dsrmedios.com.ar\/diario\/wp-json\/wp\/v2\/categories?post=41482"},{"taxonomy":"post_tag","embeddable":true,"href":"http:\/\/dsrmedios.com.ar\/diario\/wp-json\/wp\/v2\/tags?post=41482"}],"curies":[{"name":"wp","href":"https:\/\/api.w.org\/{rel}","templated":true}]}}