{"id":41456,"date":"2023-11-16T10:31:19","date_gmt":"2023-11-16T13:31:19","guid":{"rendered":"http:\/\/dsrmedios.com.ar\/diario\/?p=41456"},"modified":"2023-11-16T10:31:21","modified_gmt":"2023-11-16T13:31:21","slug":"sobre-el-cierre-de-la-campana-electoral-vuelve-a-escena-la-discusion-sobre-el-futuro-de-los-controles-cambiarios","status":"publish","type":"post","link":"http:\/\/dsrmedios.com.ar\/diario\/archivos\/41456","title":{"rendered":"Sobre el cierre de la campa\u00f1a electoral, vuelve a escena la discusi\u00f3n sobre el futuro de los controles cambiarios"},"content":{"rendered":"\n<p>El futuro de las restricciones cambiarias volvi\u00f3 a escena a pocos d\u00edas del balotaje, lo que genera un nuevo factor de incertidumbre respecto a lo que podr\u00eda pasar con el d\u00f3lar a partir de la semana que viene.&nbsp;<strong>Javier Milei,&nbsp;<\/strong>candidato presidencial de La Libertad Avanza<strong>,&nbsp;<\/strong>retom\u00f3 este tema ayer en su encuentro con m\u00e1s de 300 empresarios: \u201cEs imposible crecer con cepo, como ya qued\u00f3 demostrado en los gobiernos kirchneristas. Adem\u00e1s, al haber un d\u00f3lar m\u00e1s barato que el de mercado da lugar a posibles hechos de corrupci\u00f3n\u201d.<\/p>\n\n\n\n<p><\/p>\n\n\n\n<p>El libertario busc\u00f3 diferenciarse de&nbsp;<strong>Sergio Massa,&nbsp;<\/strong>candidato de Uni\u00f3n por Todos,quien hab\u00eda manifestado que una eventual salida del cepo si le toca gobernar ser\u00eda \u201ca fines de 2024, cuando hayamos acumulado reservas\u201d. El ministro de Econom\u00eda y candidato dej\u00f3 en claro que no se trata de una sus prioridades e incluso supedit\u00f3 su levantamiento a otras variables.<\/p>\n\n\n\n<p>La acumulaci\u00f3n de reservas no aparece como una posibilidad demasiado concreta por lo que en realidad no hay certeza alguna de lo que podr\u00eda suceder con el cepo si finalmente es \u00e9l quien llega a la Casa Rosada. En principio, la apuesta ser\u00eda conseguir un colch\u00f3n de d\u00f3lares a partir de la cosecha de soja del a\u00f1o pr\u00f3ximo.<\/p>\n\n\n\n<blockquote class=\"wp-block-quote\">\n<p>Ante m\u00e1s de 300 empresarios de primera l\u00ednea, Milei prefiri\u00f3 no hablar de su plan dolarizador, pero s\u00ed enfatiz\u00f3 la necesidad de desarmar el cepo cambiario como condici\u00f3n para volver a crecer. Adem\u00e1s, asegur\u00f3 que la econom\u00eda requiere un \u201cshock\u201d para recuperarse<\/p>\n<\/blockquote>\n\n\n\n<p>Milei ayer asegur\u00f3 que \u201cno va a alcanzar con la pr\u00f3xima cosecha, porque los desequilibrios y obligaciones en d\u00f3lares son muy grandes\u201d, diferenci\u00e1ndose de la postura de Massa. Y fue un poco m\u00e1s all\u00e1 al hablar de la necesidad de un \u201cshock\u201d para enfrentar la crisis econ\u00f3mica. Incluso, advirti\u00f3 que el pa\u00eds vuelve a estar en las puertas de un Rodrigazo, ante el atraso de precios relativos, incluyendo el aspecto cambiario.<\/p>\n\n\n\n<p>Massa arranc\u00f3 hoy con&nbsp;<a rel=\"noreferrer noopener\" href=\"https:\/\/www.infobae.com\/economia\/2023\/11\/15\/el-banco-central-subio-tres-pesos-al-dolar-oficial-y-empieza-un-periodo-de-mini-devaluaciones-diarias\/\" target=\"_blank\">el ajuste gradual de d\u00f3lar oficial, llev\u00e1ndolo de $ 350 a $ 355, tras un congelamiento de tres meses<\/a>&nbsp;y en l\u00ednea con lo negociado con el FMI. Sin embargo, el incremento de 3% mensual ser\u00eda muy dif\u00edcil de sostener en un contexto de una inflaci\u00f3n que es el triple. Ese esquema solo aumentar\u00eda el ya notable atraso cambiario, que implica un fuerte perjuicio para los exportadores.<\/p>\n\n\n\n<p>De esta forma, el ministro y candidato da a entender que se ir\u00e1 manejando con el esquema actual, aunque muchos creen que el desdoblamiento cambiario ser\u00e1 a\u00fan m\u00e1s expl\u00edcito. Existe una alta probabilidad que no acelere al principio un ajuste fuerte del d\u00f3lar oficial.<\/p>\n\n\n\n<p><\/p>\n\n\n\n<p>Pero s\u00ed es m\u00e1s factible que mantenga un cambio diferencial para exportadores, considerando que el esquema \u201c70%\/30%\u201d que permite liquidar parte de las divisas a trav\u00e9s del contado con liquidaci\u00f3n sea reeditado. O en todo caso que sea el propio Central el que se haga cargo de mantener ese tipo de cambio hoy algo superior a los $ 500 en vez de $ 353.<\/p>\n\n\n\n<p>Milei, por su parte, tambi\u00e9n reconoci\u00f3 que la bola de nieve de las Leliq impiden salir del cepo de la noche a la ma\u00f1ana. \u201cLa magnitud de los pesos excedentes es enorme y eso es lo que hay que manejar cuidadosamente, porque de lo contrario se generar\u00eda una hiperinflaci\u00f3n\u201d.<\/p>\n\n\n\n<p>La salida del cepo presenta grandes desaf\u00edos y sin dudas luce m\u00e1s compleja que en 2015: en aquel momento, cuando asumi\u00f3 Mauricio Macri la brecha era de solo 40% y ahora llega al 150%. Esto implica que un sinceramiento cambiario resulta mucho m\u00e1s complejo y el traspaso a la inflaci\u00f3n sustancialmente mayor que en aquella ocasi\u00f3n. Por otro lado, para eliminar las restricciones primero habr\u00eda quedarle alguna soluci\u00f3n a las Leliq, que suman 23 billones de pesos y que tambi\u00e9n representan una potencial demanda de d\u00f3lares.<\/p>\n\n\n\n<p>Por eso, cualquier idea en esta direcci\u00f3n requerir\u00e1 previamente un plan de estabilizaci\u00f3n y un horizonte claro hacia el equilibrio fiscal, algo que tanto Massa como Milei reiteraron en varias ocasiones.<\/p>\n\n\n\n<p>Fuente: Infobae<\/p>\n","protected":false},"excerpt":{"rendered":"<div class=\"mh-excerpt\"><p>El futuro de las restricciones cambiarias volvi\u00f3 a escena a pocos d\u00edas del balotaje, lo que genera un nuevo factor de incertidumbre respecto a lo que podr\u00eda pasar con el d\u00f3lar a partir de la semana que viene.&nbsp;Javier Milei,&nbsp;candidato presidencial de La Libertad Avanza,&nbsp;retom\u00f3 este tema ayer en su encuentro con m\u00e1s de 300 empresarios: \u201cEs imposible crecer con cepo, como ya qued\u00f3 demostrado en los gobiernos kirchneristas. Adem\u00e1s, al haber un d\u00f3lar m\u00e1s barato que el de mercado da lugar a posibles hechos de corrupci\u00f3n\u201d. El libertario busc\u00f3 diferenciarse de&nbsp;Sergio Massa,&nbsp;candidato de Uni\u00f3n por Todos,quien hab\u00eda manifestado que una <a class=\"mh-excerpt-more\" href=\"http:\/\/dsrmedios.com.ar\/diario\/archivos\/41456\" title=\"Sobre el cierre de la campa\u00f1a electoral, vuelve a escena la discusi\u00f3n sobre el futuro de los controles cambiarios\">[Leer m\u00e1s]<\/a><\/p>\n<\/div>","protected":false},"author":8,"featured_media":41380,"comment_status":"open","ping_status":"closed","sticky":false,"template":"","format":"standard","meta":{"_jetpack_newsletter_access":""},"categories":[6],"tags":[],"jetpack_featured_media_url":"http:\/\/dsrmedios.com.ar\/diario\/wp-content\/uploads\/2023\/11\/3JWOMNN4LBCY3OJNRC3Q4HJECY.jpg","jetpack_sharing_enabled":true,"jetpack_shortlink":"https:\/\/wp.me\/p9fihK-aME","_links":{"self":[{"href":"http:\/\/dsrmedios.com.ar\/diario\/wp-json\/wp\/v2\/posts\/41456"}],"collection":[{"href":"http:\/\/dsrmedios.com.ar\/diario\/wp-json\/wp\/v2\/posts"}],"about":[{"href":"http:\/\/dsrmedios.com.ar\/diario\/wp-json\/wp\/v2\/types\/post"}],"author":[{"embeddable":true,"href":"http:\/\/dsrmedios.com.ar\/diario\/wp-json\/wp\/v2\/users\/8"}],"replies":[{"embeddable":true,"href":"http:\/\/dsrmedios.com.ar\/diario\/wp-json\/wp\/v2\/comments?post=41456"}],"version-history":[{"count":1,"href":"http:\/\/dsrmedios.com.ar\/diario\/wp-json\/wp\/v2\/posts\/41456\/revisions"}],"predecessor-version":[{"id":41457,"href":"http:\/\/dsrmedios.com.ar\/diario\/wp-json\/wp\/v2\/posts\/41456\/revisions\/41457"}],"wp:featuredmedia":[{"embeddable":true,"href":"http:\/\/dsrmedios.com.ar\/diario\/wp-json\/wp\/v2\/media\/41380"}],"wp:attachment":[{"href":"http:\/\/dsrmedios.com.ar\/diario\/wp-json\/wp\/v2\/media?parent=41456"}],"wp:term":[{"taxonomy":"category","embeddable":true,"href":"http:\/\/dsrmedios.com.ar\/diario\/wp-json\/wp\/v2\/categories?post=41456"},{"taxonomy":"post_tag","embeddable":true,"href":"http:\/\/dsrmedios.com.ar\/diario\/wp-json\/wp\/v2\/tags?post=41456"}],"curies":[{"name":"wp","href":"https:\/\/api.w.org\/{rel}","templated":true}]}}