{"id":41382,"date":"2023-11-13T10:08:18","date_gmt":"2023-11-13T13:08:18","guid":{"rendered":"http:\/\/dsrmedios.com.ar\/diario\/?p=41382"},"modified":"2023-11-13T10:08:21","modified_gmt":"2023-11-13T13:08:21","slug":"el-dia-despues-del-debate-milei-denuncio-a-los-tosedores-de-massa-y-explico-por-que-macri-y-bullrich-no-lo-acompanaron","status":"publish","type":"post","link":"http:\/\/dsrmedios.com.ar\/diario\/archivos\/41382","title":{"rendered":"El d\u00eda despu\u00e9s del debate, Milei denunci\u00f3 a \u201clos tosedores de Massa\u201d y explic\u00f3 por qu\u00e9 Macri y Bullrich no lo acompa\u00f1aron"},"content":{"rendered":"\n<p>Con los niveles de adrenalina todav\u00eda elevados, a tal punto que -admiti\u00f3- no pudo dormir durante toda la noche, el d\u00eda despu\u00e9s del debate presidencial<strong>&nbsp;Javier Milei hizo su propio an\u00e1lisis<\/strong>&nbsp;y consider\u00f3 que&nbsp;<strong>sali\u00f3 muy bien posicionado<\/strong>&nbsp;para el balotaje.<\/p>\n\n\n\n<p>\u201cMe sent\u00ed muy\u00a0<strong>c\u00f3modo<\/strong>. Lo que hay que comprender es lo que va a buscar cada uno al debate\u201d, comenz\u00f3 a modo de introducci\u00f3n, en di\u00e1logo con Eduardo Feinmann por\u00a0<em>Radio Mitre<\/em>. \u201cHab\u00eda una\u00a0<strong>clara intenci\u00f3n de (Sergio) Massa de provocarme<\/strong>\u00a0y, con su equipo de brasile\u00f1os y psic\u00f3logos, tratar de buscar elementos para probarme y que yo me saliera de s\u00ed. Me provoc\u00f3,\u00a0<strong>fue muy agresivo<\/strong>\u00a0muchas veces, pero\u00a0<strong>no logr\u00f3 sacarme del eje<\/strong>\u00a0en ning\u00fan momento\u201d, sentenci\u00f3.<\/p>\n\n\n\n<p>Para reforzar su argumentaci\u00f3n, Milei advirti\u00f3 que su rival pol\u00edtico ten\u00eda preparada para esta semana una&nbsp;<strong>estrategia<\/strong>, \u201cque seguramente tendr\u00e1 que cambiar\u201d, de mostrarlo \u201ccomo alguien&nbsp;<strong>irascible&nbsp;<\/strong>que no puede mantener la&nbsp;<strong>estabilidad emocional<\/strong>, pero anoche&nbsp;<strong>no lo consigui\u00f3<\/strong>\u201d.<\/p>\n\n\n\n<p>Instantes despu\u00e9s, el dirigente de La Libertad Avanza denunci\u00f3 una\u00a0<strong>t\u00e1ctica\u00a0<\/strong>que anoche emplearon tanto\u00a0<strong>Massa\u00a0<\/strong>como la gente que lo acompa\u00f1\u00f3, en especial cuando le toc\u00f3 dar su mensaje final: \u201c<strong>Cuando yo estoy haciendo el cierre est\u00e1n todos tosiendo<\/strong>. Hubo un cambio de \u00faltimo momento y pusieron de mi lado a la gente de \u00e9l. Entonces,\u00a0<strong>cuando yo hablaba, todos tos\u00edan para perturbarme. Y tampoco lo lograron<\/strong>\u201d.<\/p>\n\n\n\n<p>Adem\u00e1s, Milei contradijo el diagn\u00f3stico que hicieron quienes lo criticaron por haber aceptado, casi con sumisi\u00f3n, someterse al<strong>&nbsp;interrogatorio de Massa&nbsp;<\/strong>en el inicio del debate: \u201cEl primer bloque&nbsp;<strong>pareci\u00f3 ingenuo de nuestra parte<\/strong>, pero fuimos&nbsp;<strong>desarticulando cada una de las mentiras de la campa\u00f1a negativa<\/strong>&nbsp;que est\u00e1 haciendo. Uno de nuestros objetivos era demostrar que todas las cosas de las que nos acusan son mentiras. Lo hicimos de manera impecable, las logramos desestimar\u201d.<\/p>\n\n\n\n<p><img decoding=\"async\" loading=\"lazy\" alt=\"Javier Milei se\u00f1ala a Sergio Massa durante el debate previo al balotaje que se realiz\u00f3 en la Facultad de Derecho de la UBA (Foto: Luis Robayo\/Pool v\u00eda REUTERS)\" height=\"512\" width=\"800\" src=\"https:\/\/www.infobae.com\/new-resizer\/03UDMS-BzcNE-Gpm_wQiNDtZN30=\/992x606\/filters:format(webp):quality(85)\/cloudfront-us-east-1.images.arcpublishing.com\/infobae\/AZJFZHYOOUY3DBSZS32OREQAAE.jpg%20992w\" srcset=\"https:\/\/www.infobae.com\/new-resizer\/03UDMS-BzcNE-Gpm_wQiNDtZN30=\/992x606\/filters:format(webp):quality(85)\/cloudfront-us-east-1.images.arcpublishing.com\/infobae\/AZJFZHYOOUY3DBSZS32OREQAAE.jpg 992w\">Javier Milei se\u00f1ala a Sergio Massa durante el debate previo al balotaje que se realiz\u00f3 en la Facultad de Derecho de la UBA (Foto: Luis Robayo\/Pool v\u00eda REUTERS)<\/p>\n\n\n\n<p>\u201c\u00c9l empez\u00f3 con un formato en el que sali\u00f3 a preguntarme a m\u00ed, se ve que se va a dedicar al periodismo\u201d, chican\u00e9o en otra parte de la entrevista. Y ante la consulta de por qu\u00e9 no apel\u00f3 a los datos negativos de la gesti\u00f3n del Ministro de Econom\u00eda para contragolpear, explic\u00f3 nuevamente: \u201c<strong>Las preguntas eran funcionales a mi estrategia<\/strong>&#8230; mi objetivo era demostrar todas las falsedades que me han hecho con la campa\u00f1a negativa. Luego yo ten\u00eda una segunda vuelta, que era la parte de&nbsp;<strong>Producci\u00f3n y Empleo<\/strong>, y ah\u00ed le doy una&nbsp;<strong>sopapeada&nbsp;<\/strong>que<strong>&nbsp;lo rompo todo<\/strong>\u201d.<\/p>\n\n\n\n<h2>Ausencias de peso<\/h2>\n\n\n\n<p>M\u00e1s tarde, Milei habl\u00f3 en&nbsp;<em>Radio Continental<\/em>&nbsp;y explic\u00f3 por qu\u00e9&nbsp;<strong>Mauricio Macri y Patricia Bullrich no lo acompa\u00f1aron&nbsp;<\/strong>anoche en la Facultad de Derecho: \u201c<strong>Son de otra fuerza pol\u00edtica, no ten\u00edan porque estar en ese lugar<\/strong>\u201d.<\/p>\n\n\n\n<p>Al mismo tiempo aprovech\u00f3 para lanzar una\u00a0<strong>cr\u00edtica\u00a0<\/strong>a los\u00a0<strong>organizadores\u00a0<\/strong>del debate: \u201cLas autoridades jugaron todas para Massa, todo lo que tiene que ver con la metodolog\u00eda fueron\u00a0<strong>cambios a favor de Massa<\/strong>\u00a0y en contra de mi persona. Incluso a nosotros nos pusieron un\u00a0<strong>cupo de invitados inferior al que les dieron a ellos<\/strong>\u201d.<\/p>\n\n\n\n<p>En cuanto al impacto que observ\u00f3 tras el debate, el l\u00edder de LLA tambi\u00e9n hizo un an\u00e1lisis optimista para sus aspiraciones: \u201cEn las&nbsp;<strong>redes<\/strong>&nbsp;el saldo fue&nbsp;<strong>muy positivo<\/strong>&nbsp;para nosotros. Lo que me sorprende es la cantidad de<strong>&nbsp;gente que lo percibe (a Massa) como un mentiroso y cara de piedra<\/strong>. A m\u00ed&nbsp;<strong>me hab\u00edan dicho que era un mentiroso<\/strong>, pero juro que me sorprendi\u00f3,&nbsp;<strong>no puedo creer que una persona mienta tanto<\/strong>. Es la actitud de&nbsp;<strong>un psic\u00f3pata<\/strong>. Viendo como est\u00e1 destruyendo la econom\u00eda,&nbsp;<strong>es de tefl\u00f3n<\/strong>\u201d.<\/p>\n\n\n\n<p>Luego cont\u00f3 c\u00f3mo prepar\u00f3 el debate:&nbsp;<strong>\u201cLo trabaj\u00e9 con gente de mi equipo y sumamos a una fonoaudi\u00f3loga<\/strong>&nbsp;que me ayud\u00f3 adem\u00e1s a&nbsp;<strong>mejorar mi lenguaje corporal<\/strong>. Yo podr\u00eda&nbsp;<strong>haber salido y ponerme histri\u00f3nico, no olviden que fui cantante de rock y eso lo manejo<\/strong>, pero la seriedad del asunto es para tom\u00e1rselo muy en serio\u201d.<\/p>\n\n\n\n<p>Finalmente, Milei adelant\u00f3 que el nombre de su ministro de Econom\u00eda lo anunciar\u00e1 el d\u00eda despu\u00e9s del balotaje (obviamente si resulta electo presidente) y detall\u00f3 cu\u00e1les ser\u00e1n sus pr\u00f3ximos pasos antes de la elecci\u00f3n del domingo. \u201cHoy voy a\u00a0<strong>responder preguntas<\/strong>\u00a0a los medios de comunicaci\u00f3n, pero<strong>\u00a0s\u00f3lo a los periodistas que considero respetables<\/strong>. Y haremos<strong>\u00a0dos caravanas grandes<\/strong>: una el\u00a0<strong>martes en Rosario<\/strong>\u00a0y el\u00a0<strong>cierre de campa\u00f1a<\/strong>\u00a0lo vamos hacer en<strong>\u00a0C\u00f3rdoba el jueves<\/strong>\u201d, finaliz\u00f3.<\/p>\n\n\n\n<p>Fuente: Infobae<\/p>\n","protected":false},"excerpt":{"rendered":"<div class=\"mh-excerpt\"><p>Con los niveles de adrenalina todav\u00eda elevados, a tal punto que -admiti\u00f3- no pudo dormir durante toda la noche, el d\u00eda despu\u00e9s del debate presidencial&nbsp;Javier Milei hizo su propio an\u00e1lisis&nbsp;y consider\u00f3 que&nbsp;sali\u00f3 muy bien posicionado&nbsp;para el balotaje. \u201cMe sent\u00ed muy\u00a0c\u00f3modo. Lo que hay que comprender es lo que va a buscar cada uno al debate\u201d, comenz\u00f3 a modo de introducci\u00f3n, en di\u00e1logo con Eduardo Feinmann por\u00a0Radio Mitre. \u201cHab\u00eda una\u00a0clara intenci\u00f3n de (Sergio) Massa de provocarme\u00a0y, con su equipo de brasile\u00f1os y psic\u00f3logos, tratar de buscar elementos para probarme y que yo me saliera de s\u00ed. Me provoc\u00f3,\u00a0fue muy agresivo\u00a0muchas veces, <a class=\"mh-excerpt-more\" href=\"http:\/\/dsrmedios.com.ar\/diario\/archivos\/41382\" title=\"El d\u00eda despu\u00e9s del debate, Milei denunci\u00f3 a \u201clos tosedores de Massa\u201d y explic\u00f3 por qu\u00e9 Macri y Bullrich no lo acompa\u00f1aron\">[Leer m\u00e1s]<\/a><\/p>\n<\/div>","protected":false},"author":8,"featured_media":32666,"comment_status":"open","ping_status":"closed","sticky":false,"template":"","format":"standard","meta":{"_jetpack_newsletter_access":""},"categories":[6],"tags":[],"jetpack_featured_media_url":"http:\/\/dsrmedios.com.ar\/diario\/wp-content\/uploads\/2023\/05\/javier-milei.webp","jetpack_sharing_enabled":true,"jetpack_shortlink":"https:\/\/wp.me\/p9fihK-aLs","_links":{"self":[{"href":"http:\/\/dsrmedios.com.ar\/diario\/wp-json\/wp\/v2\/posts\/41382"}],"collection":[{"href":"http:\/\/dsrmedios.com.ar\/diario\/wp-json\/wp\/v2\/posts"}],"about":[{"href":"http:\/\/dsrmedios.com.ar\/diario\/wp-json\/wp\/v2\/types\/post"}],"author":[{"embeddable":true,"href":"http:\/\/dsrmedios.com.ar\/diario\/wp-json\/wp\/v2\/users\/8"}],"replies":[{"embeddable":true,"href":"http:\/\/dsrmedios.com.ar\/diario\/wp-json\/wp\/v2\/comments?post=41382"}],"version-history":[{"count":1,"href":"http:\/\/dsrmedios.com.ar\/diario\/wp-json\/wp\/v2\/posts\/41382\/revisions"}],"predecessor-version":[{"id":41384,"href":"http:\/\/dsrmedios.com.ar\/diario\/wp-json\/wp\/v2\/posts\/41382\/revisions\/41384"}],"wp:featuredmedia":[{"embeddable":true,"href":"http:\/\/dsrmedios.com.ar\/diario\/wp-json\/wp\/v2\/media\/32666"}],"wp:attachment":[{"href":"http:\/\/dsrmedios.com.ar\/diario\/wp-json\/wp\/v2\/media?parent=41382"}],"wp:term":[{"taxonomy":"category","embeddable":true,"href":"http:\/\/dsrmedios.com.ar\/diario\/wp-json\/wp\/v2\/categories?post=41382"},{"taxonomy":"post_tag","embeddable":true,"href":"http:\/\/dsrmedios.com.ar\/diario\/wp-json\/wp\/v2\/tags?post=41382"}],"curies":[{"name":"wp","href":"https:\/\/api.w.org\/{rel}","templated":true}]}}