{"id":41329,"date":"2023-11-11T17:54:33","date_gmt":"2023-11-11T20:54:33","guid":{"rendered":"http:\/\/dsrmedios.com.ar\/diario\/?p=41329"},"modified":"2023-11-11T17:54:35","modified_gmt":"2023-11-11T20:54:35","slug":"massa-y-milei-buscaran-forzar-errores-en-el-debate-a-la-caza-de-los-votos-de-los-indecisos-y-en-blanco","status":"publish","type":"post","link":"http:\/\/dsrmedios.com.ar\/diario\/archivos\/41329","title":{"rendered":"Massa y Milei buscar\u00e1n forzar errores en el debate a la caza de los votos de los indecisos y en blanco"},"content":{"rendered":"\n<p>Ma\u00f1ana,&nbsp;<a href=\"https:\/\/tn.com.ar\/politica\/2023\/11\/10\/el-pro-juega-a-fondo-para-asegurar-el-voto-por-milei-y-prepara-un-acto-masivo-para-arengar-a-los-fiscales\/\" target=\"_blank\" rel=\"noreferrer noopener\"><strong>Javier Milei<\/strong><\/a>y<a href=\"https:\/\/tn.com.ar\/politica\/2023\/11\/10\/en-la-previa-al-debate-sergio-massa-se-rodea-de-peronistas-no-k-en-busca-de-votos-esquivos\/\" target=\"_blank\" rel=\"noreferrer noopener\"><strong>Sergio Massa<\/strong><\/a>&nbsp;mirar\u00e1n las c\u00e1maras. Sabr\u00e1n que&nbsp;<strong>su destino depende de explotar al m\u00e1ximo esas dos horas<\/strong>&nbsp;de debate.Se enfrentar\u00e1n, cara a cara, midi\u00e9ndose para no cometer errores y&nbsp;<strong>forzar al otro a equivocarse<\/strong>&nbsp;y perder el control.<\/p>\n\n\n\n<p>Las\u00a0<strong>campa\u00f1as modernas<\/strong>\u00a0y, en particular los debates,no son momento para desarrollar ideas ni programas de gobierno.<strong>\u00a0Son espacios para trasmitir emociones<\/strong>. Gana el que muestra liderazgo, el que genera m\u00e1s esperanza, pero tambi\u00e9n pierde el que infunde m\u00e1s temor, el que titubea o el que no sabe imponerse a su adversario. Lo sufri\u00f3 el mi\u00e9rcoles Agust\u00edn Rossi, cuando Victoria Villaroel lo interrumpi\u00f3 mil veces y, sin exponer ninguna idea, se mostr\u00f3 mucho m\u00e1s segura y domin\u00f3 la discusi\u00f3n.<\/p>\n\n\n\n<p>Por ese carril transitar\u00e1 el debate.<strong>&nbsp;Massa aprovechar\u00e1 su experiencia de gobierno<\/strong>, tanto como intendente, diputado y ministro de Econom\u00eda; su&nbsp;<strong>manejo muy profesional de su car\u00e1cter<\/strong>&nbsp;y del discurso y&nbsp;<strong>su conocimiento del Estado&nbsp;<\/strong>y muchos de los anuncios que hizo para beneficiar a distintos sectores.<\/p>\n\n\n\n<p><strong>Milei,<\/strong>&nbsp;economista, har\u00e1&nbsp;<strong>hincapi\u00e9 en la pobreza, la alta inflaci\u00f3n, la inseguridad y sus dotes de histrionismo y comunicaci\u00f3n<\/strong>. Todo como parte de un debate flexible, que permitir\u00e1 m\u00e1s cruces y le dar\u00e1 a los dos candidatos la posibilidad de moverse frente a las c\u00e1maras. Por eso, ambos suspendieron sus actos para concentrarse, entrenar y focalizar las mejores estrategias.<\/p>\n\n\n\n<p>En un escenario de&nbsp;<strong>paridad de encuestas, el debate podr\u00eda ser decisivo<\/strong>&nbsp;para inclinar la balanza.&nbsp;<strong>\u201cA esta altura, buena parte de los electores ya sabe a qui\u00e9n va a votar.<\/strong>&nbsp;Ahora, los responsables de la estrategia de las&nbsp;<a href=\"https:\/\/tn.com.ar\/politica\/2023\/11\/09\/gritos-peleas-y-tres-dirigentes-en-la-mira-la-trastienda-de-la-cumbre-libertaria-que-termino-en-escandalo\/\" target=\"_blank\" rel=\"noreferrer noopener\">campa\u00f1as&nbsp;<\/a>empiezan a rascar el fondo de la olla\u201d, dice un analista.<\/p>\n\n\n\n<p>Quienes est\u00e1n en el<strong>&nbsp;fondo de la olla, el universo disponible de&nbsp;<\/strong><a href=\"https:\/\/tn.com.ar\/politica\/2023\/11\/09\/un-sector-del-radicalismo-critico-a-milei-y-aseguro-que-sus-declaraciones-afirman-posturas-antidemocraticas\/\" target=\"_blank\" rel=\"noreferrer noopener\"><strong>votos<\/strong><\/a>, son los electores que siguen&nbsp;<strong>indecisos&nbsp;<\/strong>y los que siguen diciendo que votar\u00e1n&nbsp;<strong>en blanco<\/strong>. Un universo que llega, apenas, al&nbsp;<strong>10%<\/strong>.<\/p>\n\n\n\n<p>Ah\u00ed\u00a0<strong>se entremezclan los que detestan las dos opciones\u00a0<\/strong>disponibles; los\u00a0<strong>desencantados\u00a0<\/strong>y los que primero votaron por Juan Schiaretti o tal vez por Horacio Rodr\u00edguez Larreta, despu\u00e9s por\u00a0<a rel=\"noreferrer noopener\" href=\"https:\/\/tn.com.ar\/politica\/2023\/11\/09\/bullrich-conto-que-analiza-presentar-un-amparo-para-mover-el-feriado-del-20-perjudica-a-milei\/\" target=\"_blank\">Patricia Bullrich<\/a>\u00a0y ahora<strong>\u00a0tienen que buscar una tercera preferencia\u00a0<\/strong>o, quiz\u00e1s, directamente no vayan a votar.<\/p>\n\n\n\n<p>En este contexto hay cinco datos para tener en cuenta y que pueden ayudan a prever lo que vendr\u00e1 en estos d\u00edas clave:<\/p>\n\n\n\n<ol>\n<li><strong>El acercamiento de&nbsp;<\/strong><a href=\"https:\/\/tn.com.ar\/politica\/2023\/11\/04\/la-foto-de-la-dolarizacion-el-mensaje-indirecto-de-milei-para-mauricio-macri-y-la-puja-por-la-economia\/\" target=\"_blank\" rel=\"noreferrer noopener\"><strong>Mauricio Macri&nbsp;<\/strong><\/a><strong>a Javier Milei&nbsp;<\/strong>aceler\u00f3 la transferencia de los&nbsp;<strong>votos&nbsp;<\/strong>duros de&nbsp;<strong>Patricia Bullrich.<\/strong>&nbsp;Los encuestadores coinciden en que el 60% ya migraron. No hay mucho margen para crecer aun m\u00e1s en ese universo.<\/li>\n\n\n\n<li><a href=\"https:\/\/tn.com.ar\/politica\/2023\/11\/09\/la-campana-mira-a-cordoba-massa-y-milei-apuestan-al-voto-fernet-como-clave-para-ganar-el-balotaje\/\" target=\"_blank\" rel=\"noreferrer noopener\"><strong>Massa&nbsp;<\/strong><\/a><strong>y Milei&nbsp;<\/strong>se esfuerzan por mostrar que la elecci\u00f3n es muy pareja y cada uno de ellos sostiene que&nbsp;<strong>va segundo<\/strong>, no primero: es una forma de&nbsp;<strong>movilizar&nbsp;<\/strong>a los propios y de pedir a los indecisos el voto para que no gane el adversario. En el balotaje no se elige, sino que&nbsp;<strong>se opta por votar el mal menor.<\/strong><\/li>\n\n\n\n<li><strong>Milei, es cierto,&nbsp;<\/strong>dio un gran salto en el electorado y<strong>&nbsp;acort\u00f3 la distancia<\/strong>. Durante las \u00faltimas dos semanas, Creci\u00f3 mucho m\u00e1s que Massa, pero esa suba ya habr\u00eda tocado un techo, explican varios encuestadores.<\/li>\n\n\n\n<li>Es<strong>&nbsp;tan estrecho el margen<\/strong>&nbsp;que separa a los dos candidatos, que los responsables de la campa\u00f1a despliegan<strong>&nbsp;mapas forenses,<\/strong>&nbsp;una verdadera autopsia del pa\u00eds, que indican distritos y zonas donde&nbsp;<strong>pueden conseguirse unos votos m\u00e1s.<\/strong><\/li>\n\n\n\n<li>Hay, tambi\u00e9n, una certeza:<strong>&nbsp;cualquier factor, un cisne negro o un error no forzado&nbsp;<\/strong>que puede ocurrir desde hoy al 19, puede&nbsp;<strong>desestabilizar&nbsp;<\/strong>el escenario.<\/li>\n<\/ol>\n\n\n\n<p>Massa no puede soportar otro error como el cometi\u00f3 YPF cuando dej\u00f3<a href=\"https:\/\/tn.com.ar\/economia\/2023\/11\/01\/pese-al-aumento-la-nafta-y-el-gasoil-siguen-atrasadas-y-seran-un-problema-para-el-proximo-gobierno\/\" target=\"_blank\" rel=\"noreferrer noopener\">&nbsp;sin nafta a todo el pa\u00eds<\/a>. Y, por ser el hombre que maneja la econom\u00eda, es el que est\u00e1 m\u00e1s expuesto a lo imprevisible. La semana anterior, el candidato perdi\u00f3 algunos puntos por el efecto del<a href=\"https:\/\/tn.com.ar\/economia\/2023\/11\/05\/aumento-la-nafta-y-siguen-los-faltantes-como-se-determina-el-precio-de-los-combustibles-en-la-argentina\/\" target=\"_blank\" rel=\"noreferrer noopener\"><strong>&nbsp;faltante de naftas,<\/strong><\/a>&nbsp;un error no forzado. El entorno de M\u00e1ximo Kirchner y de La C\u00e1mpora le viene deparando sorpresas agrias: primero fue Mart\u00edn Insaurralde; luego, el problema con los combustibles y esta semana el esc\u00e1ndalo del espionaje.<\/p>\n\n\n\n<p>Ese drenaje de votos ya se fren\u00f3, pero no puede perder m{as. No le sobra nada. Por eso, tambi\u00e9n intenta reforzar el abastecimiento en los supermercados para evitar quejas de los consumidores. En lo econ\u00f3mico,&nbsp;<strong>el&nbsp;<\/strong><a href=\"https:\/\/tn.com.ar\/economia\/2023\/11\/10\/dolar-blue-hoy-y-dolar-hoy-a-cuanto-cotizaron-este-viernes-10-de-noviembre\/\" target=\"_blank\" rel=\"noreferrer noopener\"><strong>d\u00f3lar&nbsp;<\/strong><\/a><a href=\"https:\/\/tn.com.ar\/economia\/2023\/11\/10\/el-gobierno-dice-que-retomara-la-devaluacion-por-goteo-pero-analistas-advierten-que-el-dolar-seguira-atrasado\/\" target=\"_blank\" rel=\"noreferrer noopener\"><strong>blue&nbsp;<\/strong><\/a><strong>y los d\u00f3lares financieros bajaron y se mantuvieron calmos hasta ayer, pero ahora pegaron un salto. Vuelve la dolarizaci\u00f3n?&nbsp;<\/strong>No es lo mismo llegar al 19 con un d\u00f3lar por debajo de los $900 que hacerlo con un d\u00f3lar de p\u00e1nico en $1200. Mientras el \u00edndice de&nbsp;<a href=\"https:\/\/tn.com.ar\/economia\/2023\/11\/08\/bancos-y-consultoras-empeoraron-sus-proyecciones-para-2024-y-esperan-que-la-inflacion-sea-mayor-que-en-2023\/\" target=\"_blank\" rel=\"noreferrer noopener\">inflaci\u00f3n<\/a>, que se conocer\u00e1 el lunes, aun siendo muy alto, ser\u00e1 inferior al de septiembre.<\/p>\n\n\n\n<figure class=\"wp-block-image\"><img decoding=\"async\" src=\"https:\/\/tn.com.ar\/resizer\/clwsdqPewxjOYq97RNk5U5aSF_E=\/767x0\/smart\/filters:format(webp)\/cloudfront-us-east-1.images.arcpublishing.com\/artear\/K2HQTDFL3NGF7AQKPLJH4RUSDM.jpg\" alt=\"Sergio Massa y Javier Milei se encontrar\u00e1n en el \u00faltimo debate presidencial rumbo al balotaje. (Foto: Reuters)\"\/><figcaption class=\"wp-element-caption\">Sergio Massa y Javier Milei se encontrar\u00e1n en el \u00faltimo debate presidencial rumbo al balotaje. (Foto: Reuters)<\/figcaption><\/figure>\n\n\n\n<p>As\u00ed se llega al&nbsp;<a href=\"https:\/\/tn.com.ar\/politica\/2023\/11\/09\/debate-presidencial-entre-sergio-massa-y-javier-milei-horario-temas-y-como-ver-en-vivo\/\" target=\"_blank\" rel=\"noreferrer noopener\"><strong>debate&nbsp;<\/strong><\/a><strong>del domingo<\/strong>, donde es esperable ver a Massa en \u2018estado zen\u2019 y a Milei mucho m\u00e1s calmo que de costumbre.<\/p>\n\n\n\n<p>Ambos intentar\u00e1n repetir sus trucos.<strong>\u00a0Massa\u00a0<\/strong>volver\u00e1 a desplegar su acto de ilusionismo para hacerle creer a los electores que<strong>\u00a0el kirchnerismo es cosa del pasado.<\/strong>\u00a0Y\u00a0<strong>Milei<\/strong>, luego de su acuerdo con Macri, intenta\u00a0<strong>mostrarse ubicado m\u00e1s al centro<\/strong>\u00a0pol\u00edtico.<\/p>\n\n\n\n<p>El libertario&nbsp;<strong>tendr\u00e1 mucho para cuestionar a Massa:<\/strong>&nbsp;la inflaci\u00f3n, la pobreza, la crisis de la salud, la calidad de la educaci\u00f3n y muchos d\u00e9ficit m\u00e1s del gobierno de Alberto Fern\u00e1ndez que comenz\u00f3 hace cuatro a\u00f1os. El ministro, por su parte, aprovechar\u00e1 cualquier flaqueza de su oponente para mostrarlo como&nbsp;<strong>imprevisible y contradictorio,&nbsp;<\/strong>todos los cambios de discurso que tuvo durante los \u00faltimos cinco meses.<\/p>\n\n\n\n<p><strong>Una respuesta acertada, una mirada, un error, puede marcar la diferencia.<\/strong>&nbsp;No s\u00f3lo porque habr\u00e1 millones de personas mir\u00e1ndolos, sino porque el recorte que se hace de esos instantes en las redes llegar\u00e1, durante los siguientes d\u00edas, a otros muchos votantes.<\/p>\n\n\n\n<h2>Seis ejes tem\u00e1ticos, r\u00e9plicas y cruces cara a cara: as\u00ed ser\u00e1 el debate de los candidatos antes del balotaje<\/h2>\n\n\n\n<p>La<a href=\"https:\/\/tn.com.ar\/politica\/2023\/11\/09\/debate-presidencial-entre-sergio-massa-y-javier-milei-horario-temas-y-como-ver-en-vivo\/\" target=\"_blank\" rel=\"noreferrer noopener\"><strong>C\u00e1mara Nacional Electoral (CNE)<\/strong><\/a><strong>&nbsp;difundi\u00f3 el reglamento del debate&nbsp;<\/strong>que comenzar\u00e1 a las 21, en la Facultad de Derecho de la Universidad de Buenos Aires (UBA), una semana antes del balotaje.<\/p>\n\n\n\n<p>Los candidatos tendr\u00e1n en el atril&nbsp;<strong>material gr\u00e1fico<\/strong>, pero no podr\u00e1n mostrarlo a c\u00e1mara. A su vez, queda prohibido llevar cualquier dispositivo electr\u00f3nico. La organizaci\u00f3n del evento les brindar\u00e1 hojas en blanco y una lapicera, adem\u00e1s de la hoja de ruta del debate.<\/p>\n\n\n\n<figure class=\"wp-block-image\"><img decoding=\"async\" src=\"https:\/\/tn.com.ar\/resizer\/aYkekksPo_GrblrXyxrXi7icsVU=\/767x0\/smart\/filters:format(webp)\/cloudfront-us-east-1.images.arcpublishing.com\/artear\/G4JHPUKNWNB4PN3AIYIESYTKRI.jpg\" alt=\"El tercer debate presidencial ser\u00e1 este domingo en la Facultad de Derecho de la UBA. (Foto: Nicol\u00e1s Gonz\u00e1lez \/ TN)\"\/><figcaption class=\"wp-element-caption\">El tercer debate presidencial ser\u00e1 este domingo en la Facultad de Derecho de la UBA. (Foto: Nicol\u00e1s Gonz\u00e1lez \/ TN)<\/figcaption><\/figure>\n\n\n\n<p>El sorteo determin\u00f3 que los candidatos debatir\u00e1n&nbsp;<strong>seis ejes<\/strong>&nbsp;tem\u00e1ticos de&nbsp;<strong>12 minutos cada uno,<\/strong>&nbsp;que el postulante administrar\u00e1 a su gusto:<\/p>\n\n\n\n<ul>\n<li>Econom\u00eda<\/li>\n\n\n\n<li>Relaciones de la Argentina con el mundo<\/li>\n\n\n\n<li>Educaci\u00f3n y Salud<\/li>\n\n\n\n<li>Producci\u00f3n y trabajo<\/li>\n\n\n\n<li>Seguridad<\/li>\n\n\n\n<li>Derechos Humanos y convivencia<\/li>\n<\/ul>\n\n\n\n<p>Los&nbsp;<strong>bloques&nbsp;<\/strong>del encuentro se dividir\u00e1n en:<\/p>\n\n\n\n<ul>\n<li>Apertura y presentaci\u00f3n<\/li>\n\n\n\n<li>Exposici\u00f3n de las tem\u00e1ticas 1, 2 y 3<\/li>\n\n\n\n<li>Exposici\u00f3n de las tem\u00e1ticas 4, 5 y 6<\/li>\n\n\n\n<li>Cierre<\/li>\n<\/ul>\n\n\n\n<p>\u201cSe realizar\u00e1n&nbsp;<strong>pausas de programaci\u00f3n<\/strong>&nbsp;que permiten a los candidatos conversar con su equipo asesor, descansar y\/o prepararse para el pr\u00f3ximo bloque\u201d, se\u00f1ala el reglamento. Asimismo, se inform\u00f3 que el debate previo a la segunda vuelta tendr\u00e1<strong>&nbsp;una duraci\u00f3n aproximada de 1 horas y 54 minutos.<\/strong><\/p>\n\n\n\n<p>En el sorteo que se realiz\u00f3 este mi\u00e9rcoles en la sede la CNE se determin\u00f3 que el primero en presentarse ser\u00e1 Massa y luego Milei. De acuerdo con las reglas acordadas, ambos postulantes contar\u00e1n con&nbsp;<strong>un minuto de presentaci\u00f3n y dos minutos para el cierre&nbsp;<\/strong>de sus conclusiones.<\/p>\n\n\n\n<p>En cuanto a las<strong>\u00a0ubicaciones,\u00a0<\/strong>en el atril de la izquierda estar\u00e1 el candidato libertario, mientras que en el de la derecha se ubicar\u00e1 el candidato oficialista.<\/p>\n\n\n\n<p>A fin de generar m\u00e1s interacci\u00f3n entre los protagonistas, se defini\u00f3 que el debate ser\u00e1 a&nbsp;<strong>micr\u00f3fono abierto<\/strong>, con lo que se permiten las interrupciones, cuestionamientos y cruces en cada tema. El tiempo de cada intervenci\u00f3n se descontar\u00e1 de los 6 minutos de los que disponen los candidatos por bloque.<\/p>\n\n\n\n<p>Tambi\u00e9n podr\u00e1n&nbsp;<strong>replicar afirmaciones y mirarse cara a cara<\/strong>, sin tener que conservar su ubicaci\u00f3n en el atril. Habr\u00e1 un espacio delimitado sobre el escenario en el que cada uno podr\u00e1 moverse para evitar problemas con los planos de las c\u00e1maras.<\/p>\n\n\n\n<p>Los equipos t\u00e9cnicos de cada candidato acordaron que el tercer debate estar\u00e1 moderado por los periodistas\u00a0<strong>Luciana Geuna<\/strong>\u00a0(Canal 13),\u00a0<strong>Pablo Vigna\u00a0<\/strong>(TV P\u00fablica),\u00a0<strong>Erica Fontana<\/strong>\u00a0(Telefe) y\u00a0<strong>Antonio Laje<\/strong>\u00a0(Am\u00e9rica).<\/p>\n\n\n\n<p>Fuente: TN<\/p>\n","protected":false},"excerpt":{"rendered":"<div class=\"mh-excerpt\"><p>Ma\u00f1ana,&nbsp;Javier MileiySergio Massa&nbsp;mirar\u00e1n las c\u00e1maras. Sabr\u00e1n que&nbsp;su destino depende de explotar al m\u00e1ximo esas dos horas&nbsp;de debate.Se enfrentar\u00e1n, cara a cara, midi\u00e9ndose para no cometer errores y&nbsp;forzar al otro a equivocarse&nbsp;y perder el control. Las\u00a0campa\u00f1as modernas\u00a0y, en particular los debates,no son momento para desarrollar ideas ni programas de gobierno.\u00a0Son espacios para trasmitir emociones. Gana el que muestra liderazgo, el que genera m\u00e1s esperanza, pero tambi\u00e9n pierde el que infunde m\u00e1s temor, el que titubea o el que no sabe imponerse a su adversario. Lo sufri\u00f3 el mi\u00e9rcoles Agust\u00edn Rossi, cuando Victoria Villaroel lo interrumpi\u00f3 mil veces y, sin exponer ninguna <a class=\"mh-excerpt-more\" href=\"http:\/\/dsrmedios.com.ar\/diario\/archivos\/41329\" title=\"Massa y Milei buscar\u00e1n forzar errores en el debate a la caza de los votos de los indecisos y en blanco\">[Leer m\u00e1s]<\/a><\/p>\n<\/div>","protected":false},"author":8,"featured_media":41333,"comment_status":"open","ping_status":"closed","sticky":false,"template":"","format":"standard","meta":{"_jetpack_newsletter_access":""},"categories":[6],"tags":[],"jetpack_featured_media_url":"http:\/\/dsrmedios.com.ar\/diario\/wp-content\/uploads\/2023\/11\/cloudfront-us-east-1.images.arcpublishing.jpg","jetpack_sharing_enabled":true,"jetpack_shortlink":"https:\/\/wp.me\/p9fihK-aKB","_links":{"self":[{"href":"http:\/\/dsrmedios.com.ar\/diario\/wp-json\/wp\/v2\/posts\/41329"}],"collection":[{"href":"http:\/\/dsrmedios.com.ar\/diario\/wp-json\/wp\/v2\/posts"}],"about":[{"href":"http:\/\/dsrmedios.com.ar\/diario\/wp-json\/wp\/v2\/types\/post"}],"author":[{"embeddable":true,"href":"http:\/\/dsrmedios.com.ar\/diario\/wp-json\/wp\/v2\/users\/8"}],"replies":[{"embeddable":true,"href":"http:\/\/dsrmedios.com.ar\/diario\/wp-json\/wp\/v2\/comments?post=41329"}],"version-history":[{"count":1,"href":"http:\/\/dsrmedios.com.ar\/diario\/wp-json\/wp\/v2\/posts\/41329\/revisions"}],"predecessor-version":[{"id":41334,"href":"http:\/\/dsrmedios.com.ar\/diario\/wp-json\/wp\/v2\/posts\/41329\/revisions\/41334"}],"wp:featuredmedia":[{"embeddable":true,"href":"http:\/\/dsrmedios.com.ar\/diario\/wp-json\/wp\/v2\/media\/41333"}],"wp:attachment":[{"href":"http:\/\/dsrmedios.com.ar\/diario\/wp-json\/wp\/v2\/media?parent=41329"}],"wp:term":[{"taxonomy":"category","embeddable":true,"href":"http:\/\/dsrmedios.com.ar\/diario\/wp-json\/wp\/v2\/categories?post=41329"},{"taxonomy":"post_tag","embeddable":true,"href":"http:\/\/dsrmedios.com.ar\/diario\/wp-json\/wp\/v2\/tags?post=41329"}],"curies":[{"name":"wp","href":"https:\/\/api.w.org\/{rel}","templated":true}]}}