{"id":40968,"date":"2023-10-31T20:28:34","date_gmt":"2023-10-31T23:28:34","guid":{"rendered":"http:\/\/dsrmedios.com.ar\/diario\/?p=40968"},"modified":"2023-10-31T20:28:37","modified_gmt":"2023-10-31T23:28:37","slug":"la-cgt-analiza-organizar-un-acto-de-campana-con-sergio-massa-en-santiago-del-estero","status":"publish","type":"post","link":"http:\/\/dsrmedios.com.ar\/diario\/archivos\/40968","title":{"rendered":"La CGT analiza organizar un acto de campa\u00f1a con Sergio Massa en Santiago del Estero"},"content":{"rendered":"\n<p>La mesa chica de la&nbsp;<strong>CGT&nbsp;<\/strong>analizar\u00e1 este mi\u00e9rcoles la posible organizaci\u00f3n de&nbsp;<strong>un acto con Sergio Massa en<\/strong>&nbsp;<strong>Santiago del Estero,<\/strong>&nbsp;pero esperar\u00e1&nbsp;<strong>se\u00f1ales<\/strong>&nbsp;del propio ministro-candidato antes de avanzar con la iniciativa, pensada para<strong>&nbsp;reforzar la presencia sindical<\/strong>&nbsp;en la campa\u00f1a de Uni\u00f3n por la Patria.<\/p>\n\n\n\n<p>La idea de hacer un acto encabezado por Massa ser\u00e1 uno de los temas que abordar\u00e1 la dirigencia cegetista, a las 15, en la sede de UPCN, en Moreno al 1300, donde tambi\u00e9n se evaluar\u00e1 el resultado de las elecciones y distintas formas de&nbsp;<strong>apuntalar la captaci\u00f3n de votos&nbsp;<\/strong>para la segunda vuelta.<\/p>\n\n\n\n<p>La CGT&nbsp;<strong>apost\u00f3 fuerte&nbsp;<\/strong>a la candidatura de Massa y lo demostr\u00f3 con actos callejeros, campa\u00f1as en las redes sociales y asambleas en los lugares de trabajo para pedir el voto. La \u00faltima expresi\u00f3n de apoyo en la calle fue&nbsp;<strong>el acto ante el Congreso,<\/strong>&nbsp;el 29 de septiembre pasado, donde moviliz\u00f3 a unas 200.000 personas para celebrar la ley de eliminaci\u00f3n del Impuesto a las Ganancias, un persistente reclamo de los gremialistas que cumpli\u00f3 Massa luego de haber&nbsp;<strong>chocado&nbsp;<\/strong>con la negativa de&nbsp;<strong>Cristina Kirchner<\/strong>&nbsp;durante su gobierno y m\u00e1s tarde con la promesa incumplida de&nbsp;<strong>Mauricio Macri<\/strong>.<\/p>\n\n\n\n<p><img decoding=\"async\" loading=\"lazy\" alt=\"Sergio Massa y dirigentes de la CGT en la C\u00e1mara de Diputados cuando se debati\u00f3 la eliminaci\u00f3n de Ganancias\" height=\"1080\" width=\"1920\" src=\"https:\/\/www.infobae.com\/new-resizer\/QKdzo6410_U5ow3essz0iKc2w2I=\/420x236\/filters:format(webp):quality(85)\/cloudfront-us-east-1.images.arcpublishing.com\/infobae\/TSZTEL3F3FBPJC2WNGYN3IFVXA.jpg%20420w\" srcset=\"https:\/\/www.infobae.com\/new-resizer\/QKdzo6410_U5ow3essz0iKc2w2I=\/420x236\/filters:format(webp):quality(85)\/cloudfront-us-east-1.images.arcpublishing.com\/infobae\/TSZTEL3F3FBPJC2WNGYN3IFVXA.jpg 420w,https:\/\/www.infobae.com\/new-resizer\/V6IHn4bxQOrdaKtqJNovdeVkWq4=\/768x432\/filters:format(webp):quality(85)\/cloudfront-us-east-1.images.arcpublishing.com\/infobae\/TSZTEL3F3FBPJC2WNGYN3IFVXA.jpg 768w,https:\/\/www.infobae.com\/new-resizer\/IbR2r-7AoBkkI1bdQrb4fWbLkP4=\/992x558\/filters:format(webp):quality(85)\/cloudfront-us-east-1.images.arcpublishing.com\/infobae\/TSZTEL3F3FBPJC2WNGYN3IFVXA.jpg 992w,https:\/\/www.infobae.com\/new-resizer\/-CBQK4-Bxn7LBNjSuAERYBqRQ98=\/1200x675\/filters:format(webp):quality(85)\/cloudfront-us-east-1.images.arcpublishing.com\/infobae\/TSZTEL3F3FBPJC2WNGYN3IFVXA.jpg 1200w,https:\/\/www.infobae.com\/new-resizer\/CmngIzz1xo0LyU8YrnZhnRWwpcQ=\/1440x810\/filters:format(webp):quality(85)\/cloudfront-us-east-1.images.arcpublishing.com\/infobae\/TSZTEL3F3FBPJC2WNGYN3IFVXA.jpg 1440w\">Sergio Massa y dirigentes de la CGT en la C\u00e1mara de Diputados cuando se debati\u00f3 la eliminaci\u00f3n de Ganancias<\/p>\n\n\n\n<p>Los m\u00e1s activos impulsores sindicales del\u00a0<strong>proyecto \u201cSergio Presidente\u201d<\/strong>\u00a0son los miembros del sector que controla la CGT, integrado por\u00a0<strong>\u201clos Gordos\u201d<\/strong>\u00a0(H\u00e9ctor Daer, de Sanidad, y Armando Cavalieri, de Comercio) y los\u00a0<strong>independientes<\/strong>\u00a0(Andr\u00e9s Rodr\u00edguez, de UPCN; Gerardo Mart\u00ednez, de la UOCRA, y Jos\u00e9 Luis Lingeri, de Obras Sanitarias), adem\u00e1s de\u00a0<strong>aliados\u00a0<\/strong>como Sergio Romero (UDA), Julio Piumato (judiciales), Rodolfo Daer (Alimentaci\u00f3n) y Jorge Sola (seguro), entre otros.<\/p>\n\n\n\n<p>Por otra parte, Massa&nbsp;<strong>posterg\u00f3&nbsp;<\/strong>el encuentro que estaba previsto este mi\u00e9rcoles con&nbsp;<strong>Hugo Moyano y tres de sus hijos, Facundo, Huguito y Jer\u00f3nimo,&nbsp;<\/strong>debido a que viajar\u00e1 Mendoza y La Pampa. Todav\u00eda no est\u00e1 definida la nueva fecha de la reuni\u00f3n, anticipada por<strong>&nbsp;Infobae<\/strong>, en la que el l\u00edder del Sindicato de Camioneros, sin Pablo Moyano, iba a&nbsp;<strong>ratificar su apoyo&nbsp;<\/strong>al candidato oficialista para el balotaje.<\/p>\n\n\n\n<p><strong>Pablo Moyano&nbsp;<\/strong>no estaba invitado al encuentro en el Ministerio de Econom\u00eda porque la pelea con su padre se mantiene, pese a la tregua entre ambos que permiti\u00f3 su reciente reelecci\u00f3n, y la relaci\u00f3n con dos de sus hermanos est\u00e1 signada por las tensiones: a<strong>&nbsp;Facundo<\/strong>, el n\u00famero 2 del Sindicato de Peajes, no le perdona que lo haya criticado por su cercan\u00eda con el kirchnerismo, y con&nbsp;<strong>Jer\u00f3nimo<\/strong>&nbsp;hay recelos porque Hugo lo privilegia en su carrera y, adem\u00e1s, se lleva mal con su mam\u00e1, Liliana Zulet.<\/p>\n\n\n\n<p><img decoding=\"async\" loading=\"lazy\" alt=\"Sergio Massa se reuni\u00f3 el 10 de julio con Hugo Moyano y sus hijos Jer\u00f3nimo y Hugo Jr.; ahora, se sumar\u00e1 Facundo y seguir\u00e1 ausente Pablo en la foto\n\" height=\"2000\" width=\"3000\" src=\"https:\/\/www.infobae.com\/new-resizer\/2Rz7nCg2zbk8zEgq1boSq6kR9sY=\/420x280\/filters:format(webp):quality(85)\/cloudfront-us-east-1.images.arcpublishing.com\/infobae\/HS7QC4N4EVBHJC27Z2QRPWAZWQ.jpeg%20420w\" srcset=\"https:\/\/www.infobae.com\/new-resizer\/2Rz7nCg2zbk8zEgq1boSq6kR9sY=\/420x280\/filters:format(webp):quality(85)\/cloudfront-us-east-1.images.arcpublishing.com\/infobae\/HS7QC4N4EVBHJC27Z2QRPWAZWQ.jpeg 420w,https:\/\/www.infobae.com\/new-resizer\/dZVVG_zNWB21H-g5Mux-IWbP8qg=\/768x512\/filters:format(webp):quality(85)\/cloudfront-us-east-1.images.arcpublishing.com\/infobae\/HS7QC4N4EVBHJC27Z2QRPWAZWQ.jpeg 768w,https:\/\/www.infobae.com\/new-resizer\/RONXO7JkfDMVuVYksgBaitZbN3Y=\/992x661\/filters:format(webp):quality(85)\/cloudfront-us-east-1.images.arcpublishing.com\/infobae\/HS7QC4N4EVBHJC27Z2QRPWAZWQ.jpeg 992w,https:\/\/www.infobae.com\/new-resizer\/fvdReY52sDWMFIbrXZdLmDVwQfY=\/1200x800\/filters:format(webp):quality(85)\/cloudfront-us-east-1.images.arcpublishing.com\/infobae\/HS7QC4N4EVBHJC27Z2QRPWAZWQ.jpeg 1200w,https:\/\/www.infobae.com\/new-resizer\/5NxbcVyTzFYVFH26ISL7XuAOfHg=\/1440x960\/filters:format(webp):quality(85)\/cloudfront-us-east-1.images.arcpublishing.com\/infobae\/HS7QC4N4EVBHJC27Z2QRPWAZWQ.jpeg 1440w\">Sergio Massa se reuni\u00f3 el 10 de julio con Hugo Moyano y sus hijos Jer\u00f3nimo y Hugo Jr.; ahora, se sumar\u00e1 Facundo y seguir\u00e1 ausente Pablo en la foto<\/p>\n\n\n\n<p>Aun as\u00ed, toda la familia Moyano apoya a Massa. Hugo lo respalda, aunque antes del cierre de listas hab\u00eda apostado a la candidatura de&nbsp;<strong>Daniel Scioli<\/strong>&nbsp;e incluso iba a ser primer candidato a diputado por la provincia de Buenos Aires hasta que el acuerdo interno en el oficialismo permiti\u00f3 que el ministro de Econom\u00eda fuera el \u00fanico postulante de Uni\u00f3n por la Patria. Pablo tambi\u00e9n se convirti\u00f3 en un&nbsp;<strong>fiel militante<\/strong>&nbsp;de la postulaci\u00f3n presidencial del l\u00edder del Frente Renovador, con firmes declaraciones y gestos de apoyo, pese a que estaba&nbsp;<strong>alineado&nbsp;<\/strong>con Cristina Kirchner y La C\u00e1mpora.<\/p>\n\n\n\n<p>El \u00fanico de los Moyano que se manten\u00eda sin dar se\u00f1ales claras era\u00a0<strong>Facundo Moyano,\u00a0<\/strong>quien tiene una buena relaci\u00f3n personal con Massa, pero dio a entender que no avalar\u00eda su candidatura en la medida en que el ministro-candidato siguiera\u00a0<strong>aliado a Cristina Kirchner y a su hijo M\u00e1ximo.\u00a0<\/strong>\u201cCon Sergio (Massa) tengo buena relaci\u00f3n, respeto y amistad, pero desde que renunci\u00e9 a la banca dije que con La C\u00e1mpora que no voy ni a la esquina y\u00a0<strong>voy a cumplir mi palabra;\u00a0<\/strong>aparte, no tengo argumentos para defender la gesti\u00f3n de este gobierno\u201d, afirm\u00f3 en julio pasado a\u00a0<strong>Infobae.<\/strong><\/p>\n\n\n\n<p>Ahora, el secretario adjunto del Sindicato de Peajes ya defini\u00f3 su\u00a0<strong>aval\u00a0<\/strong>a la postulaci\u00f3n de Massa, al igual que el resto de su familia, y lo iba a expresar con la foto del encuentro en Econom\u00eda.<\/p>\n\n\n\n<p>Fuente: Infobae<\/p>\n","protected":false},"excerpt":{"rendered":"<div class=\"mh-excerpt\"><p>La mesa chica de la&nbsp;CGT&nbsp;analizar\u00e1 este mi\u00e9rcoles la posible organizaci\u00f3n de&nbsp;un acto con Sergio Massa en&nbsp;Santiago del Estero,&nbsp;pero esperar\u00e1&nbsp;se\u00f1ales&nbsp;del propio ministro-candidato antes de avanzar con la iniciativa, pensada para&nbsp;reforzar la presencia sindical&nbsp;en la campa\u00f1a de Uni\u00f3n por la Patria. La idea de hacer un acto encabezado por Massa ser\u00e1 uno de los temas que abordar\u00e1 la dirigencia cegetista, a las 15, en la sede de UPCN, en Moreno al 1300, donde tambi\u00e9n se evaluar\u00e1 el resultado de las elecciones y distintas formas de&nbsp;apuntalar la captaci\u00f3n de votos&nbsp;para la segunda vuelta. La CGT&nbsp;apost\u00f3 fuerte&nbsp;a la candidatura de Massa y lo demostr\u00f3 <a class=\"mh-excerpt-more\" href=\"http:\/\/dsrmedios.com.ar\/diario\/archivos\/40968\" title=\"La CGT analiza organizar un acto de campa\u00f1a con Sergio Massa en Santiago del Estero\">[Leer m\u00e1s]<\/a><\/p>\n<\/div>","protected":false},"author":8,"featured_media":40971,"comment_status":"open","ping_status":"closed","sticky":false,"template":"","format":"standard","meta":{"_jetpack_newsletter_access":""},"categories":[6],"tags":[],"jetpack_featured_media_url":"http:\/\/dsrmedios.com.ar\/diario\/wp-content\/uploads\/2023\/10\/0PMbfNzAB_1256x620__1.webp","jetpack_sharing_enabled":true,"jetpack_shortlink":"https:\/\/wp.me\/p9fihK-aEM","_links":{"self":[{"href":"http:\/\/dsrmedios.com.ar\/diario\/wp-json\/wp\/v2\/posts\/40968"}],"collection":[{"href":"http:\/\/dsrmedios.com.ar\/diario\/wp-json\/wp\/v2\/posts"}],"about":[{"href":"http:\/\/dsrmedios.com.ar\/diario\/wp-json\/wp\/v2\/types\/post"}],"author":[{"embeddable":true,"href":"http:\/\/dsrmedios.com.ar\/diario\/wp-json\/wp\/v2\/users\/8"}],"replies":[{"embeddable":true,"href":"http:\/\/dsrmedios.com.ar\/diario\/wp-json\/wp\/v2\/comments?post=40968"}],"version-history":[{"count":1,"href":"http:\/\/dsrmedios.com.ar\/diario\/wp-json\/wp\/v2\/posts\/40968\/revisions"}],"predecessor-version":[{"id":40972,"href":"http:\/\/dsrmedios.com.ar\/diario\/wp-json\/wp\/v2\/posts\/40968\/revisions\/40972"}],"wp:featuredmedia":[{"embeddable":true,"href":"http:\/\/dsrmedios.com.ar\/diario\/wp-json\/wp\/v2\/media\/40971"}],"wp:attachment":[{"href":"http:\/\/dsrmedios.com.ar\/diario\/wp-json\/wp\/v2\/media?parent=40968"}],"wp:term":[{"taxonomy":"category","embeddable":true,"href":"http:\/\/dsrmedios.com.ar\/diario\/wp-json\/wp\/v2\/categories?post=40968"},{"taxonomy":"post_tag","embeddable":true,"href":"http:\/\/dsrmedios.com.ar\/diario\/wp-json\/wp\/v2\/tags?post=40968"}],"curies":[{"name":"wp","href":"https:\/\/api.w.org\/{rel}","templated":true}]}}