{"id":40962,"date":"2023-10-31T20:23:41","date_gmt":"2023-10-31T23:23:41","guid":{"rendered":"http:\/\/dsrmedios.com.ar\/diario\/?p=40962"},"modified":"2023-10-31T20:23:44","modified_gmt":"2023-10-31T23:23:44","slug":"la-oposicion-reclama-que-el-gobierno-traslade-el-feriado-del-20-de-noviembre-para-reducir-el-ausentismo-en-el-balotaje","status":"publish","type":"post","link":"http:\/\/dsrmedios.com.ar\/diario\/archivos\/40962","title":{"rendered":"La oposici\u00f3n reclama que el Gobierno traslade el feriado del 20 de noviembre para reducir el ausentismo en el balotaje"},"content":{"rendered":"\n<p>Luego de que el Gobierno Nacional ratificara en las \u00faltimas horas que<a rel=\"noreferrer noopener\" href=\"https:\/\/www.infobae.com\/politica\/2023\/10\/30\/oficial-el-gobierno-no-trasladara-el-feriado-del-20-noviembre-por-el-balotaje\/\" target=\"_blank\">&nbsp;no mover\u00e1 el feriado del lunes 20 de noviembre<\/a>, la oposici\u00f3n present\u00f3 este martes un proyecto de declaraci\u00f3n en la C\u00e1mara de Diputados en el que volvieron a&nbsp;<strong>solicitar su traslado a fin evitar el ausentismo en el balotaje<\/strong>, en el que competir\u00e1n Sergio Massa y Javier Milei el domingo previo.<\/p>\n\n\n\n<p>El pedido fue realizado por los legisladores de Juntos por el Cambio,&nbsp;<strong>Hern\u00e1n Lombardi y Cristian Ritondo,<\/strong>&nbsp;quienes propusieron cambiar el d\u00eda no laborable al&nbsp;<strong>27 del mismo mes<\/strong>. Lo hicieron acusando al oficialismo de \u201cquerer que vote poca gente\u201d y alegando que<strong>&nbsp;la modificaci\u00f3n es posible dado que ya se hizo en la segunda vuelta electoral del 2015<\/strong>, cuando se enfrentaron Mauricio Macri y Daniel Scioli.<\/p>\n\n\n\n<p>En el documento presentado, adem\u00e1s, los diputados hicieron menci\u00f3n a<a rel=\"noreferrer noopener\" href=\"https:\/\/www.infobae.com\/politica\/2023\/10\/25\/la-camara-nacional-electoral-le-pidio-al-gobierno-trasladar-el-feriado-del-20-noviembre-para-evitar-el-ausentismo-en-el-balotaje\/\" target=\"_blank\">&nbsp;la solicitud realizada d\u00edas atr\u00e1s por la C\u00e1mara Nacional Electoral<\/a>, la cual le pidi\u00f3 expresamente a las autoridades que eval\u00faen el traslado del feriado para garantizar la asistencia plena de la ciudadan\u00eda a los comicios. Esta, sin embargo, fue&nbsp;<strong>desestimada.<\/strong><\/p>\n\n\n\n<p><img decoding=\"async\" loading=\"lazy\" alt=\"Massa y Milei se enfrentar\u00e1n en el balotaje el 19 de noviembre\" height=\"2912\" width=\"4368\" src=\"https:\/\/www.infobae.com\/new-resizer\/NzPrwVmIZ6rWyTZ6GXBjNpE3qqk=\/420x280\/filters:format(webp):quality(85)\/cloudfront-us-east-1.images.arcpublishing.com\/infobae\/PDHS7UNXTJHKGQQCFHFTMQ6OJQ.jpg%20420w\" srcset=\"https:\/\/www.infobae.com\/new-resizer\/NzPrwVmIZ6rWyTZ6GXBjNpE3qqk=\/420x280\/filters:format(webp):quality(85)\/cloudfront-us-east-1.images.arcpublishing.com\/infobae\/PDHS7UNXTJHKGQQCFHFTMQ6OJQ.jpg 420w,https:\/\/www.infobae.com\/new-resizer\/xRFTZ_zN7dMghdJX6Y5Rf2_iow0=\/768x512\/filters:format(webp):quality(85)\/cloudfront-us-east-1.images.arcpublishing.com\/infobae\/PDHS7UNXTJHKGQQCFHFTMQ6OJQ.jpg 768w,https:\/\/www.infobae.com\/new-resizer\/dkelVnCtt_8dpN09aZP5otISh0Y=\/992x661\/filters:format(webp):quality(85)\/cloudfront-us-east-1.images.arcpublishing.com\/infobae\/PDHS7UNXTJHKGQQCFHFTMQ6OJQ.jpg 992w,https:\/\/www.infobae.com\/new-resizer\/096B4ny6QYbTOF8FaNW7fM4uP-8=\/1200x800\/filters:format(webp):quality(85)\/cloudfront-us-east-1.images.arcpublishing.com\/infobae\/PDHS7UNXTJHKGQQCFHFTMQ6OJQ.jpg 1200w,https:\/\/www.infobae.com\/new-resizer\/gXCB9GmUFGqy-PEaZox5F3rFkdg=\/1440x960\/filters:format(webp):quality(85)\/cloudfront-us-east-1.images.arcpublishing.com\/infobae\/PDHS7UNXTJHKGQQCFHFTMQ6OJQ.jpg 1440w\">Massa y Milei se enfrentar\u00e1n en el balotaje el 19 de noviembre<\/p>\n\n\n\n<p>En este contexto, el proyecto introduce: \u201cEste a\u00f1o se cumplen 40 a\u00f1os del regreso de la democracia, un hecho hist\u00f3rico para la vida pol\u00edtica y social de los argentinos, que signific\u00f3 la recuperaci\u00f3n de los derechos, deberes y garant\u00edas. El derecho a votar, no solo constituye una enorme responsabilidad, sino tambi\u00e9n un compromiso de la sociedad con el sistema democr\u00e1tico\u201d.<\/p>\n\n\n\n<p><\/p>\n\n\n\n<p>Y agrega sobre la \u00faltima vez en la que sucedi\u00f3 un hecho similar: \u201cCabe mencionar, adem\u00e1s, como antecedente el \u00faltimo balotaje celebrado en nuestro pa\u00eds en el a\u00f1o 2015, donde Mauricio Macri y Daniel Scioli se disputaban la presidencia aquel domingo 22 de noviembre y un d\u00eda despu\u00e9s era feriado por el D\u00eda de la Soberan\u00eda Nacional. El entonces Jefe de Gabinete An\u00edbal Fern\u00e1ndez,&nbsp;<strong>comunic\u00f3 el cambio de fecha del feriado nacional, argumentando que tal medida estaba destinada a garantizar la concurrencia de todos los ciudadanos<\/strong>\u201d.<\/p>\n\n\n\n<p>A diferencia de aquella oportunidad, esta vez el secretario general de la Presidencia,&nbsp;<a href=\"https:\/\/www.infobae.com\/tag\/julio-vitobello\/\"><strong>Julio Vitobello<\/strong><\/a>, explic\u00f3 que&nbsp;<strong>\u201cno resulta apropiado dictar un decreto de necesidad y urgencia para alterar las disposiciones vigentes referidas al feriado que nos ocupa\u201d.<\/strong>&nbsp;Asimismo, rese\u00f1\u00f3 en una carta que los ciudadanos siempre han sabido compatibilizar la obligaci\u00f3n electoral con sus otras actividades.<\/p>\n\n\n\n<p><img decoding=\"async\" loading=\"lazy\" alt=\"Piden el traslado del feriado para evitar ausentismo en el balotaje\" height=\"1080\" width=\"1920\" src=\"https:\/\/www.infobae.com\/new-resizer\/7-32NaUCT1qNhx-L3ZulxzBecto=\/420x236\/filters:format(webp):quality(85)\/cloudfront-us-east-1.images.arcpublishing.com\/infobae\/EYVRELSOMJC3LB3KYT5NT43EIU.jpg%20420w\" srcset=\"https:\/\/www.infobae.com\/new-resizer\/7-32NaUCT1qNhx-L3ZulxzBecto=\/420x236\/filters:format(webp):quality(85)\/cloudfront-us-east-1.images.arcpublishing.com\/infobae\/EYVRELSOMJC3LB3KYT5NT43EIU.jpg 420w,https:\/\/www.infobae.com\/new-resizer\/gaG95ZQb5Dq2UGtm3Ib4MYGELT4=\/768x432\/filters:format(webp):quality(85)\/cloudfront-us-east-1.images.arcpublishing.com\/infobae\/EYVRELSOMJC3LB3KYT5NT43EIU.jpg 768w,https:\/\/www.infobae.com\/new-resizer\/gL93MtyUuMNu1fb6J6jmpMwKzmw=\/992x558\/filters:format(webp):quality(85)\/cloudfront-us-east-1.images.arcpublishing.com\/infobae\/EYVRELSOMJC3LB3KYT5NT43EIU.jpg 992w,https:\/\/www.infobae.com\/new-resizer\/T1CU6nDqo-jRMdlh1tq4wPrxEAo=\/1200x675\/filters:format(webp):quality(85)\/cloudfront-us-east-1.images.arcpublishing.com\/infobae\/EYVRELSOMJC3LB3KYT5NT43EIU.jpg 1200w,https:\/\/www.infobae.com\/new-resizer\/E2NbyNGrY9ln74ZuntIPhUeNRfw=\/1440x810\/filters:format(webp):quality(85)\/cloudfront-us-east-1.images.arcpublishing.com\/infobae\/EYVRELSOMJC3LB3KYT5NT43EIU.jpg 1440w\">Piden el traslado del feriado para evitar ausentismo en el balotaje<\/p>\n\n\n\n<p>A partir de la postura tomada por el Gobierno -firme en no realizar ninguna modificaci\u00f3n del calendario- desde la oposici\u00f3n acusan que est\u00e1n buscando \u201cque vote poca gente\u201d. En este sentido, Hern\u00e1n Lombardi se\u00f1al\u00f3: \u201cBuscan su conveniencia por encima de la participaci\u00f3n\u201d.<\/p>\n\n\n\n<p>El escrito presentado este martes por los legisladores finalmente concluye: \u201cPor los motivos expuestos y entendiendo el<strong>\u00a0impacto positivo que tendr\u00eda para el sistema democr\u00e1tico facilitar la normal concurrencia de los argentinos a las urnas<\/strong>, es que solicito a mis pares el acompa\u00f1amiento al presente Proyecto de Declaraci\u00f3n\u201d.<\/p>\n\n\n\n<p>De acuerdo a lo asegurado por el Ministerio de Turismo de la Naci\u00f3n, en un fin de semana de tres d\u00edas, como el del 20 de noviembre, lo normal es que&nbsp;<a rel=\"noreferrer noopener\" href=\"https:\/\/www.infobae.com\/economia\/2023\/10\/30\/turismo-de-cabotaje-mas-de-medio-millon-de-personas-se-preparan-para-viajar-el-fin-de-semana-largo-de-elecciones\/\" target=\"_blank\">viajen entre 600 mil y 3 millones de personas.<\/a><\/p>\n\n\n\n<p><img decoding=\"async\" loading=\"lazy\" alt=\"Esperan que m\u00e1s de medio mill\u00f3n de personas viajen en el fin de semana largo de noviembre\" height=\"1080\" width=\"1920\" src=\"https:\/\/www.infobae.com\/new-resizer\/0FAjZixketbogsHq_ZElCRXHbhU=\/420x236\/filters:format(webp):quality(85)\/cloudfront-us-east-1.images.arcpublishing.com\/infobae\/YLKV7O5KXJHDRHFE2LXCVYT2SA.jpg%20420w\" srcset=\"https:\/\/www.infobae.com\/new-resizer\/0FAjZixketbogsHq_ZElCRXHbhU=\/420x236\/filters:format(webp):quality(85)\/cloudfront-us-east-1.images.arcpublishing.com\/infobae\/YLKV7O5KXJHDRHFE2LXCVYT2SA.jpg 420w,https:\/\/www.infobae.com\/new-resizer\/1NWUfGMNWs63BK1-Q-mR2ellX5Q=\/768x432\/filters:format(webp):quality(85)\/cloudfront-us-east-1.images.arcpublishing.com\/infobae\/YLKV7O5KXJHDRHFE2LXCVYT2SA.jpg 768w,https:\/\/www.infobae.com\/new-resizer\/7hY_kAe170hkKzuoIBVPDr0wUkQ=\/992x558\/filters:format(webp):quality(85)\/cloudfront-us-east-1.images.arcpublishing.com\/infobae\/YLKV7O5KXJHDRHFE2LXCVYT2SA.jpg 992w,https:\/\/www.infobae.com\/new-resizer\/sBiB6XZne7BSxgvHi5RenG4NKj0=\/1200x675\/filters:format(webp):quality(85)\/cloudfront-us-east-1.images.arcpublishing.com\/infobae\/YLKV7O5KXJHDRHFE2LXCVYT2SA.jpg 1200w,https:\/\/www.infobae.com\/new-resizer\/QKtHqjMnN3OMoAfa43iYBjPSzL0=\/1440x810\/filters:format(webp):quality(85)\/cloudfront-us-east-1.images.arcpublishing.com\/infobae\/YLKV7O5KXJHDRHFE2LXCVYT2SA.jpg 1440w\">Esperan que m\u00e1s de medio mill\u00f3n de personas viajen en el fin de semana largo de noviembre<\/p>\n\n\n\n<p>Para este caso esperan una menor actividad tur\u00edstica, debido al impacto del balotaje de las elecciones presidenciales, pero no deja de ser un tema que preocupa, sobre todo despu\u00e9s del bajo nivel de presentismo que se registr\u00f3 en las elecciones del pasado 22 de octubre.<\/p>\n\n\n\n<p>Seg\u00fan manifest\u00f3 laDirecci\u00f3n Nacional Electoral, en la elecci\u00f3n del \u00faltimo domingo particip\u00f3 77,6% del padr\u00f3n, lo que signific\u00f3 el segundo nivel m\u00e1s bajo desde el retorno de la democracia en 1983. Tambi\u00e9n hab\u00eda sido bajo el presentismo en las PASO, cuando s\u00f3lo vot\u00f3 70,4% de la poblaci\u00f3n habilitada.<\/p>\n\n\n\n<h2>Elevaron un reclamo administrativo para pedir el traslado del feriado<\/h2>\n\n\n\n<p>La Fundaci\u00f3n Apolo tambi\u00e9n hizo una petici\u00f3n para modificar el calendario de la semana del balotaje a trav\u00e9s de un reclamo administrativo ante el Poder Ejecutivo Nacional, en el cual solicitaron el corrimiento del feriado del d\u00eda 20 de noviembre hacia el 24.<\/p>\n\n\n\n<p>El documento fue dirigido a Alberto Fern\u00e1ndez y se\u00f1ala que, el hecho de que esta vez no sea tenido en cuenta, abre suspicacias sobre la posibilidad de que la acci\u00f3n del gobierno,<strong>&nbsp;est\u00e9 regida seg\u00fan la conveniencia del candidato oficialista de turno.<\/strong><\/p>\n\n\n\n<p>Adem\u00e1s, postula que es\u00a0<strong>\u201ccontradictorio\u201d<\/strong>\u00a0que se imponga la ley que proh\u00edbe la venta de bebidas alcoh\u00f3licas antes de los comicios para que los ciudadanos no evadan sus obligaciones c\u00edvicas y que no se proponga el feriado que fomenta escapadas tur\u00edsticas.<\/p>\n\n\n\n<p>Fuente: Infobae<\/p>\n","protected":false},"excerpt":{"rendered":"<div class=\"mh-excerpt\"><p>Luego de que el Gobierno Nacional ratificara en las \u00faltimas horas que&nbsp;no mover\u00e1 el feriado del lunes 20 de noviembre, la oposici\u00f3n present\u00f3 este martes un proyecto de declaraci\u00f3n en la C\u00e1mara de Diputados en el que volvieron a&nbsp;solicitar su traslado a fin evitar el ausentismo en el balotaje, en el que competir\u00e1n Sergio Massa y Javier Milei el domingo previo. El pedido fue realizado por los legisladores de Juntos por el Cambio,&nbsp;Hern\u00e1n Lombardi y Cristian Ritondo,&nbsp;quienes propusieron cambiar el d\u00eda no laborable al&nbsp;27 del mismo mes. Lo hicieron acusando al oficialismo de \u201cquerer que vote poca gente\u201d y alegando <a class=\"mh-excerpt-more\" href=\"http:\/\/dsrmedios.com.ar\/diario\/archivos\/40962\" title=\"La oposici\u00f3n reclama que el Gobierno traslade el feriado del 20 de noviembre para reducir el ausentismo en el balotaje\">[Leer m\u00e1s]<\/a><\/p>\n<\/div>","protected":false},"author":8,"featured_media":16016,"comment_status":"open","ping_status":"closed","sticky":false,"template":"","format":"standard","meta":{"_jetpack_newsletter_access":""},"categories":[6],"tags":[],"jetpack_featured_media_url":"http:\/\/dsrmedios.com.ar\/diario\/wp-content\/uploads\/2019\/11\/senado-provincia.jpg","jetpack_sharing_enabled":true,"jetpack_shortlink":"https:\/\/wp.me\/p9fihK-aEG","_links":{"self":[{"href":"http:\/\/dsrmedios.com.ar\/diario\/wp-json\/wp\/v2\/posts\/40962"}],"collection":[{"href":"http:\/\/dsrmedios.com.ar\/diario\/wp-json\/wp\/v2\/posts"}],"about":[{"href":"http:\/\/dsrmedios.com.ar\/diario\/wp-json\/wp\/v2\/types\/post"}],"author":[{"embeddable":true,"href":"http:\/\/dsrmedios.com.ar\/diario\/wp-json\/wp\/v2\/users\/8"}],"replies":[{"embeddable":true,"href":"http:\/\/dsrmedios.com.ar\/diario\/wp-json\/wp\/v2\/comments?post=40962"}],"version-history":[{"count":1,"href":"http:\/\/dsrmedios.com.ar\/diario\/wp-json\/wp\/v2\/posts\/40962\/revisions"}],"predecessor-version":[{"id":40964,"href":"http:\/\/dsrmedios.com.ar\/diario\/wp-json\/wp\/v2\/posts\/40962\/revisions\/40964"}],"wp:featuredmedia":[{"embeddable":true,"href":"http:\/\/dsrmedios.com.ar\/diario\/wp-json\/wp\/v2\/media\/16016"}],"wp:attachment":[{"href":"http:\/\/dsrmedios.com.ar\/diario\/wp-json\/wp\/v2\/media?parent=40962"}],"wp:term":[{"taxonomy":"category","embeddable":true,"href":"http:\/\/dsrmedios.com.ar\/diario\/wp-json\/wp\/v2\/categories?post=40962"},{"taxonomy":"post_tag","embeddable":true,"href":"http:\/\/dsrmedios.com.ar\/diario\/wp-json\/wp\/v2\/tags?post=40962"}],"curies":[{"name":"wp","href":"https:\/\/api.w.org\/{rel}","templated":true}]}}