{"id":40954,"date":"2023-10-31T11:01:44","date_gmt":"2023-10-31T14:01:44","guid":{"rendered":"http:\/\/dsrmedios.com.ar\/diario\/?p=40954"},"modified":"2023-10-31T11:01:47","modified_gmt":"2023-10-31T14:01:47","slug":"tras-el-pacto-electoral-macri-se-quedo-con-la-centralidad-de-milei-y-disputa-la-campana-con-massa","status":"publish","type":"post","link":"http:\/\/dsrmedios.com.ar\/diario\/archivos\/40954","title":{"rendered":"Tras el pacto electoral, Macri se qued\u00f3 con la centralidad de Milei y disputa la campa\u00f1a con Massa"},"content":{"rendered":"\n<p>Nadie lo va a reconocer en p\u00fablico, pero despu\u00e9s del acuerdo sellado al filo de la medianoche del pasado martes en la casa del ex presidente en Acassuso, estrategas de&nbsp;<strong>Javier Milei<\/strong>&nbsp;le hicieron llegar a&nbsp;<strong>Mauricio Macri<\/strong>&nbsp;un mensaje para que bajara la exposici\u00f3n p\u00fablica, una decisi\u00f3n que deber\u00eda materializarse en estos d\u00edas despu\u00e9s de la encendida gira televisiva que protagoniz\u00f3 este domingo en favor del candidato libertario.&nbsp;<strong>\u201cNosotros nunca nos movimos del lugar en el que estamos. Controlamos lo que podemos controlar\u201d<\/strong>, aceptaron desde el coraz\u00f3n de La Libertad Avanza en horas cruciales para el candidato presidencial, de cara al balotaje con&nbsp;<strong>Sergio Massa<\/strong>.<\/p>\n\n\n\n<p>Era cuesti\u00f3n de tiempo, analizaron en estos d\u00edas desde la oposici\u00f3n, para que Macri, una vez consumada la derrota de Juntos por el Cambio, avanzara en una alianza electoral con La Libertad Avanza de Milei para enfrentar al ministro de Econom\u00eda, y el ex presidente centralizara de esa manera buena parte de la escena p\u00fablica en torno al candidato libertario, absorbido ahora por un sector de \u201cla casta\u201d que defenestr\u00f3 en estos meses.<\/p>\n\n\n\n<p>Este lunes, despu\u00e9s de que durante todo el fin de semana circularan negociaciones subterr\u00e1neas, la posibilidad de un cogobierno a futuro y nombres de potenciales funcionarios macristas en el caso de que el economista triunfe el pr\u00f3ximo 19 de noviembre,&nbsp;<strong>Massa se aprovech\u00f3 de la centralidad que Macri decidi\u00f3 tomar en la campa\u00f1a libertaria para volver a rivalizar con el ex presidente<\/strong>&nbsp;y reavivar esa no muy vieja pero profunda enemistad que marc\u00f3 al v\u00ednculo en los \u00faltimos a\u00f1os.<\/p>\n\n\n\n<p><strong>Macri y Massa se detestan<\/strong>. El encono es rec\u00edproco, y el paso del tiempo solo hizo m\u00e1s que acentuarlo. Hace tiempo que el ex presidente coqueteaba con la idea de amalgamar a parte del PRO con LLA, y as\u00ed lo hab\u00eda planteado puertas adentro desde el a\u00f1o pasado, para contener al economista y evitar una fuga de votos hacia ese movimiento liberal de derecha repleto de ideas pol\u00e9micas. Cuando JxC qued\u00f3 afuera del balotaje, y&nbsp;<strong>Patricia Bullrich<\/strong>&nbsp;le avis\u00f3 al ex mandatario que estaba decidida en apoyar a Milei en la segunda vuelta, el fundador del PRO oper\u00f3 diligente para instrumentar ese acuerdo. No solo por su simpat\u00eda con el candidato, si no tambi\u00e9n por una raz\u00f3n tal vez m\u00e1s profunda que esa afinidad ideol\u00f3gica: su manifiesta aversi\u00f3n hacia Massa.<\/p>\n\n\n\n<p><img decoding=\"async\" loading=\"lazy\" alt=\"El pacto entre el fundador del PRO y el candidato de LLA reaviv\u00f3 la enemistad p\u00fablica y privada entre el ministro y el ex mandatario\" height=\"1080\" width=\"1920\" src=\"https:\/\/www.infobae.com\/new-resizer\/b5FU4ekjTRdNSFjP6IoqVSGqFBk=\/420x236\/filters:format(webp):quality(85)\/cloudfront-us-east-1.images.arcpublishing.com\/infobae\/OMPQJ3ZYGVC4NAOG42HFAHV5RY.jpg%20420w\" srcset=\"https:\/\/www.infobae.com\/new-resizer\/b5FU4ekjTRdNSFjP6IoqVSGqFBk=\/420x236\/filters:format(webp):quality(85)\/cloudfront-us-east-1.images.arcpublishing.com\/infobae\/OMPQJ3ZYGVC4NAOG42HFAHV5RY.jpg 420w,https:\/\/www.infobae.com\/new-resizer\/QAXSjfuIa9L3krYAw2mRK8-g3MM=\/768x432\/filters:format(webp):quality(85)\/cloudfront-us-east-1.images.arcpublishing.com\/infobae\/OMPQJ3ZYGVC4NAOG42HFAHV5RY.jpg 768w,https:\/\/www.infobae.com\/new-resizer\/W2JEnoQmE9qevdZp6GeCX_xXPVk=\/992x558\/filters:format(webp):quality(85)\/cloudfront-us-east-1.images.arcpublishing.com\/infobae\/OMPQJ3ZYGVC4NAOG42HFAHV5RY.jpg 992w,https:\/\/www.infobae.com\/new-resizer\/HlXrby5pn-dyy8g7K9ISeRqnGwM=\/1200x675\/filters:format(webp):quality(85)\/cloudfront-us-east-1.images.arcpublishing.com\/infobae\/OMPQJ3ZYGVC4NAOG42HFAHV5RY.jpg 1200w,https:\/\/www.infobae.com\/new-resizer\/6be5iU7unnlG3jP1UrCdFMOw330=\/1440x810\/filters:format(webp):quality(85)\/cloudfront-us-east-1.images.arcpublishing.com\/infobae\/OMPQJ3ZYGVC4NAOG42HFAHV5RY.jpg 1440w\">El pacto entre el fundador del PRO y el candidato de LLA reaviv\u00f3 la enemistad p\u00fablica y privada entre el ministro y el ex mandatario<\/p>\n\n\n\n<p><strong>El candidato presidencial de Uni\u00f3n por la Patria acept\u00f3 el duelo<\/strong>, en paralelo a su insistencia por acaparar la atenci\u00f3n -y el voto- de los radicales, que en estas horas volvi\u00f3 a intentar traccionar con la excusa del aniversario del triunfo de Ra\u00fal Alfons\u00edn, a cuarenta a\u00f1os de la recuperaci\u00f3n democr\u00e1tica.<\/p>\n\n\n\n<p><\/p>\n\n\n\n<p><strong>\u201cDicen que es el canal de Macri y sin embargo ac\u00e1 estoy\u201d<\/strong>, dispar\u00f3 el ministro este lunes en los estudios de LN+, en una entrevista en la que confront\u00f3 m\u00e1s de una vez con el ex presidente, en tono serio, tal como le aconsejaron los asesores en comunicaci\u00f3n y estrategia de campa\u00f1a enviados por el PT de Brasil, que, seg\u00fan trascendi\u00f3, le pidieron que se r\u00eda un poco menos, y que sea sobrio en la puesta en escena.<\/p>\n\n\n\n<p>Es que, m\u00e1s all\u00e1 de Macri, y en medio de una furiosa revuelta en JxC, Massa qued\u00f3 en estos d\u00edas otra vez atrapado por la crisis econ\u00f3mica y el creciente malhumor social que, esta vez, se manifest\u00f3 por la escasez en el expendio de combustibles en las estaciones de servicio. A esta altura, razonaban por estas horas en el equipo de campa\u00f1a de UP, la performance medi\u00e1tica y electoral del candidato es un verdadero milagro con serias chances de ser revalidado el 19 de noviembre.<\/p>\n\n\n\n<p>El ministro-candidato, la figura excluyente de la campa\u00f1a oficialista -la coordinaci\u00f3n de la estrategia electoral pasa pura y exclusivamente por sus equipos-, busca en ese sentido contrarrestar la implosi\u00f3n de la coalici\u00f3n opositora y la ruptura definitiva de Macri con los radicales referenciados en&nbsp;<strong>Gerardo Morales&nbsp;<\/strong>con un llamado a un \u201cgobierno de unidad nacional\u201d cuyo resultado todav\u00eda es incierto, a pesar de la creciente predisposici\u00f3n de ese sector de la UCR que, en boca del juje\u00f1o, volvi\u00f3 en las \u00faltimas horas a enviarle un fuerte mensaje de acercamiento al jefe del Frente Renovador:&nbsp;<a rel=\"noreferrer noopener\" href=\"https:\/\/www.infobae.com\/politica\/2023\/10\/30\/gerardo-morales-todo-lo-que-tenga-que-hacer-para-que-no-gane-milei-lo-voy-a-hacer\/\" target=\"_blank\">\u201cTodo lo que tenga que hacer para que no gane Milei lo voy a hacer\u201d, asegur\u00f3.<\/a><\/p>\n\n\n\n<p>Massa finge seriedad, pero se regodea con esas rencillas opositoras. El fin de semana, el funcionario habl\u00f3 por tel\u00e9fono con el gobernador\u00a0<strong>Rodolfo Su\u00e1rez<\/strong>\u00a0para interiorizarse por los incendios en Mendoza, y se comunic\u00f3 con Sergio Berni para enviar ayuda a esa provincia. Es ministro, candidato y suele suplir adem\u00e1s a\u00a0<strong>Alberto Fern\u00e1ndez<\/strong>, el presidente en funciones. El \u00fanico habilitado para hablar es el candidato presidencial.<\/p>\n\n\n\n<p>En el massismo saben que, de cara al balotaje, no les sobran los votos. Pero est\u00e1n convencidos de que la alianza entre Milei y Macri, y el papel central que defini\u00f3 jugar el ex presidente -la reuni\u00f3n que sell\u00f3 el acuerdo, del pasado martes al filo de la medianoche, tuvo lugar en su casa de Acassuso-, ofrece una buena oportunidad para confrontar con el fundador del PRO y remover las heridas internas ocasionadas por esa flamante sociedad.<\/p>\n\n\n\n<p><img decoding=\"async\" loading=\"lazy\" alt=\"Massa finge seriedad, pero se regodea con esas rencillas opositoras (EFE\/Enrique Garc\u00eda Medina)\" height=\"5504\" width=\"8256\" src=\"https:\/\/www.infobae.com\/new-resizer\/o6bjE8VxQzL30lP1sSFOTf226k4=\/420x280\/filters:format(webp):quality(85)\/cloudfront-us-east-1.images.arcpublishing.com\/infobae\/QR2ZZ56NIBFWXIOSG6MB5IDQJA.jpg%20420w\" srcset=\"https:\/\/www.infobae.com\/new-resizer\/o6bjE8VxQzL30lP1sSFOTf226k4=\/420x280\/filters:format(webp):quality(85)\/cloudfront-us-east-1.images.arcpublishing.com\/infobae\/QR2ZZ56NIBFWXIOSG6MB5IDQJA.jpg 420w,https:\/\/www.infobae.com\/new-resizer\/3O7Zi8-qtg9OWFMEaJT5ixXtEBo=\/768x512\/filters:format(webp):quality(85)\/cloudfront-us-east-1.images.arcpublishing.com\/infobae\/QR2ZZ56NIBFWXIOSG6MB5IDQJA.jpg 768w,https:\/\/www.infobae.com\/new-resizer\/IprMcKzDJ1YPTVHRVVCeq6k4Sjk=\/992x661\/filters:format(webp):quality(85)\/cloudfront-us-east-1.images.arcpublishing.com\/infobae\/QR2ZZ56NIBFWXIOSG6MB5IDQJA.jpg 992w,https:\/\/www.infobae.com\/new-resizer\/b9NC6ziy_b53JujW9jih_3FSEL8=\/1200x800\/filters:format(webp):quality(85)\/cloudfront-us-east-1.images.arcpublishing.com\/infobae\/QR2ZZ56NIBFWXIOSG6MB5IDQJA.jpg 1200w,https:\/\/www.infobae.com\/new-resizer\/3d2ltouh64FjmQ-vGYEPcFWWAzk=\/1440x960\/filters:format(webp):quality(85)\/cloudfront-us-east-1.images.arcpublishing.com\/infobae\/QR2ZZ56NIBFWXIOSG6MB5IDQJA.jpg 1440w\">Massa finge seriedad, pero se regodea con esas rencillas opositoras (EFE\/Enrique Garc\u00eda Medina)<\/p>\n\n\n\n<p>Seg\u00fan pudo saber&nbsp;<strong>Infobae<\/strong>, legisladores nacionales electos de LLA podr\u00edan plantear pr\u00f3ximamente y en p\u00fablico, de manera m\u00e1s formal y homog\u00e9nea, la disconformidad con el pacto alcanzado entre Macri y el candidato libertario. Algunos ya lo hicieron puertas adentro, y aprovecharon la movida para poner reparos a algunos proyectos. Uno de ellos es&nbsp;<strong>Sergio Vargas<\/strong>, el senador provincial electo que m\u00e1s votos sac\u00f3 en la provincia de Buenos Aires, que protest\u00f3 por la propuesta de&nbsp;<strong>Victoria Villarruel&nbsp;<\/strong>de mudar a la Aduana a la \u00f3rbita del Ministerio de Seguridad, tal como lo habr\u00edan publicitado la semana pasada tres asesores de la candidata a vicepresidenta, uno de ellos ex director de esa \u00e1rea durante la \u00e9poca de Juan Jos\u00e9 G\u00f3mez Centuri\u00f3n. Vargas es funcionario en licencia de ese organismo.<\/p>\n\n\n\n<p>En el seno de LLA circulan adem\u00e1s versiones de inquinas internas. Ese incipiente revuelta palaciega, \u00bfpodr\u00eda incluir a&nbsp;<strong>Carlos Kikuchi<\/strong>, uno de los principales armadores del candidato?<\/p>\n\n\n\n<p>Seg\u00fan trascendi\u00f3 de fuentes macristas, el ex presidente ungi\u00f3 como uno de sus articuladores con el equipo de LLA al senador&nbsp;<strong>Jos\u00e9 Torello<\/strong>, de su m\u00e1s absoluta confianza, uno de sus hist\u00f3ricos amigos. Se mencionan adem\u00e1s cada vez m\u00e1s dirigentes del PRO que podr\u00edan prestar servicios en un eventual gabinete libertario si es que Milei triunfa en las elecciones. El rechazo a Massa es un aglutinador com\u00fan del universo macrista. \u201cMassa es la peor opci\u00f3n, creo que con Milei hay una peque\u00f1a chance de que salga bien, m\u00e1s despu\u00e9s de este golpazo que se peg\u00f3\u201d, remarc\u00f3 a&nbsp;<strong>Infobae&nbsp;<\/strong>uno de esos allegados a Macri que fue ministro durante su gobierno.<\/p>\n\n\n\n<p>Cerca de Milei hay incertidumbre. La centralidad de Macri, aseguran, es un arma de doble filo que puede hacerle perder al candidato a la Presidencia la originalidad anti casta con la que capitaliz\u00f3 buena parte del descontento social para suplir la fragilidad de su armado y la debilidad con la que otro sector del electorado analiza a su figura.<\/p>\n\n\n\n<p>Ya durante la campa\u00f1a de Bullrich, despu\u00e9s de las PASO, en la bater\u00eda de&nbsp;<em>focus&nbsp;<\/em>encargados para testear el humor social se hab\u00eda concluido que el ex presidente no tiene una buena aceptaci\u00f3n en una porci\u00f3n grande de la sociedad, m\u00e1s bien lo contrario, en especial en el conurbano bonaerense, donde Massa se hizo m\u00e1s fuerte en las elecciones generales. En su momento, la ex ministra de Seguridad decidi\u00f3 sin embargo incorporar al fundador del PRO a su campa\u00f1a para cortar de cuajo con los flirteos entre el ex jefe de Estado y el economista libertario.<\/p>\n\n\n\n<p>En ese contexto, la historia de desencuentros y aversi\u00f3n acumulada entre Massa y Macri lleva ya varios a\u00f1os, y el resultado del balotaje puede inclinar la balanza, para uno u otro lado, de ese v\u00ednculo tortuoso.<\/p>\n\n\n\n<p>La \u00faltima vez que ambos hablaron por tel\u00e9fono, seg\u00fan trascendi\u00f3 p\u00fablicamente, fue en mayo del 2019, despu\u00e9s del intento de acercamiento con otros sectores pol\u00edticos lanzado por el ex presidente antes de las PASO que perdi\u00f3 por algo m\u00e1s de quince puntos frente a la dupla Fern\u00e1ndez-Fern\u00e1ndez de Kirchner.<\/p>\n\n\n\n<p>Un par a\u00f1os antes, en el 2016, Massa se hab\u00eda opuesto a que los familiares de los funcionarios pudieran acceder al blanqueo impulsado por la Casa Rosada y que, finalmente, el propio Macri introdujo por decreto. En todo ese tiempo, durante la gesti\u00f3n de Cambiemos, hubo numerosas idas y vueltas, mucho menos conflictivas en territorio bonaerense: el ministro de Econom\u00eda fue uno de los principales garantes de la gobernabilidad de&nbsp;<strong>Mar\u00eda Eugenia Vidal<\/strong>.<\/p>\n\n\n\n<p>Al principio del gobierno, Macri no solo lo recibi\u00f3 antes que nadie y a solas, horas despu\u00e9s de asumir, en Casa Rosada, si no que incluso lo subi\u00f3 al avi\u00f3n hacia Davos, en la gira en el foro financiero y empresario en el que lo present\u00f3 a Massa como uno de los jefes de la oposici\u00f3n. Es m\u00e1s: antes de eso, y de llegar a la Casa Rosada, el jefe del PRO y su mujer, Juliana Awada, hab\u00edan recibido para cenar milanesas en el departamento que entonces habitaban sobre la avenida Libertador al ex intendente de Tigre y Malena Galmarini, una comida cuyo objetivo consist\u00eda en la posibilidad de acordar de cara al futuro.<\/p>\n\n\n\n<p>Macri despu\u00e9s le coloc\u00f3 el mote de \u201cventajita\u201d, lo que fastidi\u00f3 especialmente al ministro.\u00a0<strong>\u201cEs un c\u00ednico inconsistente\u201d<\/strong>, lo acus\u00f3 en septiembre pasado. Ahora, Massa quiere sacarle el jugo a ese disputa. El ex presidente confi\u00f3 entre sus \u00edntimos que le preocupa, y mucho, lo que pueda pasar a partir del pr\u00f3ximo 10 de diciembre si el ministro es presidente. El estilo de ejercicio de poder del tigrense le provoca una mala corazonada.<\/p>\n\n\n\n<p>Fuente: infobae<\/p>\n","protected":false},"excerpt":{"rendered":"<div class=\"mh-excerpt\"><p>Nadie lo va a reconocer en p\u00fablico, pero despu\u00e9s del acuerdo sellado al filo de la medianoche del pasado martes en la casa del ex presidente en Acassuso, estrategas de&nbsp;Javier Milei&nbsp;le hicieron llegar a&nbsp;Mauricio Macri&nbsp;un mensaje para que bajara la exposici\u00f3n p\u00fablica, una decisi\u00f3n que deber\u00eda materializarse en estos d\u00edas despu\u00e9s de la encendida gira televisiva que protagoniz\u00f3 este domingo en favor del candidato libertario.&nbsp;\u201cNosotros nunca nos movimos del lugar en el que estamos. Controlamos lo que podemos controlar\u201d, aceptaron desde el coraz\u00f3n de La Libertad Avanza en horas cruciales para el candidato presidencial, de cara al balotaje con&nbsp;Sergio Massa. <a class=\"mh-excerpt-more\" href=\"http:\/\/dsrmedios.com.ar\/diario\/archivos\/40954\" title=\"Tras el pacto electoral, Macri se qued\u00f3 con la centralidad de Milei y disputa la campa\u00f1a con Massa\">[Leer m\u00e1s]<\/a><\/p>\n<\/div>","protected":false},"author":8,"featured_media":40955,"comment_status":"open","ping_status":"closed","sticky":false,"template":"","format":"standard","meta":{"_jetpack_newsletter_access":""},"categories":[6],"tags":[],"jetpack_featured_media_url":"http:\/\/dsrmedios.com.ar\/diario\/wp-content\/uploads\/2023\/10\/OMPQJ3ZYGVC4NAOG42HFAHV5RY.webp","jetpack_sharing_enabled":true,"jetpack_shortlink":"https:\/\/wp.me\/p9fihK-aEy","_links":{"self":[{"href":"http:\/\/dsrmedios.com.ar\/diario\/wp-json\/wp\/v2\/posts\/40954"}],"collection":[{"href":"http:\/\/dsrmedios.com.ar\/diario\/wp-json\/wp\/v2\/posts"}],"about":[{"href":"http:\/\/dsrmedios.com.ar\/diario\/wp-json\/wp\/v2\/types\/post"}],"author":[{"embeddable":true,"href":"http:\/\/dsrmedios.com.ar\/diario\/wp-json\/wp\/v2\/users\/8"}],"replies":[{"embeddable":true,"href":"http:\/\/dsrmedios.com.ar\/diario\/wp-json\/wp\/v2\/comments?post=40954"}],"version-history":[{"count":1,"href":"http:\/\/dsrmedios.com.ar\/diario\/wp-json\/wp\/v2\/posts\/40954\/revisions"}],"predecessor-version":[{"id":40957,"href":"http:\/\/dsrmedios.com.ar\/diario\/wp-json\/wp\/v2\/posts\/40954\/revisions\/40957"}],"wp:featuredmedia":[{"embeddable":true,"href":"http:\/\/dsrmedios.com.ar\/diario\/wp-json\/wp\/v2\/media\/40955"}],"wp:attachment":[{"href":"http:\/\/dsrmedios.com.ar\/diario\/wp-json\/wp\/v2\/media?parent=40954"}],"wp:term":[{"taxonomy":"category","embeddable":true,"href":"http:\/\/dsrmedios.com.ar\/diario\/wp-json\/wp\/v2\/categories?post=40954"},{"taxonomy":"post_tag","embeddable":true,"href":"http:\/\/dsrmedios.com.ar\/diario\/wp-json\/wp\/v2\/tags?post=40954"}],"curies":[{"name":"wp","href":"https:\/\/api.w.org\/{rel}","templated":true}]}}