{"id":40950,"date":"2023-10-31T10:55:23","date_gmt":"2023-10-31T13:55:23","guid":{"rendered":"http:\/\/dsrmedios.com.ar\/diario\/?p=40950"},"modified":"2023-10-31T10:55:26","modified_gmt":"2023-10-31T13:55:26","slug":"el-impacto-de-la-extrema-incertidumbre-politica-que-esta-pasando-con-el-dolar-y-el-precio-de-las-acciones","status":"publish","type":"post","link":"http:\/\/dsrmedios.com.ar\/diario\/archivos\/40950","title":{"rendered":"El impacto de la extrema incertidumbre pol\u00edtica: qu\u00e9 est\u00e1 pasando con el d\u00f3lar y el precio de las acciones"},"content":{"rendered":"\n<p>Las acciones argentinas que cotizan en Wall Street, a trav\u00e9s de certificados conocidos como ADR, aceleraron sus fuertes p\u00e9rdidas en el arranque de la semana, lo que contrast\u00f3 con una jornada favorable para los activos de riesgo a nivel global. Con esta nueva ca\u00edda, acumulan un derrumbe promedio de 35% en d\u00f3lares en poco m\u00e1s de dos meses, ya que hab\u00edan alcanzado sus m\u00e1ximos anuales pocos d\u00edas despu\u00e9s del cierre de las PASO, a fines de agosto.<a rel=\"noreferrer noopener\" href=\"https:\/\/www.infobae.com\/economia\/2023\/10\/31\/dolar-hoy-en-vivo-a-cuanto-abre-este-martes-31-de-octubre-y-cual-es-el-precio-minuto-a-minuto\/\" target=\"_blank\"><\/a><\/p>\n\n\n\n<p>Claramente la incertidumbre pol\u00edtica extrema que atraviesa la Argentina, ahora inmersa en un proceso de ballotage al que a\u00fan le restan tres semanas, est\u00e1 pasando factura.<\/p>\n\n\n\n<p>Muy lejos en el tiempo qued\u00f3 el fen\u00f3meno conocido como \u201c<em>trade<\/em>&nbsp;electoral\u201d que llev\u00f3 a que los ADR argentinos pr\u00e1cticamente triplicaron su valor en la bolsa neoyorkina, ante la expectativa que despertaba la proximidad de las elecciones y un cambio de r\u00e9gimen pol\u00edtico. Pero las sorpresas que fue deparando el proceso fueron desanimando a aquellos que hab\u00edan puesto su mirada en los activos argentinos. Otros se apuraron en tomar ganancias ante la falta de un rumbo claro a partir del 10 de diciembre.<\/p>\n\n\n\n<p><\/p>\n\n\n\n<p>A mediados de la semana pasada se produjo un rebote puntual de los papeles argentinos en Nueva York. Algunos lo atribuyeron a la ventaja que tendr\u00eda<strong>\u00a0Sergio Massa\u00a0<\/strong>para ganar el balotaje. Otros, en cambio, hablaron de una reacci\u00f3n por el anuncio de\u00a0<strong>Patricia Bullrich<\/strong>\u00a0junto a\u00a0<strong>Mauricio Macri<\/strong>\u00a0de sumarse a\u00a0<strong>Javier Milei\u00a0<\/strong>para impulsarlo en el ballotage.<\/p>\n\n\n\n<p>Pero cualquiera haya sido el motivo de aquel rebote, qued\u00f3 r\u00e1pidamente en el olvido. El \u00edndice Merval hab\u00eda estado hasta las PASO entre los de mejor rendimiento a nivel global, pero ahora claramente ya perdi\u00f3 ese privilegio.<\/p>\n\n\n\n<p>Sergio Massa y Javier Milei<\/p>\n\n\n\n<p><a rel=\"noreferrer noopener\" href=\"https:\/\/www.infobae.com\/economia\/2023\/10\/30\/mercados-la-bolsa-portena-profundiza-la-tendencia-bajista-post-elecciones-y-cae-un-9\/\" target=\"_blank\">El \u00edndice Merval cay\u00f3 ayer pesadamente m\u00e1s de 9%<\/a>, aunque una parte menor de esta ca\u00edda se explica por la merma de los d\u00f3lares financieros, que perforaron el nivel de $850, tanto en lo que se refiere al Contado con Liquidaci\u00f3n como al MEP.<\/p>\n\n\n\n<p>Medido en moneda dura, y tomando las cotizaciones de los d\u00f3lares financieros, las acciones l\u00edderes del mercado local se mantienen apenas por encima de los 700 d\u00f3lares. En el peor momento de la bolsa porte\u00f1a, antes que comenzara el fuerte impulso alcista conocido como \u201ctrade electoral\u201d lleg\u00f3 a inferiores a los 350 d\u00f3lares.<\/p>\n\n\n\n<blockquote class=\"wp-block-quote\">\n<p>Con la autorizaci\u00f3n para que los exportadores liquiden 30% de sus divisas por el CCL, el Gobierno consigui\u00f3 estabilizar los d\u00f3lares financieros y esperar el ballotage con algo m\u00e1s de tranquilidad por ese frente. Sin embargo, los activos locales siguen muy castigados, producto de la alta incertidumbre por el futuro pol\u00edtico y econ\u00f3mico<\/p>\n<\/blockquote>\n\n\n\n<p>La buena noticia sobre todo para el Gobierno es que se redujo sustancialmente la intervenci\u00f3n del Central para controlar la cotizaci\u00f3n. En las \u00faltimas jornadas dedic\u00f3 menos de USD 20 millones diarios contra cerca de USD 100 millones de las jornadas previas a las elecciones.<\/p>\n\n\n\n<p>El ADR local que cay\u00f3 m\u00e1s fuerte ayer fue el de Banco Macro, con una ca\u00edda de 7,6 por ciento. Finaliz\u00f3 la jornada debajo de los USD 18 y desde los picos alcanzados a mediados de agosto acumula una merma de nada menos que 34,5 por ciento.<\/p>\n\n\n\n<blockquote class=\"wp-block-quote\">\n<p>El \u00edndice Merval hab\u00eda estado hasta las PASO entre los de mejor rendimiento a nivel global, pero ahora claramente ya perdi\u00f3 ese privilegio<\/p>\n<\/blockquote>\n\n\n\n<p>Galicia es otro de los fuertemente afectados, coincidiendo con la transici\u00f3n electoral que atraviesa la Argentina. Ayer cerr\u00f3 a USD 11 y en apenas dos meses ya perdi\u00f3 39%, transform\u00e1ndose en uno de los papeles que m\u00e1s sufri\u00f3 la ola de ventas.<\/p>\n\n\n\n<p>Otros papeles argentinos soportaron mejor, pero quedaron afectados por un escenario internacional m\u00e1s complicado en los \u00faltimos meses. Pampa Energ\u00eda, por ejemplo, perdi\u00f3 21% en d\u00f3lares desde finales de agosto, mientras que YPF cae 33% y qued\u00f3 al borde de perforar los 10 d\u00f3lares.<\/p>\n\n\n\n<p>Fuente: Infobae<\/p>\n","protected":false},"excerpt":{"rendered":"<div class=\"mh-excerpt\"><p>Las acciones argentinas que cotizan en Wall Street, a trav\u00e9s de certificados conocidos como ADR, aceleraron sus fuertes p\u00e9rdidas en el arranque de la semana, lo que contrast\u00f3 con una jornada favorable para los activos de riesgo a nivel global. Con esta nueva ca\u00edda, acumulan un derrumbe promedio de 35% en d\u00f3lares en poco m\u00e1s de dos meses, ya que hab\u00edan alcanzado sus m\u00e1ximos anuales pocos d\u00edas despu\u00e9s del cierre de las PASO, a fines de agosto. Claramente la incertidumbre pol\u00edtica extrema que atraviesa la Argentina, ahora inmersa en un proceso de ballotage al que a\u00fan le restan tres semanas, <a class=\"mh-excerpt-more\" href=\"http:\/\/dsrmedios.com.ar\/diario\/archivos\/40950\" title=\"El impacto de la extrema incertidumbre pol\u00edtica: qu\u00e9 est\u00e1 pasando con el d\u00f3lar y el precio de las acciones\">[Leer m\u00e1s]<\/a><\/p>\n<\/div>","protected":false},"author":8,"featured_media":40951,"comment_status":"open","ping_status":"closed","sticky":false,"template":"","format":"standard","meta":{"_jetpack_newsletter_access":""},"categories":[6],"tags":[],"jetpack_featured_media_url":"http:\/\/dsrmedios.com.ar\/diario\/wp-content\/uploads\/2023\/10\/descarga-43.jpeg","jetpack_sharing_enabled":true,"jetpack_shortlink":"https:\/\/wp.me\/p9fihK-aEu","_links":{"self":[{"href":"http:\/\/dsrmedios.com.ar\/diario\/wp-json\/wp\/v2\/posts\/40950"}],"collection":[{"href":"http:\/\/dsrmedios.com.ar\/diario\/wp-json\/wp\/v2\/posts"}],"about":[{"href":"http:\/\/dsrmedios.com.ar\/diario\/wp-json\/wp\/v2\/types\/post"}],"author":[{"embeddable":true,"href":"http:\/\/dsrmedios.com.ar\/diario\/wp-json\/wp\/v2\/users\/8"}],"replies":[{"embeddable":true,"href":"http:\/\/dsrmedios.com.ar\/diario\/wp-json\/wp\/v2\/comments?post=40950"}],"version-history":[{"count":1,"href":"http:\/\/dsrmedios.com.ar\/diario\/wp-json\/wp\/v2\/posts\/40950\/revisions"}],"predecessor-version":[{"id":40952,"href":"http:\/\/dsrmedios.com.ar\/diario\/wp-json\/wp\/v2\/posts\/40950\/revisions\/40952"}],"wp:featuredmedia":[{"embeddable":true,"href":"http:\/\/dsrmedios.com.ar\/diario\/wp-json\/wp\/v2\/media\/40951"}],"wp:attachment":[{"href":"http:\/\/dsrmedios.com.ar\/diario\/wp-json\/wp\/v2\/media?parent=40950"}],"wp:term":[{"taxonomy":"category","embeddable":true,"href":"http:\/\/dsrmedios.com.ar\/diario\/wp-json\/wp\/v2\/categories?post=40950"},{"taxonomy":"post_tag","embeddable":true,"href":"http:\/\/dsrmedios.com.ar\/diario\/wp-json\/wp\/v2\/tags?post=40950"}],"curies":[{"name":"wp","href":"https:\/\/api.w.org\/{rel}","templated":true}]}}