{"id":40935,"date":"2023-10-30T11:32:17","date_gmt":"2023-10-30T14:32:17","guid":{"rendered":"http:\/\/dsrmedios.com.ar\/diario\/?p=40935"},"modified":"2023-10-30T11:32:18","modified_gmt":"2023-10-30T14:32:18","slug":"los-elogios-de-macri-a-milei-el-empujon-a-larreta-y-la-nueva-etapa-de-massa","status":"publish","type":"post","link":"http:\/\/dsrmedios.com.ar\/diario\/archivos\/40935","title":{"rendered":"Los elogios de Macri a Milei, el empuj\u00f3n a Larreta y la nueva etapa de Massa"},"content":{"rendered":"\n<p>\u201cMauricio est\u00e1 recorriendo todos los canales, est\u00e1 haciendo campa\u00f1a como no he visto que haga (sic) para Patricia\u201d. La frase mordaz fue del gobernador y titular de la UCR,&nbsp;<strong>Gerardo Morales<\/strong>. Mauricio es Macri y Patricia, Bullrich. Es una declaraci\u00f3n que confirma que la fractura expuesta de Juntos por el Cambio despu\u00e9s de la derrota y el pacto con Javier Milei no s\u00f3lo no cede, sino que se acent\u00faa un poco m\u00e1s cada d\u00eda.<\/p>\n\n\n\n<p>Los entreveros en el \u00e1mbito opositor quedaron a la vista anoche en el\u00a0<em>prime time<\/em>\u00a0de la televisi\u00f3n, tanto en canales de aire como en una se\u00f1al de noticias, donde abordaron las peleas entre los l\u00edderes de la JxC y La Libertad Avanza, mientras persisten la falta de combustible y otras desventuras que atraviesan la econom\u00eda y la vida cotidiana en general.<\/p>\n\n\n\n<p>De hecho, el ministro y candidato de Uni\u00f3n por la Patria,&nbsp;<strong>Sergio Massa<\/strong>, estuvo en Tucum\u00e1n para participar del traspaso de mando entre el gobernador saliente, Juan Manzur, y su sucesor Osvaldo Jaldo. En esa visita se habl\u00f3 sobre la nueva etapa que se viene para la campa\u00f1a oficialista de cara al balotaje, pero tambi\u00e9n de los trastornos por la falta de nafta que prometen normalizar a partir de ma\u00f1ana.<\/p>\n\n\n\n<p>Macri habl\u00f3 con el programa de Jorge Lanata, por eltrece, y tambi\u00e9n con LN+, canal donde previamente entrevistaron a Milei. En esos reportajes abordaron la reconfiguraci\u00f3n que provoc\u00f3 el \u201c<a rel=\"noreferrer noopener\" href=\"https:\/\/www.infobae.com\/politica\/2023\/10\/26\/con-escandalo-macri-rompio-con-juntos-por-el-cambio-y-pacto-con-milei-para-intentar-derrotar-a-massa\/\" target=\"_blank\"><strong>pacto de Acassuso<\/strong><\/a>\u201d, que sellaron el candidato de La Libertad Avanza y el ex presidente la medianoche del martes. Ese acuerdo de cara al balotaje provoc\u00f3 la virtual implosi\u00f3n de Juntos por el Cambio.<\/p>\n\n\n\n<p>Si la semana pasada las peleas internas de la oposici\u00f3n dominaron la escena, lo que ocurri\u00f3 la noche del domingo anticipan m\u00e1s d\u00edas de desgaste y controversias. A 20 d\u00edas de la segunda vuelta, Macri redobl\u00f3 sus cr\u00edticas contra tres dirigentes radicales que rechazaron su acuerdo con Milei:&nbsp;<strong>el gobernador Morales, el senador Mart\u00edn Lousteau y el diputado Emiliano Yacobitti.<\/strong>&nbsp;A eso le sum\u00f3 una ofensiva contra el jefe de gobierno porte\u00f1o,&nbsp;<strong>Horacio Rodr\u00edguez Larreta<\/strong>, que tambi\u00e9n rechaz\u00f3 el acuerdo que hizo en secreto con el libertario y que anunciaron la derrotada candidata<strong>&nbsp;Patricia Bullrich&nbsp;<\/strong>y su compa\u00f1ero de f\u00f3rmula, el mendocino<strong>&nbsp;Luis Petri.<\/strong><\/p>\n\n\n\n<p><\/p>\n\n\n\n<h2>Los elogios de Macri<\/h2>\n\n\n\n<p>\u201cTenemos que decidir si Massa contin\u00faa o no contin\u00faa, y con \u00e9l no hay incertidumbres.&nbsp;<strong>Con Milei tenemos todas las incertidumbres, porque no lo conocemos, nunca gobern\u00f3<\/strong>, pero lo que yo puedo decir es que siempre que lo vi y las ocho o nueve veces que le habl\u00e9 nunca me minti\u00f3; Massa me minti\u00f3 siempre\u201d, explic\u00f3 Macri.<\/p>\n\n\n\n<p>El ex presidente destac\u00f3 que el l\u00edder libertario \u201c<strong>percibe que va a tener que dar m\u00e1s tranquilidades y certezas. Inc\u00f3gnitas que pueden ser todas positivas.<\/strong>&nbsp;Del otro lado representa lo m\u00e1s horroroso que hemos vivido del kirchnerismo en el pasado y el desastroso presente bajo su conducci\u00f3n. No hay alternativa, porque esta alternativa no es viable, porque es m\u00e1s de lo mismo. Destrucci\u00f3n, mayor pobreza, cuando salgan los n\u00fameros de diciembre prepar\u00e9monos\u201d.<\/p>\n\n\n\n<p>\u201cConfiemos. Hemos tomado una decisi\u00f3n de cambio.\u00a0<strong>Javier Milei tiene buenas intenciones. Est\u00e1 por verse c\u00f3mo se organiza, que su temple se calme.\u00a0<\/strong>El problema no es \u00e9l, el problema es Sergio Massa y lo que nos ha gobernado hasta ac\u00e1. A eso tenemos que decirle que no. En lo otro vamos a colaborar todos. Estoy seguro que \u00e9l va a entender, como dec\u00eda Patricia, que el ejemplo empieza por casa\u201d, indic\u00f3.<\/p>\n\n\n\n<p>\u201cHay que probar, con todas las incertidumbres. \u00c9l dijo que estaba abierto a escuchar, a recibir colaboraci\u00f3n. (Le dimos) un apoyo de nuestra parte unilateral, para que haya un cambio y se recupere la esperanza\u201d, ampli\u00f3.<\/p>\n\n\n\n<p>Pero no s\u00f3lo Macri plante\u00f3 esta singular forma de elogiar la incertidumbre que presenta Milei como presidente. Tambi\u00e9n redobl\u00f3 sus cr\u00edticas contra los radicales, pero trat\u00f3 de contener a un sector de votantes de la UCR que estar\u00edan dispuestos a votar a La Libertad Avanza, a pesar de las descalificaciones a Alfons\u00edn.<\/p>\n\n\n\n<p>\u201cQuiero rescatar mucho que el radicalismo no tom\u00f3 la posici\u00f3n pro Massa que tomaron estas tres personas con otros que los siguen.&nbsp;<strong>El resto del radicalismo, los mendocinos, correntinos, la provincia de Buenos Aires, los cordobeses, que han decidido mantener una neutralidad,<\/strong>&nbsp;pero d\u00eda a d\u00eda en sus distritos empiezan a trabajar con la propuesta de cambio, afirm\u00f3 Macri.<\/p>\n\n\n\n<p>El ex presidente, adem\u00e1s de fustigar a los radicales que no est\u00e1n de acuerdo con votar a Milei, embisti\u00f3 contra el jefe de gobierno porte\u00f1o, que est\u00e1 a 40 d\u00edas de terminar su gesti\u00f3n y traspasar el mando a su primo Jorge Macri, quien decidi\u00f3 acelerar la conformaci\u00f3n de su equipo de ministros y funcionarios. As\u00ed como a Morales, Lousteau y Yacobitti los llam\u00f3 \u201cperdedores\u201d, a Larreta lo responsabiliz\u00f3 por la derrota de todo JxC.<\/p>\n\n\n\n<p><img decoding=\"async\" loading=\"lazy\" alt=\"El gobernador Gerardo Morales y el senador Mart\u00edn Lousteau, autoridades de la UCR  (foto Luciano Gonz\u00e1lez)   \" height=\"1080\" width=\"1920\" src=\"https:\/\/www.infobae.com\/new-resizer\/HNdG4YBDh3Us1aO2Cv7W5PQd5jY=\/420x236\/filters:format(webp):quality(85)\/cloudfront-us-east-1.images.arcpublishing.com\/infobae\/H7NY5S44QZEIRLP6T7CJEONTRM.jpg%20420w\" srcset=\"https:\/\/www.infobae.com\/new-resizer\/HNdG4YBDh3Us1aO2Cv7W5PQd5jY=\/420x236\/filters:format(webp):quality(85)\/cloudfront-us-east-1.images.arcpublishing.com\/infobae\/H7NY5S44QZEIRLP6T7CJEONTRM.jpg 420w,https:\/\/www.infobae.com\/new-resizer\/4zNascG_s09kBJ3qHccJdRMl7Bg=\/768x432\/filters:format(webp):quality(85)\/cloudfront-us-east-1.images.arcpublishing.com\/infobae\/H7NY5S44QZEIRLP6T7CJEONTRM.jpg 768w,https:\/\/www.infobae.com\/new-resizer\/nxyceyVYLzNF0QY-aPKPgV9nftU=\/992x558\/filters:format(webp):quality(85)\/cloudfront-us-east-1.images.arcpublishing.com\/infobae\/H7NY5S44QZEIRLP6T7CJEONTRM.jpg 992w,https:\/\/www.infobae.com\/new-resizer\/SH7-VoSF8ouIrtNoe0SrdpUHZAs=\/1200x675\/filters:format(webp):quality(85)\/cloudfront-us-east-1.images.arcpublishing.com\/infobae\/H7NY5S44QZEIRLP6T7CJEONTRM.jpg 1200w,https:\/\/www.infobae.com\/new-resizer\/JRUAXuivZ_kT17_fTJgD0YpaTKI=\/1440x810\/filters:format(webp):quality(85)\/cloudfront-us-east-1.images.arcpublishing.com\/infobae\/H7NY5S44QZEIRLP6T7CJEONTRM.jpg 1440w\">El gobernador Gerardo Morales y el senador Mart\u00edn Lousteau, autoridades de la UCR (foto Luciano Gonz\u00e1lez)<\/p>\n\n\n\n<p>\u201c<strong>La propuesta de Horacio, \u00e9l siendo quien ten\u00eda el mayor peso, hizo quedar a Juntos por el Cambio como una propuesta de cambio m\u00e1s tenue&nbsp;<\/strong>y (Milei) nos gan\u00f3 la delantera del cambio decidido, profundo. Yo siempre dec\u00eda que no es lo mismo el 23 que el 15. En 2015 hab\u00eda una vocaci\u00f3n de cambio institucional, pero no total. Ahora hay una vocaci\u00f3n de cambio total, hay que ser m\u00e1s audaces, hay que plantear un cambio radical, r\u00e1pido, contundente. Y lamentablemente esa propuesta era una cosa de \u2018vamos a incorporar peronismo de ac\u00e1, kirchnerismo de all\u00e1\u2019&#8230;&nbsp;<strong>Se percibi\u00f3 como que no era tanto cambio, y eso creo que nos complic\u00f3<\/strong>\u201d. M\u00e1s que una cr\u00edtica, un empuj\u00f3n afuera del PRO.<\/p>\n\n\n\n<p>En los reportajes que concedi\u00f3 la noche del domingo, Macri afirm\u00f3 que hay \u201cvarias teor\u00edas\u201d sobre por qu\u00e9 la oposici\u00f3n de JxC no lleg\u00f3 al balotaje, y puso en primer lugar porque \u00e9l no fue candidato y decidi\u00f3 no presentarse.&nbsp;<strong>\u201cPorque no fui candidato,<\/strong>&nbsp;o porque algunos dicen que dije tarde que no era candidato. Otros dicen que lo dije muy temprano y la campa\u00f1a fue demasiado tiempo y dura. Porque no dije que hab\u00eda un solo candidato, cuando no ten\u00eda vocaci\u00f3n ni autoridad, ni naturaleza (para decidirlo). Con cinco candidatos no pod\u00eda decir \u2018es \u00e9ste\u2019\u201d, dijo.<\/p>\n\n\n\n<p>Y complet\u00f3: \u201cDespu\u00e9s, porque no logr\u00e9 convencer a Horacio en tiempo y forma a que se bajase. Muchos ve\u00edamos desde el radicalismo y el PRO que la propuesta que \u00e9l planteaba no era lo que la gente ve\u00eda. Eso nos desdibuj\u00f3 y llev\u00f3 a que Milei se quedase con la imagen de que \u00e9l era el verdadero cambio, cuando Patricia ten\u00eda una propuesta de cambio muy potente\u201d.<\/p>\n\n\n\n<p>Larreta ya est\u00e1 en pleno proceso de repliegue y colabora en la transici\u00f3n para que el apellido Macri vuelva a la Jefatura de Gobierno porte\u00f1o. El mandatario electo trabaja a todo vapor en la definici\u00f3n de su equipo, que podr\u00eda incluir a algunos de los convocados al \u201cpacto de Acassuso\u201d. Hay cuatro posiciones claves: Jefatura de Gabinete, que podr\u00eda ir para N\u00e9stor Grindetti; en Seguridad suenan Cristian Ritondo o la continuidad del actual Gustavo Coria, en Salud podr\u00eda continuar Fern\u00e1n Quir\u00f3s, mientras se define el rol de Diego Santilli.&nbsp;<strong>Son meras conjeturas que se superponen a la madre de todas las batallas, que es la Presidencia.<\/strong>&nbsp;El propio Jorge Macri insiste en que todav\u00eda no tiene nada definido.<\/p>\n\n\n\n<p>Larreta no es el \u00fanico \u201cherido\u201d de los primeros \u201csoldados\u201d que acompa\u00f1aron al ex presidente. Elisa Carri\u00f3 sigue mascullando bronca, sobre todo por las descalificaciones que tambi\u00e9n lanz\u00f3 en su contra. \u201cA Macri lo enoja que Lilita haya cantado piedra libre hace de un a\u00f1o y no haya aceptado ser una carta en su partida de bridge pol\u00edtico\u201d, confiaron a&nbsp;<strong>Infobae&nbsp;<\/strong>fuentes que conocen ese v\u00ednculo. Y recordaron la buena sinton\u00eda de Ritondo con Massa cuando era presidente de la C\u00e1mara de Diputados.<\/p>\n\n\n\n<p><img decoding=\"async\" loading=\"lazy\" alt=\"El tuit de Carri\u00f3 que muestra la foto con Patricia Bullrich la noche de la derrota    \" height=\"506\" width=\"760\" src=\"https:\/\/www.infobae.com\/new-resizer\/a9ffRbCmnw3DijKZCPONw82fr5U=\/420x280\/filters:format(webp):quality(85)\/cloudfront-us-east-1.images.arcpublishing.com\/infobae\/TP2IE56CZ5HX3BLS5DPGXIOCBI.JPG%20420w\" srcset=\"https:\/\/www.infobae.com\/new-resizer\/a9ffRbCmnw3DijKZCPONw82fr5U=\/420x280\/filters:format(webp):quality(85)\/cloudfront-us-east-1.images.arcpublishing.com\/infobae\/TP2IE56CZ5HX3BLS5DPGXIOCBI.JPG 420w,https:\/\/www.infobae.com\/new-resizer\/Z9bDw-7Iz6dwvrhLKZXhyIwxWT0=\/768x512\/filters:format(webp):quality(85)\/cloudfront-us-east-1.images.arcpublishing.com\/infobae\/TP2IE56CZ5HX3BLS5DPGXIOCBI.JPG 768w,https:\/\/www.infobae.com\/new-resizer\/7GPQVHmkLIR9aTJdsfjrZ8CEH3E=\/992x661\/filters:format(webp):quality(85)\/cloudfront-us-east-1.images.arcpublishing.com\/infobae\/TP2IE56CZ5HX3BLS5DPGXIOCBI.JPG 992w,https:\/\/www.infobae.com\/new-resizer\/mPcVZX-QWflmDG0T5mQLkg-IqVM=\/1200x800\/filters:format(webp):quality(85)\/cloudfront-us-east-1.images.arcpublishing.com\/infobae\/TP2IE56CZ5HX3BLS5DPGXIOCBI.JPG 1200w,https:\/\/www.infobae.com\/new-resizer\/K8_ZZ15Xr-UU-uCDo6BDJ3ORpXo=\/1440x960\/filters:format(webp):quality(85)\/cloudfront-us-east-1.images.arcpublishing.com\/infobae\/TP2IE56CZ5HX3BLS5DPGXIOCBI.JPG 1440w\">El tuit de Carri\u00f3 que muestra la foto con Patricia Bullrich la noche de la derrota<\/p>\n\n\n\n<p>A pesar de que Mauricio Macri fustig\u00f3 con dureza a Larreta, a Carri\u00f3 y a los dirigentes de la UCR, trat\u00f3 de enviar un mensaje a los radicales que no se identifican con la dirigencia del Comit\u00e9 Nacional y los gobernadores que se expresaron a favor de la neutralidad, mientras estiran el tiempo de las definiciones. Macri elogi\u00f3 a \u201cmendocinos, correntinos, la provincia de Buenos Aires, los cordobeses\u201d y a los que se identifican con el fundador del partido Leandro Nic\u00e9foro Alem y al ex presidente Marcelo Torcuato de Alvear. \u201cEllos eran liberales\u201d, dijo.<\/p>\n\n\n\n<h2>Massa, entre la UCR y la nafta<\/h2>\n\n\n\n<p>Macri no es el \u00fanico enfocado en el voto radical. Sergio Massa, que encara desde esta semana una nueva etapa en la campa\u00f1a (que luego vamos a detallar), viene desde el mismo domingo pasado, despu\u00e9s de la victoria en las generales, dando se\u00f1ales al radicalismo. Y ayer, en Tucum\u00e1n, volvi\u00f3 a hacerlo con un fuerte gesto: como hizo el ex presidente en su campa\u00f1a de 1983, Massa pronunci\u00f3 el Pre\u00e1mbulo de la Constituci\u00f3n Nacional.<\/p>\n\n\n\n<p>Se trata de una pieza de oratoria m\u00edtica para la liturgia del radicalismo, que resume de manera emotiva el proyecto de vida com\u00fan que la Argentina se dio en su Carta Magna. Massa ratific\u00f3 su compromiso \u201cpara que el 10 de diciembre, a 40 a\u00f1os de la democracia, empiece una nueva etapa con un gobierno de unidad nacional\u201d.<\/p>\n\n\n\n<p>Luego, afirm\u00f3: \u201cQuiero rendir homenaje al primer presidente que le puso luz a la democracia argentina despu\u00e9s de a\u00f1os de oscuridad, a Ra\u00fal Ricardo Alfons\u00edn. Recordar esa convocatoria que dec\u00eda por qu\u00e9 marchamos y por qu\u00e9 luchamos. Marchamos y luchamos para constituir la uni\u00f3n nacional, para afianzar la justicia, para consolidar la paz interior, para proveer a la defensa com\u00fan, para promover el bienestar general y asegurar los beneficios de la libertad para nosotros, para nuestra posteridad y para todos los hombres que deseen habitar el suelo argentino\u201d.<\/p>\n\n\n\n<p>\u201cCon la misma convicci\u00f3n que hace 40 a\u00f1os, cumpliendo el compromiso de construir esa Patria es que abrazamos desde el peronismo a los hombres y mujeres de bien que creen en el pa\u00eds de los valores democr\u00e1ticos frente a aquellos que llaman a destruir los valores esenciales de nuestra Patria: por la educaci\u00f3n p\u00fablica, por la seguridad en manos del Estado y no a la portaci\u00f3n de armas, por un pa\u00eds con salud p\u00fablica y con venta de \u00f3rganos, por un pa\u00eds que respete el medio ambiente y por la producci\u00f3n nacional es que venimos a renovar ese mandato de hacer 40 a\u00f1os\u201d. Un mensaje contra Milei, sin nombrarlo.<\/p>\n\n\n\n<p>En simult\u00e1neo con el acto que tuvo en Tucum\u00e1n por la asunci\u00f3n de Osvaldo Jaldo, Massa abord\u00f3 un problema grave e inoportuno a s\u00f3lo tres semanas del balotaje: la falta de nafta que trastorn\u00f3 la vida cotidiana de los argentinos y que deriv\u00f3 en un ultim\u00e1tum: el ministro-candidato les advirti\u00f3 a las petroleras que si a la medianoche del martes no est\u00e1 normalizado el abastecimiento frenar\u00e1 todas las exportaciones.<\/p>\n\n\n\n<p>\u201cSi el martes el abastecimiento de combustibles no est\u00e1 resuelto, desde el mi\u00e9rcoles no van a poder exportar un solo barco m\u00e1s\u201d, afirm\u00f3 Massa y continu\u00f3: \u201cLes guste o no les guste a las petroleras, vamos a hacer crecer el cupo de biocombustibles, porque es clave para el crecimiento y abastecimiento y el cumplimiento de las metas ambientales de la Argentina\u201d.<\/p>\n\n\n\n<p>\u201cEn un pa\u00eds donde el otro candidato niega el cambio clim\u00e1tico y dice que el Estado no tiene que intervenir en los precios, los argentinos tiene que saber: si el Estado no estuviera, sin regulaciones, el precio del litro de la nafta ser\u00eda hoy de $680 el litro. Para que quede claro: la discusi\u00f3n del 19 de noviembre es si el litro de nafta se paga a $680 o al valor de hoy. Que se entienda, esa es la diferencia entre dos proyectos de pa\u00eds\u201d.<\/p>\n\n\n\n<p>A la presi\u00f3n que lanz\u00f3 Massa para resolver un conflicto que ning\u00fan candidato puede permitirse en la campa\u00f1a<\/p>\n\n\n\n<h2>Tucum\u00e1n y la campa\u00f1a<\/h2>\n\n\n\n<p><img decoding=\"async\" loading=\"lazy\" alt=\"Massa, con Jaldo y Manzur. Detr\u00e1s, el catamarque\u00f1o Jalil y el formose\u00f1o Gildo Insfr\u00e1n   \" height=\"738\" width=\"1110\" src=\"https:\/\/www.infobae.com\/new-resizer\/A8pAH0IgF4Oa_gm2BH2Ro6tEvBg=\/420x280\/filters:format(webp):quality(85)\/cloudfront-us-east-1.images.arcpublishing.com\/infobae\/TV2G7M6ZBVH3LJ3QHGBSW3T7NM.jpeg%20420w\" srcset=\"https:\/\/www.infobae.com\/new-resizer\/A8pAH0IgF4Oa_gm2BH2Ro6tEvBg=\/420x280\/filters:format(webp):quality(85)\/cloudfront-us-east-1.images.arcpublishing.com\/infobae\/TV2G7M6ZBVH3LJ3QHGBSW3T7NM.jpeg 420w,https:\/\/www.infobae.com\/new-resizer\/wKQnRXMWuQZWCDDg0yQmskKlE1c=\/768x512\/filters:format(webp):quality(85)\/cloudfront-us-east-1.images.arcpublishing.com\/infobae\/TV2G7M6ZBVH3LJ3QHGBSW3T7NM.jpeg 768w,https:\/\/www.infobae.com\/new-resizer\/HF4TfdT2EddhUgz_mq1Klr2PqYk=\/992x661\/filters:format(webp):quality(85)\/cloudfront-us-east-1.images.arcpublishing.com\/infobae\/TV2G7M6ZBVH3LJ3QHGBSW3T7NM.jpeg 992w,https:\/\/www.infobae.com\/new-resizer\/hjOr8AOrhv5RytJlmFh76Gpb_Ek=\/1200x800\/filters:format(webp):quality(85)\/cloudfront-us-east-1.images.arcpublishing.com\/infobae\/TV2G7M6ZBVH3LJ3QHGBSW3T7NM.jpeg 1200w,https:\/\/www.infobae.com\/new-resizer\/MZ79ghZuZdwyT_8TWPmvaOoyG3M=\/1440x960\/filters:format(webp):quality(85)\/cloudfront-us-east-1.images.arcpublishing.com\/infobae\/TV2G7M6ZBVH3LJ3QHGBSW3T7NM.jpeg 1440w\">Massa, con Jaldo y Manzur. Detr\u00e1s, el catamarque\u00f1o Jalil y el formose\u00f1o Gildo Insfr\u00e1n<\/p>\n\n\n\n<p>Despu\u00e9s de la jura de Osvaldo Jaldo y de la evocaci\u00f3n alfonsinista, bajo un t\u00f3rrido solazo que regalaba 35 grados a la sombra, Massa fue a almorzar con el gobernador saliente Juan Manzur en su casa de Yerba Buena, el mismo lugar donde el viernes 8 de septiembre cenaron los gobernadores del peronismo para hacer catarsis por la derrota estrepitosa de las PASO. All\u00ed se juramentaron mover el aparato partidario y darla vuelta.<\/p>\n\n\n\n<p>En la tarde tucumana de este domingo, entre humita y ensalada de frutas, volvieron a verse con Massa el anfitri\u00f3n Manzur y su sucesor Jaldo, Axel Kicillof (Buenos Aires), Ra\u00fal Jalil (Catamarca), Ricardo Quintela (La Rioja) y Gerardo Zamora (Santiago del Estero). El formose\u00f1o Gildo Insfr\u00e1n ya hab\u00eda regresado a su provincia.<\/p>\n\n\n\n<p>En ese almuerzo se habl\u00f3 de la situaci\u00f3n del peronismo y del nuevo escenario pol\u00edtico que dej\u00f3 el \u201cpacto de Acassuso\u201d, con la reaparici\u00f3n de Macri en la centralidad opositora. Los mandatarios, que cumplieron la promesa que hab\u00eda hecho Manzur en septiembre de sumar 750 mil votos por encima de las PASO, se comprometieron a garantizar una nueva victoria. Y se animaron a prometer ampliar la diferencia. Es que no perciben que la estructura opositora vuelva a jugar como el domingo pasado.<\/p>\n\n\n\n<p>Son encuentros pol\u00edticos que ocurren mientras irrumpen en el camino dificultades que asustan a los m\u00e1s experimentados. La preocupaci\u00f3n por la escasez de combustible atraves\u00f3 por igual a todos los convocados y estuvo el compromiso de que en dos d\u00edas habr\u00e1 una normalizaci\u00f3n del abastecimiento. Una distracci\u00f3n sorpresiva e imperdonable en tiempos de campa\u00f1a.<\/p>\n\n\n\n<p>Al terminar el almuerzo, Massa visit\u00f3 en las afueras de San Miguel Tucum\u00e1n el ingenio Leales, donde se produce la refinaci\u00f3n y envasado de az\u00facar de ca\u00f1a, y llevan tambi\u00e9n a cabo el proceso de destilaci\u00f3n de alcohol industrial. Antes de regresar a Buenos Aires, particip\u00f3 de la jura de Rossana Chahla, nueva intendenta de la Ciudad Capital y la primera mujer en acceder a ese cargo.<\/p>\n\n\n\n<p>El viaje tiene que ver con mantener el mismo dispositivo que sirvi\u00f3 para las generales, pero ahora con otra l\u00f3gica: la segunda vuelta no se vota s\u00f3lo lo que se quiere, sino sobre todo lo que no se quiere. En el norte del pa\u00eds hubo provincias con m\u00e1s del 40 por ciento de los votos, pero tambi\u00e9n otros, como Salta, donde Milei gan\u00f3 y corre con ventaja.<\/p>\n\n\n\n<p>Por eso, en el b\u00fanker de Uni\u00f3n por la Patria realinean discursos y buscan estrategias para subrayar los defectos ajenos y ensalzar las virtudes propias. Es un nuevo contexto, donde el pacto de Milei con Macri y Bullrich, creen, podr\u00eda beneficiar a Massa, principalmente por las divisiones que gener\u00f3 en el \u00e1mbito opositor ese acuerdo. Por eso preparan propuestas de campa\u00f1a dirigidas a los radicales, al cordobesismo, los partidos provinciales y el sector del PRO moderado, que encarna Larreta y Mar\u00eda Eugenia Vidal.<\/p>\n\n\n\n<p>El objetivo de la campa\u00f1a es sostener lo que Massa plante\u00f3 la misma noche del domingo: \u201cLa grieta muri\u00f3 y no hay que reavivirla\u201d, dicen en el equipo de Massa. Aqu\u00ed est\u00e1 el riesgo, porque el acuerdo de Macri, Bullrich y Mieli podr\u00eda forzar la reaparici\u00f3n del antagonismo de kirchnerismo vs antikirchnerismo.<\/p>\n\n\n\n<p>Por eso insistir\u00e1n con la idea de la \u201cnueva etapa\u201d que rompe con esa dicotom\u00eda. Seg\u00fan trascendi\u00f3 Massa insistir\u00e1 con la \u201cArgentina inclusiva, un Estado presente, protecci\u00f3n para todos aquellos que lo necesitan, pero con control de lo que se gasta. Un Estado eficiente sin privilegios y una justicia eficaz y despolitizada\u201d.<\/p>\n\n\n\n<h2>Tres sorpresas y cambios<\/h2>\n\n\n\n<p>El proceso electoral ya ofreci\u00f3 dos escenarios inesperados. El 12 de agosto, el d\u00eda previo a las PASO, no hab\u00eda encuestador ni protagonista de las elecciones que esperara un podio Milei-Bullrich-Massa. Fue un orden sorpresivo que desencuadr\u00f3 los an\u00e1lisis. Tampoco la semana previa al 22 de octubre de las generales nadie preve\u00eda que las posiciones iban a cambiar de manera tan dram\u00e1tica: Massa-Milei-Bullrich, y con el candidato oficialista recort\u00e1ndose casi 7 puntos por encima del libertario.<\/p>\n\n\n\n<p><strong>Frente a estas dos sorpresas se abre una inc\u00f3gnita decisiva: \u00bfEs posible que haya una sorpresa tambi\u00e9n en el balotaje? En una encuestadora reconocida, la pregunta \u201c\u00bfA qui\u00e9n piensa votar en el balotaje?\u201d fue respondida el 44,2% a favor de Milei, el 43,6% a favor de Massa, No sabe 6,3% y En Blanco 5,9%. La paridad se rompe con los indecisos y los que no saben qu\u00e9 hacer.<\/strong><\/p>\n\n\n\n<p><img decoding=\"async\" loading=\"lazy\" alt=\"Milei, en el centro. A su derecha, Victoria Villarruel, y a su izquierda, Carolina P\u00edparo.    \" height=\"3805\" width=\"5500\" src=\"https:\/\/www.infobae.com\/new-resizer\/Xu9O1bp1F-C4tl8vlh6mwQpLFlI=\/420x280\/filters:format(webp):quality(85)\/cloudfront-us-east-1.images.arcpublishing.com\/infobae\/T3ZUA7RXEYCJIDPDLKKN66N46U.jpg%20420w\" srcset=\"https:\/\/www.infobae.com\/new-resizer\/Xu9O1bp1F-C4tl8vlh6mwQpLFlI=\/420x280\/filters:format(webp):quality(85)\/cloudfront-us-east-1.images.arcpublishing.com\/infobae\/T3ZUA7RXEYCJIDPDLKKN66N46U.jpg 420w,https:\/\/www.infobae.com\/new-resizer\/QqqexG9fSHg33h13xBVgMMcPg8Q=\/768x512\/filters:format(webp):quality(85)\/cloudfront-us-east-1.images.arcpublishing.com\/infobae\/T3ZUA7RXEYCJIDPDLKKN66N46U.jpg 768w,https:\/\/www.infobae.com\/new-resizer\/19alXtIKsSaDd0cqouCygqR4vwY=\/992x661\/filters:format(webp):quality(85)\/cloudfront-us-east-1.images.arcpublishing.com\/infobae\/T3ZUA7RXEYCJIDPDLKKN66N46U.jpg 992w,https:\/\/www.infobae.com\/new-resizer\/eXmxNvmwUohEvTci2IgFwD2hOVw=\/1200x800\/filters:format(webp):quality(85)\/cloudfront-us-east-1.images.arcpublishing.com\/infobae\/T3ZUA7RXEYCJIDPDLKKN66N46U.jpg 1200w,https:\/\/www.infobae.com\/new-resizer\/BRXmSGCqvZwDGnQ0g4sGfVUi_ig=\/1440x960\/filters:format(webp):quality(85)\/cloudfront-us-east-1.images.arcpublishing.com\/infobae\/T3ZUA7RXEYCJIDPDLKKN66N46U.jpg 1440w\">Milei, en el centro. A su derecha, Victoria Villarruel, y a su izquierda, Carolina P\u00edparo.<\/p>\n\n\n\n<p>Para<strong>&nbsp;Diego Reynoso<\/strong>, investigador del Conicet, profesor principal de Ciencia Pol\u00edtica en la Universidad de San Andr\u00e9s (Udesa) y director de la Encuesta de Satisfacci\u00f3n Pol\u00edtica y Opini\u00f3n P\u00fablica, hay un marco general que le sustrae a la segunda vuelta todo suspenso: quedan s\u00f3lo dos rivales y, estando en condiciones los dos de ganar (y de perder), la duda es qu\u00e9 har\u00e1n los que a\u00fan no se decidieron.<\/p>\n\n\n\n<p>\u201cEs mucho m\u00e1s previsible: ac\u00e1 gana Massa o gana Milei.<strong>&nbsp;Quiz\u00e1 la sorpresa puede llegar a ser la cantidad de votos en blanco.&nbsp;<\/strong>Para eso veremos c\u00f3mo decanta todo lo que pas\u00f3 en Juntos por el Cambio en la decisi\u00f3n del voto del electorado\u201d, explic\u00f3 el analista y resalt\u00f3: \u201cHay mucho electorado que todav\u00eda falta definirse. Ac\u00e1 la campa\u00f1a va a tener un impacto profundo y va a moldear lo que predomine en c\u00f3mo la gente va a tomar su decisi\u00f3n\u201d.<\/p>\n\n\n\n<p>En ese sentido, Reynoso describi\u00f3 que la inc\u00f3gnita principal que puede definir a los indecisos es de qu\u00e9 modo se va a expresar el nivel de descontento de la ciudadan\u00eda: \u201cPuede ser apoyando a Milei, como cre\u00edamos que era la forma del descontento, o votando en blanco, porque ninguna de las dos opciones le convence\u201d.<\/p>\n\n\n\n<p>El director de la encuesta de Udesa, un material de consulta en la dirigencia empresarial y pol\u00edtica, destac\u00f3 que el pacto de Macri con Milei era \u201cuna jugada que ya estaba calculada; Macri se garantiz\u00f3 tener una segunda chance en las elecciones\u201d, pero subray\u00f3 la sorpresa que genera la presencia en esa movida de Patricia Bullrich. \u201c\u00bfQu\u00e9 necesidad ten\u00eda una candidata presidencial de salir de esa manera a respaldar a Javier Milei? Ac\u00e1 empiezan todas las especulaciones de los motivos que la hicieron a ella obedecer o alinearse, cosas que desconozco absolutamente. Cuando uno hace las cuentas no ve ninguna racionalidad clara en ese movimiento, porque tiene todo para perder y casi nada para ganar\u201d, expres\u00f3 Reynoso.<\/p>\n\n\n\n<p>\u201cBullrich intent\u00f3 sistem\u00e1ticamente diferenciarse de esa alternativa. Primero imit\u00f3 la agenda para ver si la conten\u00eda y recibi\u00f3 much\u00edsimas agresiones por parte de Javier Milei, en exceso. Ninguno de los otros competidores la agredi\u00f3 tanto como la agredi\u00f3 Javier Milei y despu\u00e9s termin\u00f3 pactando porque su jefe pol\u00edtico le exigi\u00f3 que lo ten\u00eda que hacer\u201d, continu\u00f3.<\/p>\n\n\n\n<p>Pero Reynoso, m\u00e1s all\u00e1 de la explicaci\u00f3n de la presencia de Bullrich en el pacto opositor, consider\u00f3 que Juntos por el Cambio estaba esperando el momento para poder romper con Mauricio Macri y Patricia Bullrich, o con el sector m\u00e1s a la derecha de la coalici\u00f3n. \u201cNo quedaba claro qui\u00e9n lo iba a hacer, si lo iban a hacer primero los moderados o lo iban a hacer los halcones. La decisi\u00f3n de Macri y Bullrich rompe el espacio y ahora quedan dos bloques claramente diferenciados\u201d, dijo.<\/p>\n\n\n\n<p>El polit\u00f3logo describi\u00f3 que con la ruptura qued\u00f3 \u201cun espacio m\u00e1s centrista, y en materia de derechos, quiz\u00e1 m\u00e1s progresista; y del otro lado qued\u00f3 un sector m\u00e1s a la centroderecha en materia econ\u00f3mica, aunque ahora abrazando las ideas de Milei m\u00e1s de derecha en econom\u00eda y muy de derecha en materia de derechos, con posiciones en el l\u00edmite del pacto democr\u00e1tico que surgi\u00f3 en el 83. Porque apoyar a Milei tambi\u00e9n es respaldarla a Villarruel\u201d.<\/p>\n\n\n\n<p>\u201cNo queda claro es si el espacio centroprogresista se va a sumar a la ampliaci\u00f3n de un gobierno de unidad nacional o va a intentar mantenerse como una alternativa de centro. De mantenerse como una alternativa de centro independiente de la otra alternativa, volver\u00edamos con un esquema del 2007: un peronismo de 45% y dos partidos de 21% por otro lado\u201d.<\/p>\n\n\n\n<p>La duda que sobrevuela en el massismo y entre los libertarios apunta a los motivos que definir\u00e1n el voto entre los indecisos, si predomina lo program\u00e1tico o el voto retrospectivo. \u201cSi se discute la gesti\u00f3n y el desempe\u00f1o de este gobierno, que es lo com\u00fan en una democracia, independientemente de la otra alternativa, la gente votar\u00e1 a la otra alternativa. Pero la otra alternativa, la de Milei, no es com\u00fan, no es el escenario que preve\u00edamos con Juntos por el Cambio, ganando la elecci\u00f3n, en primera vuelta. Eso no pas\u00f3\u201d.<\/p>\n\n\n\n<p>\u201cLa alternativa es Javier Milei con una agenda muy complicada, que tal vez no sea la agenda de preferencia del electorado argentino. El electorado tiene una duda enorme de decir \u2018eval\u00fao negativamente al Gobierno, pero no s\u00e9 si puedo apoyar la agenda de Milei\u2019. Adem\u00e1s, se le agrega al tema de la agenda pol\u00edtica del cual todos hablamos y hay que ponerlo en la mesa: cu\u00e1nto equilibrio y estabilidad emocional y psicol\u00f3gica requiere un candidato para hacerse cargo de la Presidencia de la Rep\u00fablica\u201d.<\/p>\n\n\n\n<p>\u201c\u00bfEl debate puede ser una un escenario muy definitorio para esto?\u201d, le pregunt\u00f3 Infobae a Reynoso. \u201cSi en el debate se termina discutiendo la personalidad de Milei y la agenda de ultraderecha, me parece que ah\u00ed Massa tiene m\u00e1s chances\u201d, respondi\u00f3. Si se discute inflaci\u00f3n, d\u00f3lar y la falta de nafta, la cuenta ser\u00e1 otra.<\/p>\n\n\n\n<p>Fuente: Infobae<\/p>\n","protected":false},"excerpt":{"rendered":"<div class=\"mh-excerpt\"><p>\u201cMauricio est\u00e1 recorriendo todos los canales, est\u00e1 haciendo campa\u00f1a como no he visto que haga (sic) para Patricia\u201d. La frase mordaz fue del gobernador y titular de la UCR,&nbsp;Gerardo Morales. Mauricio es Macri y Patricia, Bullrich. Es una declaraci\u00f3n que confirma que la fractura expuesta de Juntos por el Cambio despu\u00e9s de la derrota y el pacto con Javier Milei no s\u00f3lo no cede, sino que se acent\u00faa un poco m\u00e1s cada d\u00eda. Los entreveros en el \u00e1mbito opositor quedaron a la vista anoche en el\u00a0prime time\u00a0de la televisi\u00f3n, tanto en canales de aire como en una se\u00f1al de noticias, <a class=\"mh-excerpt-more\" href=\"http:\/\/dsrmedios.com.ar\/diario\/archivos\/40935\" title=\"Los elogios de Macri a Milei, el empuj\u00f3n a Larreta y la nueva etapa de Massa\">[Leer m\u00e1s]<\/a><\/p>\n<\/div>","protected":false},"author":8,"featured_media":40936,"comment_status":"open","ping_status":"closed","sticky":false,"template":"","format":"standard","meta":{"_jetpack_newsletter_access":""},"categories":[6],"tags":[],"jetpack_featured_media_url":"http:\/\/dsrmedios.com.ar\/diario\/wp-content\/uploads\/2023\/10\/descarga-41.jpeg","jetpack_sharing_enabled":true,"jetpack_shortlink":"https:\/\/wp.me\/p9fihK-aEf","_links":{"self":[{"href":"http:\/\/dsrmedios.com.ar\/diario\/wp-json\/wp\/v2\/posts\/40935"}],"collection":[{"href":"http:\/\/dsrmedios.com.ar\/diario\/wp-json\/wp\/v2\/posts"}],"about":[{"href":"http:\/\/dsrmedios.com.ar\/diario\/wp-json\/wp\/v2\/types\/post"}],"author":[{"embeddable":true,"href":"http:\/\/dsrmedios.com.ar\/diario\/wp-json\/wp\/v2\/users\/8"}],"replies":[{"embeddable":true,"href":"http:\/\/dsrmedios.com.ar\/diario\/wp-json\/wp\/v2\/comments?post=40935"}],"version-history":[{"count":1,"href":"http:\/\/dsrmedios.com.ar\/diario\/wp-json\/wp\/v2\/posts\/40935\/revisions"}],"predecessor-version":[{"id":40937,"href":"http:\/\/dsrmedios.com.ar\/diario\/wp-json\/wp\/v2\/posts\/40935\/revisions\/40937"}],"wp:featuredmedia":[{"embeddable":true,"href":"http:\/\/dsrmedios.com.ar\/diario\/wp-json\/wp\/v2\/media\/40936"}],"wp:attachment":[{"href":"http:\/\/dsrmedios.com.ar\/diario\/wp-json\/wp\/v2\/media?parent=40935"}],"wp:term":[{"taxonomy":"category","embeddable":true,"href":"http:\/\/dsrmedios.com.ar\/diario\/wp-json\/wp\/v2\/categories?post=40935"},{"taxonomy":"post_tag","embeddable":true,"href":"http:\/\/dsrmedios.com.ar\/diario\/wp-json\/wp\/v2\/tags?post=40935"}],"curies":[{"name":"wp","href":"https:\/\/api.w.org\/{rel}","templated":true}]}}