{"id":40931,"date":"2023-10-30T23:59:06","date_gmt":"2023-10-31T02:59:06","guid":{"rendered":"http:\/\/dsrmedios.com.ar\/diario\/?p=40931"},"modified":"2023-10-30T23:59:09","modified_gmt":"2023-10-31T02:59:09","slug":"esteban-bullrich-definio-que-hara-en-el-balotaje-ante-los-reacomodamientos-politicos-de-la-oposicion","status":"publish","type":"post","link":"http:\/\/dsrmedios.com.ar\/diario\/archivos\/40931","title":{"rendered":"Esteban Bullrich defini\u00f3 qu\u00e9 har\u00e1 en el balotaje ante \u201clos reacomodamientos pol\u00edticos\u201d de la oposici\u00f3n"},"content":{"rendered":"\n<p>\u201cA ra\u00edz de los&nbsp;<strong>reacomodamientos pol\u00edticos<\/strong>&nbsp;tras la elecci\u00f3n del 22 de octubre,&nbsp;<strong>quiero dejar clara mi posici\u00f3n<\/strong>\u201d. As\u00ed comienza el mensaje con el que&nbsp;<strong>Esteban Bullrich<\/strong>&nbsp;explic\u00f3 qu\u00e9 har\u00e1 en el balotaje que se llevar\u00e1 a cabo el 19 de noviembre<\/p>\n\n\n\n<p>La derrota de Patricia Bullrich en las elecciones generales provoc\u00f3 un verdadero&nbsp;<strong>cisma&nbsp;<\/strong>en el seno de&nbsp;<strong>Juntos por el Cambio<\/strong>: la coalici\u00f3n opositora se dividi\u00f3 entre quienes decidieron encolumnarse detr\u00e1s de&nbsp;<strong>Javier Milei&nbsp;<\/strong>(con Mauricio Macri como referente) y los que optaron por la \u201c<strong>neutralidad<\/strong>\u201d, entre los que se encuentran&nbsp;<strong>Horacio Rodr\u00edguez Larreta, Elisa Carri\u00f3<\/strong>&nbsp;y casi todos los referentes de la&nbsp;<strong>Uni\u00f3n C\u00edvica Radical (UCR)<\/strong>.<\/p>\n\n\n\n<p><\/p>\n\n\n\n<p>En ese contexto, Esteban Bullrich realiz\u00f3 su an\u00e1lisis y defini\u00f3 una postura concreta, pero hizo una aclaraci\u00f3n importante: \u201c<strong>Comparto con Patricia y Mauricio<\/strong>&nbsp;que no podemos quedarnos de brazos cruzados mientras se consolida una&nbsp;<strong>nueva versi\u00f3n del viejo proyecto pol\u00edtico<\/strong>&nbsp;de siempre, que s\u00f3lo busca&nbsp;<strong>perpetuarse&nbsp;<\/strong>en el poder a costa de<strong>&nbsp;m\u00e1s hambre, pobreza y destrucci\u00f3n<\/strong>&nbsp;para los argentinos\u201d.<\/p>\n\n\n\n<p>\u201c<strong>Hoy la alternativa a eso es una sola<\/strong>\u201d, remat\u00f3 el ex Ministro de Educaci\u00f3n del gobierno de Cambiemos, en un claro gui\u00f1o a la opci\u00f3n que representa La Libertad Avanza.<\/p>\n\n\n\n<p><\/p>\n\n\n\n<p>Sin embargo, ese apoyo est\u00e1 condicionado a un cambio de actitud en el modo de comunicarse que caracteriza a Milei: \u201cNo obstante, creo tambi\u00e9n que el momento que vivimos exige de nosotros una enorme&nbsp;<strong>prudencia<\/strong>\u201d.<\/p>\n\n\n\n<p>\u201cLos&nbsp;<strong>discursos encendidos y los agravios personales<\/strong>&nbsp;entre dirigentes de la oposici\u00f3n, por asumir diferentes posiciones (todas respetables),&nbsp;<strong>deben terminar<\/strong>\u201d, reclam\u00f3 Bullrich a trav\u00e9s de las redes sociales.<\/p>\n\n\n\n<p>\u201cM\u00e1s temprano que tarde, esta Argentina doliente volver\u00e1 a convocarnos en su defensa. Depende de nosotros que&nbsp;<strong>los egos y rencores personales no se interpongan<\/strong>&nbsp;en esa misi\u00f3n, que es la \u00fanica lucha en la que ninguno es prescindible\u201d, finaliz\u00f3.<\/p>\n\n\n\n<h2>Macri en campa\u00f1a<\/h2>\n\n\n\n<p>El ex Presidente decidi\u00f3 meterse de lleno en esta nueva campa\u00f1a que comenz\u00f3 rumbo al balotaje y justific\u00f3 el respaldo que le est\u00e1 dando a Milei, que se apoya b\u00e1sicamente en que -a su entender- es una mejor opci\u00f3n que la que ofrece Uni\u00f3n por la Patria.<\/p>\n\n\n\n<p>\u201cTenemos que decidir si<strong>&nbsp;Massa&nbsp;<\/strong>contin\u00faa o no, y&nbsp;<strong>con \u00e9l no hay incertidumbres. Con Milei tenemos todas las incertidumbres<\/strong>&nbsp;porque no lo conocemos, nunca gobern\u00f3. Lo que yo puedo decir es que siempre que lo vi, y las ocho o nueve veces que le habl\u00e9, nunca me minti\u00f3; en cambio,&nbsp;<strong>Massa me minti\u00f3 siempre<\/strong>\u201d, remarc\u00f3 Macri durante una entrevista en&nbsp;<em>LN+<\/em>.<\/p>\n\n\n\n<p>En ese marco, el fundador del PRO y referente de Juntos por el Cambio volvi\u00f3 a arremeter contra el actual ministro de Econom\u00eda: \u201cDe \u00e9l sabemos todo, c\u00f3mo us\u00f3 el poder, c\u00f3mo cree que se construye, c\u00f3mo cree en esa visi\u00f3n de querer aplastar, dominar, dividir,&nbsp;<strong>y ahora buscar\u00e1 dividir al radicalismo y, si puede, tambi\u00e9n una parte del PRO para llev\u00e1rselos<\/strong>\u201d.<\/p>\n\n\n\n<p>\u201c<strong>Todo el mundo se pregunta si es o no es (kirchnerista), bueno, es lo mismo<\/strong>. \u00c9l estuvo con la UCED\u00c9, despu\u00e9s se fue con Menem, despu\u00e9s con Duhalde, despu\u00e9s con los Kirchner, donde tuvo mucho poder, en el ANSeS y como jefe de Gabinete, despu\u00e9s se fue a&nbsp;<strong>Tigre&nbsp;<\/strong>que, dicho sea de paso, es el lugar donde&nbsp;<strong>no lo eligen m\u00e1s porque ya lo conocieron<\/strong>,. Eso es porque en el pago chico te conocen\u201d, dispar\u00f3 sin contemplaciones.<\/p>\n\n\n\n<p>Para cerrar su mensaje, Macri se\u00f1al\u00f3: \u201cLo que tenemos que hacer hoy, primero, es entender que<strong>&nbsp;el voto en blanco, el no ir a votar y la neutralidad, es funcional a Massa<\/strong>. Ac\u00e1 hay que decidir si queremos cambio o continuidad; yo estoy por el cambio, siempre lo dije\u201d.<\/p>\n\n\n\n<p>Fuente: Infobae<\/p>\n","protected":false},"excerpt":{"rendered":"<div class=\"mh-excerpt\"><p>\u201cA ra\u00edz de los&nbsp;reacomodamientos pol\u00edticos&nbsp;tras la elecci\u00f3n del 22 de octubre,&nbsp;quiero dejar clara mi posici\u00f3n\u201d. As\u00ed comienza el mensaje con el que&nbsp;Esteban Bullrich&nbsp;explic\u00f3 qu\u00e9 har\u00e1 en el balotaje que se llevar\u00e1 a cabo el 19 de noviembre La derrota de Patricia Bullrich en las elecciones generales provoc\u00f3 un verdadero&nbsp;cisma&nbsp;en el seno de&nbsp;Juntos por el Cambio: la coalici\u00f3n opositora se dividi\u00f3 entre quienes decidieron encolumnarse detr\u00e1s de&nbsp;Javier Milei&nbsp;(con Mauricio Macri como referente) y los que optaron por la \u201cneutralidad\u201d, entre los que se encuentran&nbsp;Horacio Rodr\u00edguez Larreta, Elisa Carri\u00f3&nbsp;y casi todos los referentes de la&nbsp;Uni\u00f3n C\u00edvica Radical (UCR). En ese contexto, Esteban <a class=\"mh-excerpt-more\" href=\"http:\/\/dsrmedios.com.ar\/diario\/archivos\/40931\" title=\"Esteban Bullrich defini\u00f3 qu\u00e9 har\u00e1 en el balotaje ante \u201clos reacomodamientos pol\u00edticos\u201d de la oposici\u00f3n\">[Leer m\u00e1s]<\/a><\/p>\n<\/div>","protected":false},"author":8,"featured_media":40943,"comment_status":"open","ping_status":"closed","sticky":false,"template":"","format":"standard","meta":{"_jetpack_newsletter_access":""},"categories":[6],"tags":[],"jetpack_featured_media_url":"http:\/\/dsrmedios.com.ar\/diario\/wp-content\/uploads\/2023\/10\/esteban-bullrich.webp","jetpack_sharing_enabled":true,"jetpack_shortlink":"https:\/\/wp.me\/p9fihK-aEb","_links":{"self":[{"href":"http:\/\/dsrmedios.com.ar\/diario\/wp-json\/wp\/v2\/posts\/40931"}],"collection":[{"href":"http:\/\/dsrmedios.com.ar\/diario\/wp-json\/wp\/v2\/posts"}],"about":[{"href":"http:\/\/dsrmedios.com.ar\/diario\/wp-json\/wp\/v2\/types\/post"}],"author":[{"embeddable":true,"href":"http:\/\/dsrmedios.com.ar\/diario\/wp-json\/wp\/v2\/users\/8"}],"replies":[{"embeddable":true,"href":"http:\/\/dsrmedios.com.ar\/diario\/wp-json\/wp\/v2\/comments?post=40931"}],"version-history":[{"count":1,"href":"http:\/\/dsrmedios.com.ar\/diario\/wp-json\/wp\/v2\/posts\/40931\/revisions"}],"predecessor-version":[{"id":40944,"href":"http:\/\/dsrmedios.com.ar\/diario\/wp-json\/wp\/v2\/posts\/40931\/revisions\/40944"}],"wp:featuredmedia":[{"embeddable":true,"href":"http:\/\/dsrmedios.com.ar\/diario\/wp-json\/wp\/v2\/media\/40943"}],"wp:attachment":[{"href":"http:\/\/dsrmedios.com.ar\/diario\/wp-json\/wp\/v2\/media?parent=40931"}],"wp:term":[{"taxonomy":"category","embeddable":true,"href":"http:\/\/dsrmedios.com.ar\/diario\/wp-json\/wp\/v2\/categories?post=40931"},{"taxonomy":"post_tag","embeddable":true,"href":"http:\/\/dsrmedios.com.ar\/diario\/wp-json\/wp\/v2\/tags?post=40931"}],"curies":[{"name":"wp","href":"https:\/\/api.w.org\/{rel}","templated":true}]}}