{"id":40923,"date":"2023-10-28T14:58:04","date_gmt":"2023-10-28T17:58:04","guid":{"rendered":"http:\/\/dsrmedios.com.ar\/diario\/?p=40923"},"modified":"2023-10-28T14:58:07","modified_gmt":"2023-10-28T17:58:07","slug":"las-petroleras-aseguran-que-el-abastecimiento-de-combustible-se-ira-normalizando-en-los-proximos-dias","status":"publish","type":"post","link":"http:\/\/dsrmedios.com.ar\/diario\/archivos\/40923","title":{"rendered":"Las petroleras aseguran que el abastecimiento de combustible \u201cse ir\u00e1 normalizando en los pr\u00f3ximos d\u00edas\u201d"},"content":{"rendered":"\n<p>Las cuatro empresas que ayer viernes estuvieron reunidas con la secretaria de Energ\u00eda de la Naci\u00f3n,\u00a0<strong>Flavia Roy\u00f3n<\/strong>, para coordinar una acci\u00f3n conjunta y superar la situaci\u00f3n de desabastecimiento de combustibles que se agudiz\u00f3 en los \u00faltimos d\u00edas emitieron hoy un comunicado conjunto en el que explicaron la situaci\u00f3n que se plante\u00f3 y aseguraron que el abastecimiento se normalizar\u00e1 en los pr\u00f3ximos d\u00edas.<a rel=\"noreferrer noopener\" href=\"https:\/\/www.infobae.com\/economia\/2023\/10\/28\/escasez-de-combustible-segun-el-gobierno-el-abastecimiento-se-normalizaria-a-mediados-de-semana-pero-estacioneros-creen-que-puede-durar-10-dias-mas\/\" target=\"_blank\"><\/a><a rel=\"noreferrer noopener\" href=\"https:\/\/www.infobae.com\/economia\/2023\/10\/28\/el-gobierno-confirmo-que-mendoza-no-recibira-subsidios-para-el-transporte-por-no-regularizar-la-documentacion\/\" target=\"_blank\"><\/a><\/p>\n\n\n\n<p>Bajo el t\u00edtulo \u201cLas refiner\u00edas y el abastecimiento del mercado interno de combustibles\u201d, YPF, Ra\u00edzen (marca Shell), Trafigura (Puma) y Axion dijeron que \u201crespecto la situaci\u00f3n actual de abastecimiento del sistema de combustibles, la cual&nbsp;<strong>se ir\u00e1 normalizando en los pr\u00f3ximos d\u00edas<\/strong>, queremos se\u00f1alar que el mismo ha experimentado una serie de eventos en los \u00faltimos d\u00edas que lo ha exigido al l\u00edmite de su capacidad\u201d.<\/p>\n\n\n\n<h2>Los motivos<\/h2>\n\n\n\n<p>Como causas de la escasez, el comunicado menciona:<\/p>\n\n\n\n<p>-Niveles extraordinarios de demanda, especialmente en los \u00faltimos 15 d\u00edas -fin de semana largo, elecciones donde se produce un pico de movilidad de personas, inicio de la siembra agr\u00edcola, entre otros,<\/p>\n\n\n\n<p>-Dependencia mayor a la habitual de importaciones de combustibles por paradas programadas en algunas refiner\u00edas, <\/p>\n\n\n\n<p>-Mas m\u00e1s recientemente, una sobredemanda generada por una expectativa de desabastecimiento.<\/p>\n\n\n\n<p>Las empresas aseguraron que la infraestructura de producci\u00f3n y suministro de combustibles de la Argentina \u201ces robusta\u201d.<\/p>\n\n\n\n<p>El pa\u00eds, se\u00f1ala el comunicado, \u201cproduce petr\u00f3leo crudo y biocombustibles en gran cantidad y tiene un parque refinador que alcanza para producir m\u00e1s del 80% de la demanda dom\u00e9stica de naftas y diesel. Lo dem\u00e1s se importa, en mayor o menor medida, al ritmo de la actividad agr\u00edcola. Hoy el sistema funciona con producci\u00f3n y transporte r\u00e9cord de crudo, refiner\u00edas a m\u00e1xima carga -salvo dos que se encuentran transitando procesos de paradas t\u00e9cnicas totales o parciales por obras de ampliaci\u00f3n y mantenimiento -lo cual es absolutamente habitual y necesario en nuestra actividad para el resguardo de personas, activos, calidad y volumen del producto\u201d.<\/p>\n\n\n\n<h2>Crudo, refiner\u00edas, importaciones y log\u00edstica<\/h2>\n\n\n\n<p>Buscando aplacar la ansiedad de los automovilistas y una demanda de tipo preventiva, las empresas finalmente aseguraron: \u201cEl crudo va a seguir fluyendo, las refiner\u00edas procesando, las importaciones entrando al pa\u00eds y la estructura log\u00edstica se ir\u00e1 normalizando para el abastecimiento, considerando la gran dispersi\u00f3n geogr\u00e1fica del pa\u00eds\u201d.<\/p>\n\n\n\n<p><img decoding=\"async\" loading=\"lazy\" alt=\"Escenas de ayer viernes; particulares buscando cargar combustible\" height=\"1080\" width=\"1920\" src=\"https:\/\/www.infobae.com\/new-resizer\/jMmKwtAQrpaeotl7mB9a-nOkSG4=\/420x236\/filters:format(webp):quality(85)\/cloudfront-us-east-1.images.arcpublishing.com\/infobae\/4HGPKINKKVCSTFHNDHNUA6WGS4.jpg%20420w\" srcset=\"https:\/\/www.infobae.com\/new-resizer\/jMmKwtAQrpaeotl7mB9a-nOkSG4=\/420x236\/filters:format(webp):quality(85)\/cloudfront-us-east-1.images.arcpublishing.com\/infobae\/4HGPKINKKVCSTFHNDHNUA6WGS4.jpg 420w,https:\/\/www.infobae.com\/new-resizer\/RFYIQr91GrCI8nqCV_NUIOlPpms=\/768x432\/filters:format(webp):quality(85)\/cloudfront-us-east-1.images.arcpublishing.com\/infobae\/4HGPKINKKVCSTFHNDHNUA6WGS4.jpg 768w,https:\/\/www.infobae.com\/new-resizer\/Akc0wFVjHrrtEscuarumnuN8Vc0=\/992x558\/filters:format(webp):quality(85)\/cloudfront-us-east-1.images.arcpublishing.com\/infobae\/4HGPKINKKVCSTFHNDHNUA6WGS4.jpg 992w,https:\/\/www.infobae.com\/new-resizer\/tX76rdXgR-Am_xhFrSQO9QsNpcs=\/1200x675\/filters:format(webp):quality(85)\/cloudfront-us-east-1.images.arcpublishing.com\/infobae\/4HGPKINKKVCSTFHNDHNUA6WGS4.jpg 1200w,https:\/\/www.infobae.com\/new-resizer\/qstxV3J0-oB35Doe6zOFc_bR92Q=\/1440x810\/filters:format(webp):quality(85)\/cloudfront-us-east-1.images.arcpublishing.com\/infobae\/4HGPKINKKVCSTFHNDHNUA6WGS4.jpg 1440w\">Escenas de ayer viernes; particulares buscando cargar combustible<\/p>\n\n\n\n<p>A ra\u00edz de la cada vez m\u00e1s aguda escasez de combustibles, que se inici\u00f3 en distintos puntos del interior semanas atr\u00e1s en los \u00faltimos d\u00edas alcanz\u00f3 el \u00e1rea metropolitana, el viernes Roy\u00f3n convoc\u00f3 a las cabezas de las petroleras que cuentan con plantas refinadoras en la Argentina. De reuni\u00f3n en la cartera de Energ\u00eda participaron&nbsp;<strong>Pablo Gonz\u00e1lez<\/strong>&nbsp;(presidente de YPF),&nbsp;<strong>Mart\u00edn Urdapilleta<\/strong>&nbsp;(gerente general de Trafigura),&nbsp;<strong>Marcos Bulgheroni&nbsp;<\/strong>(CEO de Pan American Energy) y&nbsp;<strong>Andr\u00e9s Cavallari<\/strong>&nbsp;(CEO de Ra\u00edzen Argentina).<\/p>\n\n\n\n<p>Roy\u00f3n y los ejecutivos acordaron all\u00ed la importaci\u00f3n de 10 barcos de combustible y finalizar las paradas t\u00e9cnicas de plantas de refinaci\u00f3n, con lo cual, seg\u00fan el gobierno, los faltantes \u201cse solucionar\u00e1n en los pr\u00f3ximos d\u00edas\u201d.<\/p>\n\n\n\n<p>El propio gobierno destac\u00f3 el \u201cr\u00e9cord de procesamiento\u201d de la refiner\u00eda de Ra\u00edzen en Dock Sud y destac\u00f3 la posibilidad de aumentar el volumen de refinaci\u00f3n en la planta de Axion en Campana. El mensaje oficial insiste en el concepto de \u201cabastecimiento garantizado\u201d y busca \u201cdesalentar maniobras especulativas\u201d.<\/p>\n\n\n\n<p>Tanto las empresas como el gobierno hablan de una \u201ctormenta perfecta\u201d en que al aumento de la demanda de combustible se sumaron la \u201cparada t\u00e9cnica\u201d de la refinear\u00eda de YPF en La Plata y el cierre temporal Refinor, otra planta refinadora, ubicada en Salta, fundamental para la provisi\u00f3n de las provincias del NOA. Normalmente, la Argentina importa un 20% de los combustibles que consume internamente, pero la parada de plantas obliga a aumentar el n\u00fameros de buques con combustibles, de gasoil o naftas, importaciones que corren principalmente por cuenta de Ra\u00edzen e YPF.<\/p>\n\n\n\n<p>Hay surgen dos problemas: la importaci\u00f3n es a p\u00e9rdida, por la diferencia entre el precio local y el internacional, y debido a la mora en los pagos en d\u00f3lares los proveedores empezaron a \u201cparar los barcos\u201d. Que hayan sido barcos importados por la propia YPF delata la agud\u00edsima escasez de d\u00f3lares de la Argentina.<\/p>\n\n\n\n<p>Fuente: Infobae<\/p>\n","protected":false},"excerpt":{"rendered":"<div class=\"mh-excerpt\"><p>Las cuatro empresas que ayer viernes estuvieron reunidas con la secretaria de Energ\u00eda de la Naci\u00f3n,\u00a0Flavia Roy\u00f3n, para coordinar una acci\u00f3n conjunta y superar la situaci\u00f3n de desabastecimiento de combustibles que se agudiz\u00f3 en los \u00faltimos d\u00edas emitieron hoy un comunicado conjunto en el que explicaron la situaci\u00f3n que se plante\u00f3 y aseguraron que el abastecimiento se normalizar\u00e1 en los pr\u00f3ximos d\u00edas. Bajo el t\u00edtulo \u201cLas refiner\u00edas y el abastecimiento del mercado interno de combustibles\u201d, YPF, Ra\u00edzen (marca Shell), Trafigura (Puma) y Axion dijeron que \u201crespecto la situaci\u00f3n actual de abastecimiento del sistema de combustibles, la cual&nbsp;se ir\u00e1 normalizando en <a class=\"mh-excerpt-more\" href=\"http:\/\/dsrmedios.com.ar\/diario\/archivos\/40923\" title=\"Las petroleras aseguran que el abastecimiento de combustible \u201cse ir\u00e1 normalizando en los pr\u00f3ximos d\u00edas\u201d\">[Leer m\u00e1s]<\/a><\/p>\n<\/div>","protected":false},"author":8,"featured_media":40924,"comment_status":"open","ping_status":"closed","sticky":false,"template":"","format":"standard","meta":{"_jetpack_newsletter_access":""},"categories":[6],"tags":[],"jetpack_featured_media_url":"http:\/\/dsrmedios.com.ar\/diario\/wp-content\/uploads\/2023\/10\/YCTARKFNRFE5ZNGVUHWQ26M2WE.jpg","jetpack_sharing_enabled":true,"jetpack_shortlink":"https:\/\/wp.me\/p9fihK-aE3","_links":{"self":[{"href":"http:\/\/dsrmedios.com.ar\/diario\/wp-json\/wp\/v2\/posts\/40923"}],"collection":[{"href":"http:\/\/dsrmedios.com.ar\/diario\/wp-json\/wp\/v2\/posts"}],"about":[{"href":"http:\/\/dsrmedios.com.ar\/diario\/wp-json\/wp\/v2\/types\/post"}],"author":[{"embeddable":true,"href":"http:\/\/dsrmedios.com.ar\/diario\/wp-json\/wp\/v2\/users\/8"}],"replies":[{"embeddable":true,"href":"http:\/\/dsrmedios.com.ar\/diario\/wp-json\/wp\/v2\/comments?post=40923"}],"version-history":[{"count":1,"href":"http:\/\/dsrmedios.com.ar\/diario\/wp-json\/wp\/v2\/posts\/40923\/revisions"}],"predecessor-version":[{"id":40925,"href":"http:\/\/dsrmedios.com.ar\/diario\/wp-json\/wp\/v2\/posts\/40923\/revisions\/40925"}],"wp:featuredmedia":[{"embeddable":true,"href":"http:\/\/dsrmedios.com.ar\/diario\/wp-json\/wp\/v2\/media\/40924"}],"wp:attachment":[{"href":"http:\/\/dsrmedios.com.ar\/diario\/wp-json\/wp\/v2\/media?parent=40923"}],"wp:term":[{"taxonomy":"category","embeddable":true,"href":"http:\/\/dsrmedios.com.ar\/diario\/wp-json\/wp\/v2\/categories?post=40923"},{"taxonomy":"post_tag","embeddable":true,"href":"http:\/\/dsrmedios.com.ar\/diario\/wp-json\/wp\/v2\/tags?post=40923"}],"curies":[{"name":"wp","href":"https:\/\/api.w.org\/{rel}","templated":true}]}}