{"id":40919,"date":"2023-10-27T11:14:06","date_gmt":"2023-10-27T14:14:06","guid":{"rendered":"http:\/\/dsrmedios.com.ar\/diario\/?p=40919"},"modified":"2023-10-27T11:14:08","modified_gmt":"2023-10-27T14:14:08","slug":"la-inflacion-semanal-que-mide-economia-se-mantuvo-en-22-justo-antes-de-las-elecciones","status":"publish","type":"post","link":"http:\/\/dsrmedios.com.ar\/diario\/archivos\/40919","title":{"rendered":"La inflaci\u00f3n semanal que mide Econom\u00eda se mantuvo en 2,2% justo antes de las elecciones"},"content":{"rendered":"\n<p>La\u00a0<strong>inflaci\u00f3n semanal<\/strong>\u00a0que mide el Ministerio de Econom\u00eda avanz\u00f3 al 2,2%\u00a0<a rel=\"noreferrer noopener\" href=\"https:\/\/www.infobae.com\/economia\/2023\/10\/20\/la-inflacion-semanal-que-mide-el-ministerio-de-economia-llego-a-22-en-la-segunda-semana-de-octubre\/\" target=\"_blank\">por segunda vez consecutiva<\/a>, un registro alto que\u00a0<strong>aceler\u00f3 a la inflaci\u00f3n de cuatro semanas del 8% al 8,4 por ciento<\/strong>. La medida, distinta a la del Indec pero m\u00e1s sensible en cuanto a datos de corto plazo, capt\u00f3 el\u00a0<strong>boom de consumo preventivo que caracterizaron a los d\u00edas previos a las elecciones presidenciales<\/strong>\u00a0del domingo pasado. En el Gobierno conf\u00edan que, una vez superados los comicios, el siguiente registro puede mostrar un ritmo de avance m\u00e1s acotado.<a rel=\"noreferrer noopener\" href=\"https:\/\/www.infobae.com\/economia\/2023\/10\/27\/como-hacer-gratis-el-tramite-de-inscripcion-de-una-vivienda-como-bien-de-familia\/\" target=\"_blank\"><\/a><\/p>\n\n\n\n<p>Cada viernes, desde agosto pasado, la Secretar\u00eda de Pol\u00edtica Econ\u00f3mica (SPE) del Ministerio de Econom\u00eda, a cargo de&nbsp;<strong>Gabriel Rubinstein<\/strong>, publica su reporte de inflaci\u00f3n mensual. La herramienta -un \u00edndice de inflaci\u00f3n de \u201calta frecuencia\u201d, como se llama a los \u00edndices que relevan precios en per\u00edodos menores a un mes- busca identificar tendencias de corto plazo y graficar la sensibilidad de los precios en momentos puntuales. No reemplaza al \u00cdndice de Precios al Consumidor (IPC) del Indec ni busca predecirlo.<\/p>\n\n\n\n<p>\u201cDe acuerdo al relevamiento semanal que realiza esta Secretaria, en la semana que va del 16\/10\/2023 al 22\/10\/2023,<strong>&nbsp;los precios a nivel minorista habr\u00edan subido un 2,2%<\/strong>\u201d, se\u00f1al\u00f3 el comunicado de Pol\u00edtica Econ\u00f3mica.<\/p>\n\n\n\n<blockquote class=\"wp-block-quote\">\n<p>\u201cLa suba semanal del 2,2%, se dio en un contexto de importante incertidumbre preelectoral, caracterizada por subas en el valor de los d\u00f3lares financieros e inquietud en muchos productores, comerciantes y consumidores\u201d (SPE)<\/p>\n<\/blockquote>\n\n\n\n<p>\u201cEn el relevamiento semanal, se destacan por subas mayores al promedio (2,2%), los rubros de\u00a0<strong>Verduras\u00a0<\/strong>(6,0% ),\u00a0<strong>Carnes<\/strong>\u00a0(3,3%) e\u00a0<strong>Indumentaria<\/strong>\u00a0(2,4%). En cambio, subieron por debajo del promedio Alimentos y Bebidas de almac\u00e9n (1,9%) y Frutas (1,6%), mientras que los rubros regulados se mantuvieron estables\u201d, detall\u00f3 el informe<\/p>\n\n\n\n<p>En cuanto a las fuerzas que movieron a los precios durante los d\u00edas de relevamiento, el an\u00e1lisis hace hincapi\u00e9 en la&nbsp;<strong>incertidumbre previa a cada elecci\u00f3n, que durante la semana pasada se tradujo en un boom de adelanto de consumo de familias y empresas que se stockeaban para cubrirse contra subas de precios futuras y una importante presi\u00f3n sobre los d\u00f3lares financieros<\/strong>.<\/p>\n\n\n\n<p><img decoding=\"async\" loading=\"lazy\" alt=\"La inflaci\u00f3n acumulada de cuatro semanas que publica cada viernes la Secretar\u00eda de Pol\u00edtica Econ\u00f3mica\" height=\"693\" width=\"1121\" src=\"https:\/\/www.infobae.com\/new-resizer\/wwEd36ibcE_sryZwR7ppm3qivWM=\/992x606\/filters:format(webp):quality(85)\/cloudfront-us-east-1.images.arcpublishing.com\/infobae\/QEWXU4JAYZE5TFKEMHT3R2WK4A.jpg%20992w\" srcset=\"https:\/\/www.infobae.com\/new-resizer\/wwEd36ibcE_sryZwR7ppm3qivWM=\/992x606\/filters:format(webp):quality(85)\/cloudfront-us-east-1.images.arcpublishing.com\/infobae\/QEWXU4JAYZE5TFKEMHT3R2WK4A.jpg 992w\">La inflaci\u00f3n acumulada de cuatro semanas que publica cada viernes la Secretar\u00eda de Pol\u00edtica Econ\u00f3mica<\/p>\n\n\n\n<p>\u201cLa suba semanal del 2,2%, se dio en un contexto de importante incertidumbre preelectoral, caracterizada por subas en el valor de los d\u00f3lares financieros e inquietud en muchos productores, comerciantes y consumidores\u201d, destac\u00f3 el informe.<\/p>\n\n\n\n<p>\u201cEsperar\u00edamos que, en un entorno m\u00e1s calmo, la pr\u00f3xima semana pueda exhibir subas de precios un poco m\u00e1s acotadas\u201d, concluy\u00f3.<\/p>\n\n\n\n<blockquote class=\"wp-block-quote\">\n<p>\u201cEsperar\u00edamos que, en un entorno m\u00e1s calmo, la pr\u00f3xima semana pueda exhibir subas de precios un poco m\u00e1s acotadas\u201d (SPE)<\/p>\n<\/blockquote>\n\n\n\n<p><a rel=\"noreferrer noopener\" href=\"https:\/\/www.infobae.com\/economia\/2023\/10\/12\/la-inflacion-de-septiembre-fue-de-127-y-acumulo-138-en-los-ultimos-doce-meses\/\" target=\"_blank\"><strong>En septiembre, el IPC del Indec marc\u00f3 una suba del 12,7%<\/strong><\/a>\u00a0en el nivel general de precios. El dato, de dos d\u00edgitos, sigui\u00f3 a un agosto en el que hab\u00eda avanzado 12,4% intermensual. A diferencia del Indec que compara promedios mensuales de inflaci\u00f3n, el relevamiento de la Secretar\u00eda de Pol\u00edtica econ\u00f3mic registra variaciones semanales y compara subas acumuladas de cuatro semanas consecutivas, en lugar de meses calendario. El resultado es que el relevamiento de econom\u00eda puede detectar picos mayores a los que muestra el Indec -la inflaci\u00f3n de cuatro semanas super\u00f3 el 15% despu\u00e9s de las PASO de agosto- pero tambi\u00e9n puede mostrar desaceleraciones m\u00e1s extremas. La diferencia se da porque este \u00edndice refleja menor \u201carrastre estad\u00edstico\u201d.<\/p>\n\n\n\n<p>Con todo, despu\u00e9s de desacelerar gradualmente hasta marcar 7,8% acumulado en cuatro semanas en la primera semana de octubre,\u00a0<strong>el \u00edndice dete econom\u00eda aceler\u00f3 dos veces consecutivas<\/strong>: primero al 8% y despu\u00e9s al 8,4 por ciento.<\/p>\n\n\n\n<p>\u201cEn el acumulado de 4 semanas, la suba de precios sigue en la zona del 8%\u201d, se limit\u00f3 a consignar Rubinstein a trav\u00e9s de su cuenta de la red social X, anteriormente conocida como Twitter.<\/p>\n\n\n\n<p>\u201cLuego de los picos de agosto del orden del 15% (nuevamente, en el acumulado de 4 semanas), las subas de 4 semanas \u00faltimas han bajado, y en el registro de las 4 semanas previas al 22\/10\/2023, las subas han sido del 8,4%\u201d, conclut\u00f3 el informe.<\/p>\n\n\n\n<p>Fuente: Infobae<\/p>\n","protected":false},"excerpt":{"rendered":"<div class=\"mh-excerpt\"><p>La\u00a0inflaci\u00f3n semanal\u00a0que mide el Ministerio de Econom\u00eda avanz\u00f3 al 2,2%\u00a0por segunda vez consecutiva, un registro alto que\u00a0aceler\u00f3 a la inflaci\u00f3n de cuatro semanas del 8% al 8,4 por ciento. La medida, distinta a la del Indec pero m\u00e1s sensible en cuanto a datos de corto plazo, capt\u00f3 el\u00a0boom de consumo preventivo que caracterizaron a los d\u00edas previos a las elecciones presidenciales\u00a0del domingo pasado. En el Gobierno conf\u00edan que, una vez superados los comicios, el siguiente registro puede mostrar un ritmo de avance m\u00e1s acotado. Cada viernes, desde agosto pasado, la Secretar\u00eda de Pol\u00edtica Econ\u00f3mica (SPE) del Ministerio de Econom\u00eda, a <a class=\"mh-excerpt-more\" href=\"http:\/\/dsrmedios.com.ar\/diario\/archivos\/40919\" title=\"La inflaci\u00f3n semanal que mide Econom\u00eda se mantuvo en 2,2% justo antes de las elecciones\">[Leer m\u00e1s]<\/a><\/p>\n<\/div>","protected":false},"author":8,"featured_media":40920,"comment_status":"open","ping_status":"closed","sticky":false,"template":"","format":"standard","meta":{"_jetpack_newsletter_access":""},"categories":[6],"tags":[],"jetpack_featured_media_url":"http:\/\/dsrmedios.com.ar\/diario\/wp-content\/uploads\/2023\/10\/inflacion-7-940x626-1.jpg","jetpack_sharing_enabled":true,"jetpack_shortlink":"https:\/\/wp.me\/p9fihK-aDZ","_links":{"self":[{"href":"http:\/\/dsrmedios.com.ar\/diario\/wp-json\/wp\/v2\/posts\/40919"}],"collection":[{"href":"http:\/\/dsrmedios.com.ar\/diario\/wp-json\/wp\/v2\/posts"}],"about":[{"href":"http:\/\/dsrmedios.com.ar\/diario\/wp-json\/wp\/v2\/types\/post"}],"author":[{"embeddable":true,"href":"http:\/\/dsrmedios.com.ar\/diario\/wp-json\/wp\/v2\/users\/8"}],"replies":[{"embeddable":true,"href":"http:\/\/dsrmedios.com.ar\/diario\/wp-json\/wp\/v2\/comments?post=40919"}],"version-history":[{"count":1,"href":"http:\/\/dsrmedios.com.ar\/diario\/wp-json\/wp\/v2\/posts\/40919\/revisions"}],"predecessor-version":[{"id":40921,"href":"http:\/\/dsrmedios.com.ar\/diario\/wp-json\/wp\/v2\/posts\/40919\/revisions\/40921"}],"wp:featuredmedia":[{"embeddable":true,"href":"http:\/\/dsrmedios.com.ar\/diario\/wp-json\/wp\/v2\/media\/40920"}],"wp:attachment":[{"href":"http:\/\/dsrmedios.com.ar\/diario\/wp-json\/wp\/v2\/media?parent=40919"}],"wp:term":[{"taxonomy":"category","embeddable":true,"href":"http:\/\/dsrmedios.com.ar\/diario\/wp-json\/wp\/v2\/categories?post=40919"},{"taxonomy":"post_tag","embeddable":true,"href":"http:\/\/dsrmedios.com.ar\/diario\/wp-json\/wp\/v2\/tags?post=40919"}],"curies":[{"name":"wp","href":"https:\/\/api.w.org\/{rel}","templated":true}]}}