{"id":40918,"date":"2023-10-30T10:27:00","date_gmt":"2023-10-30T13:27:00","guid":{"rendered":"http:\/\/dsrmedios.com.ar\/diario\/?p=40918"},"modified":"2023-10-30T10:27:02","modified_gmt":"2023-10-30T13:27:02","slug":"cuidadores-familiares-en-adolfo-alsina-abierta-la-inscripcion-2","status":"publish","type":"post","link":"http:\/\/dsrmedios.com.ar\/diario\/archivos\/40918","title":{"rendered":"<strong>Cuidadores Familiares en Adolfo Alsina: abierta la inscripci\u00f3n<\/strong>"},"content":{"rendered":"\n<p>La Municipalidad de Adolfo Alsina, a trav\u00e9s de la Direcci\u00f3n de Ni\u00f1ez y Adolescencia brinda orientaci\u00f3n y acompa\u00f1amiento a aquellas personas que deseen inscribirse en el Registro de Cuidadores Familiares, una experiencia que se orienta a cubrir la necesidad de contar con figuras de cuidado para ni\u00f1os, ni\u00f1as y adolescentes de diez a diecisiete a\u00f1os de edad alojados en instituciones y para quienes la figura de adopci\u00f3n no resulta una alternativa posible, ya sea porque no se han encontrado postulantes en el Registro Central de Aspirantes a Guardas con Fines de Adopci\u00f3n, porque no brindan su consentimiento subjetivo para ser adoptados, o bien porque la adopci\u00f3n no resulta ser para ellos la figura adecuada.<\/p>\n\n\n\n<p>La provincia de Buenos Aires abri\u00f3 la convocatoria a personas que residan en ella y que est\u00e9n dispuestas a prepararse para asumir el cuidado estable y sostenido \u2013 con o sin convivencia familiar &#8211; de ni\u00f1os, ni\u00f1as y adolescentes entre 10 y 17 alos de edad, alojados en instituciones y sin cuidados parentales.<br><br>Esta experiencia&nbsp;se desarrolla como una prueba piloto comprendida por tres etapas aprobadas por la Corte Suprema de la provincia de Buenos Aires,&nbsp;como una prueba piloto, la tercera de las etapas extiende el alcance de la iniciativa incorporando al Juzgado de Familia N.\u00ba 2 de Jun\u00edn el cual abarca a los Aspirantes con domicilio en los partidos que conforman el Departamento Judicial de Trenque Lauquen, entre ellos Adolfo Alsina.<br>&nbsp;<\/p>\n\n\n\n<p>Quienes est\u00e9n interesados en inscribirse en el Registro de Cuidadores Familiares pueden contactarse, a nivel local, para mayor informaci\u00f3n y asesoramiento al N.\u00ba (2923)&nbsp;507573&nbsp;o acercarse a la&nbsp;Oficina del Servicio Local de Promoci\u00f3n y Protecci\u00f3n de Derechos&nbsp;del Ni\u00f1o, Ni\u00f1a y Adolescentes sita en Alberdi y 25 De Mayo de la ciudad de Carhu\u00e9.&nbsp;Horario de atenci\u00f3n:&nbsp;de&nbsp;7 a 14 hs.<\/p>\n","protected":false},"excerpt":{"rendered":"<div class=\"mh-excerpt\"><p>La Municipalidad de Adolfo Alsina, a trav\u00e9s de la Direcci\u00f3n de Ni\u00f1ez y Adolescencia brinda orientaci\u00f3n y acompa\u00f1amiento a aquellas personas que deseen inscribirse en el Registro de Cuidadores Familiares, una experiencia que se orienta a cubrir la necesidad de contar con figuras de cuidado para ni\u00f1os, ni\u00f1as y adolescentes de diez a diecisiete a\u00f1os de edad alojados en instituciones y para quienes la figura de adopci\u00f3n no resulta una alternativa posible, ya sea porque no se han encontrado postulantes en el Registro Central de Aspirantes a Guardas con Fines de Adopci\u00f3n, porque no brindan su consentimiento subjetivo para ser <a class=\"mh-excerpt-more\" href=\"http:\/\/dsrmedios.com.ar\/diario\/archivos\/40918\" title=\"Cuidadores Familiares en Adolfo Alsina: abierta la inscripci\u00f3n\">[Leer m\u00e1s]<\/a><\/p>\n<\/div>","protected":false},"author":8,"featured_media":40927,"comment_status":"open","ping_status":"closed","sticky":false,"template":"","format":"standard","meta":{"_jetpack_newsletter_access":""},"categories":[18,31,5],"tags":[],"jetpack_featured_media_url":"http:\/\/dsrmedios.com.ar\/diario\/wp-content\/uploads\/2023\/10\/WhatsApp-Image-2023-10-11-at-09.12.10-1.jpeg","jetpack_sharing_enabled":true,"jetpack_shortlink":"https:\/\/wp.me\/p9fihK-aDY","_links":{"self":[{"href":"http:\/\/dsrmedios.com.ar\/diario\/wp-json\/wp\/v2\/posts\/40918"}],"collection":[{"href":"http:\/\/dsrmedios.com.ar\/diario\/wp-json\/wp\/v2\/posts"}],"about":[{"href":"http:\/\/dsrmedios.com.ar\/diario\/wp-json\/wp\/v2\/types\/post"}],"author":[{"embeddable":true,"href":"http:\/\/dsrmedios.com.ar\/diario\/wp-json\/wp\/v2\/users\/8"}],"replies":[{"embeddable":true,"href":"http:\/\/dsrmedios.com.ar\/diario\/wp-json\/wp\/v2\/comments?post=40918"}],"version-history":[{"count":1,"href":"http:\/\/dsrmedios.com.ar\/diario\/wp-json\/wp\/v2\/posts\/40918\/revisions"}],"predecessor-version":[{"id":40930,"href":"http:\/\/dsrmedios.com.ar\/diario\/wp-json\/wp\/v2\/posts\/40918\/revisions\/40930"}],"wp:featuredmedia":[{"embeddable":true,"href":"http:\/\/dsrmedios.com.ar\/diario\/wp-json\/wp\/v2\/media\/40927"}],"wp:attachment":[{"href":"http:\/\/dsrmedios.com.ar\/diario\/wp-json\/wp\/v2\/media?parent=40918"}],"wp:term":[{"taxonomy":"category","embeddable":true,"href":"http:\/\/dsrmedios.com.ar\/diario\/wp-json\/wp\/v2\/categories?post=40918"},{"taxonomy":"post_tag","embeddable":true,"href":"http:\/\/dsrmedios.com.ar\/diario\/wp-json\/wp\/v2\/tags?post=40918"}],"curies":[{"name":"wp","href":"https:\/\/api.w.org\/{rel}","templated":true}]}}