{"id":40914,"date":"2023-10-27T11:06:26","date_gmt":"2023-10-27T14:06:26","guid":{"rendered":"http:\/\/dsrmedios.com.ar\/diario\/?p=40914"},"modified":"2023-10-27T11:06:29","modified_gmt":"2023-10-27T14:06:29","slug":"el-gobierno-le-pidio-a-la-onu-que-intervenga-para-la-liberacion-de-los-argentinos-secuestrados-por-hamas","status":"publish","type":"post","link":"http:\/\/dsrmedios.com.ar\/diario\/archivos\/40914","title":{"rendered":"El Gobierno le pidi\u00f3 a la ONU que intervenga para la liberaci\u00f3n de los argentinos secuestrados por Hamas"},"content":{"rendered":"\n<p>El canciller<a href=\"https:\/\/tn.com.ar\/politica\/2023\/08\/26\/santiago-cafiero-le-respondio-al-presidente-de-paraguay-tras-sus-criticas-a-sergio-massa\/\" target=\"_blank\" rel=\"noreferrer noopener\"><strong>Santiago Cafiero<\/strong><\/a>inform\u00f3 este juevesque le solicit\u00f3 a las Naciones Unidas (ONU) que intervenga para lograr la&nbsp;<strong>liberaci\u00f3n de los&nbsp;<\/strong><a href=\"https:\/\/tn.com.ar\/internacional\/2023\/10\/14\/traiganlos-ahora-masiva-movilizacion-en-tel-aviv-por-la-inmediata-liberacion-de-los-rehenes-de-hamas\/\" target=\"_blank\" rel=\"noreferrer noopener\"><strong>argentinos secuestrados&nbsp;<\/strong><\/a>por Hamas, tras su invasi\u00f3n en Israel y los posteriores enfrentamientos.<\/p>\n\n\n\n<p>El funcionario nacional se expres\u00f3 a trav\u00e9s de sus redes sociales, donde escribi\u00f3:<strong>&nbsp;\u201cTuve una fruct\u00edfera conversaci\u00f3n con Antonio Guterres y le solicit\u00e9 la intermediaci\u00f3n de la ONU para la liberaci\u00f3n de los rehenes argentinos en Gaza\u201d<\/strong>.<\/p>\n\n\n\n<p><\/p>\n\n\n\n<p>\u201cEl Secretario General requiri\u00f3 ayuda humanitaria de la Argentina, por lo que instru\u00ed poner a disposici\u00f3n los @CascosBlancos\u201d, finaliz\u00f3.<\/p>\n\n\n\n<figure class=\"wp-block-image\"><img decoding=\"async\" src=\"https:\/\/tn.com.ar\/resizer\/VDeHdW7zNwfdbtJroRTuUP_hDlg=\/767x0\/smart\/filters:format(webp)\/cloudfront-us-east-1.images.arcpublishing.com\/artear\/U2VLNMSOVBBCJJGII5SGCOTBRY.png\" alt=\"El canciller se expres\u00f3 a trav\u00e9s de sus redes sociales. (Foto: X\/@SantiagoCafiero)\"\/><figcaption class=\"wp-element-caption\">El canciller se expres\u00f3 a trav\u00e9s de sus redes sociales. (Foto: X\/@SantiagoCafiero)<\/figcaption><\/figure>\n\n\n\n<p>Oficialmente&nbsp;<strong>hay 22 argentinos desaparecidos<\/strong>&nbsp;desde el s\u00e1bado 7, d\u00eda en que comenz\u00f3 la guerra. Se presume que la cifra podr\u00eda ir en aumento dado que no todos los familiares que viven en Israel se comunicaron con el consulado nacional en Tel Aviv y porque inclusive al propio gobierno israel\u00ed le cuesta recolectar informaci\u00f3n certera de todos los secuestrados.<\/p>\n\n\n\n<h2>Israel afirma que hay 224 rehenes en poder de grupos armados en Gaza<\/h2>\n\n\n\n<p>El portavoz del ej\u00e9rcito israel\u00ed,&nbsp;<strong>Daniel Hagari<\/strong>, corrigi\u00f3 levemente al alza el n\u00famero de rehenes identificados.<\/p>\n\n\n\n<p>\u201cInformamos a las familias de 224 rehenes\u201d que sus familiares se encontraban retenidos en la Franja de Gaza, explic\u00f3.<\/p>\n\n\n\n<figure class=\"wp-block-image\"><img decoding=\"async\" src=\"https:\/\/tn.com.ar\/resizer\/vQGHvnA1hRTzFvxHs7hCy7mWIu8=\/767x0\/smart\/filters:format(webp)\/cloudfront-us-east-1.images.arcpublishing.com\/artear\/E22PO7OELBD7ROH5NAGUGHT2LQ.jpg\" alt=\"Yochved Lifshitz y Nurit Cooper fueron liberadas el lunes por Hamas. (Foto: gentileza Haaretz).\"\/><figcaption class=\"wp-element-caption\">Yochved Lifshitz y Nurit Cooper fueron liberadas el lunes por Hamas. (Foto: gentileza Haaretz).<\/figcaption><\/figure>\n\n\n\n<p>Hasta entonces, las fuerzas armadas israel\u00edes hab\u00edan dado cuenta de 222 rehenes.<\/p>\n\n\n\n<p>\u201cEsta cifra va evolucionando en funci\u00f3n de la informaci\u00f3n que vamos obteniendo. Seguir\u00e1 cambiando. Los esfuerzos para traer de vuelta a los rehenes son una prioridad absoluta\u201d, agreg\u00f3 el vocero.<\/p>\n\n\n\n<p>Seg\u00fan el gobierno israel\u00ed, al menos la mitad de esos rehenes tienen un pasaporte extranjero.&nbsp;<strong>Veinti\u00fan de ellos son argentinos<\/strong>.<\/p>\n\n\n\n<p>El sangriento ataque llevado a cabo por Ham\u00e1s en Israel el 7 de octubre dej\u00f3 m\u00e1s de 1400 muertos, seg\u00fan las autoridades locales. Israel respondi\u00f3 a ese ataque con una campa\u00f1a de bombardeos en la Franja de Gaza que, seg\u00fan Ham\u00e1s, caus\u00f3 ya m\u00e1s de 7.000 muertos<\/p>\n\n\n\n<p>Fuente: TN<\/p>\n","protected":false},"excerpt":{"rendered":"<div class=\"mh-excerpt\"><p>El cancillerSantiago Cafieroinform\u00f3 este juevesque le solicit\u00f3 a las Naciones Unidas (ONU) que intervenga para lograr la&nbsp;liberaci\u00f3n de los&nbsp;argentinos secuestrados&nbsp;por Hamas, tras su invasi\u00f3n en Israel y los posteriores enfrentamientos. El funcionario nacional se expres\u00f3 a trav\u00e9s de sus redes sociales, donde escribi\u00f3:&nbsp;\u201cTuve una fruct\u00edfera conversaci\u00f3n con Antonio Guterres y le solicit\u00e9 la intermediaci\u00f3n de la ONU para la liberaci\u00f3n de los rehenes argentinos en Gaza\u201d. \u201cEl Secretario General requiri\u00f3 ayuda humanitaria de la Argentina, por lo que instru\u00ed poner a disposici\u00f3n los @CascosBlancos\u201d, finaliz\u00f3. Oficialmente&nbsp;hay 22 argentinos desaparecidos&nbsp;desde el s\u00e1bado 7, d\u00eda en que comenz\u00f3 la guerra. Se presume <a class=\"mh-excerpt-more\" href=\"http:\/\/dsrmedios.com.ar\/diario\/archivos\/40914\" title=\"El Gobierno le pidi\u00f3 a la ONU que intervenga para la liberaci\u00f3n de los argentinos secuestrados por Hamas\">[Leer m\u00e1s]<\/a><\/p>\n<\/div>","protected":false},"author":8,"featured_media":40916,"comment_status":"open","ping_status":"closed","sticky":false,"template":"","format":"standard","meta":{"_jetpack_newsletter_access":""},"categories":[6],"tags":[],"jetpack_featured_media_url":"http:\/\/dsrmedios.com.ar\/diario\/wp-content\/uploads\/2023\/10\/600x400_sus-familiares-fueron-secuestrados-hamas-reuters-1011595-224459.webp","jetpack_sharing_enabled":true,"jetpack_shortlink":"https:\/\/wp.me\/p9fihK-aDU","_links":{"self":[{"href":"http:\/\/dsrmedios.com.ar\/diario\/wp-json\/wp\/v2\/posts\/40914"}],"collection":[{"href":"http:\/\/dsrmedios.com.ar\/diario\/wp-json\/wp\/v2\/posts"}],"about":[{"href":"http:\/\/dsrmedios.com.ar\/diario\/wp-json\/wp\/v2\/types\/post"}],"author":[{"embeddable":true,"href":"http:\/\/dsrmedios.com.ar\/diario\/wp-json\/wp\/v2\/users\/8"}],"replies":[{"embeddable":true,"href":"http:\/\/dsrmedios.com.ar\/diario\/wp-json\/wp\/v2\/comments?post=40914"}],"version-history":[{"count":1,"href":"http:\/\/dsrmedios.com.ar\/diario\/wp-json\/wp\/v2\/posts\/40914\/revisions"}],"predecessor-version":[{"id":40917,"href":"http:\/\/dsrmedios.com.ar\/diario\/wp-json\/wp\/v2\/posts\/40914\/revisions\/40917"}],"wp:featuredmedia":[{"embeddable":true,"href":"http:\/\/dsrmedios.com.ar\/diario\/wp-json\/wp\/v2\/media\/40916"}],"wp:attachment":[{"href":"http:\/\/dsrmedios.com.ar\/diario\/wp-json\/wp\/v2\/media?parent=40914"}],"wp:term":[{"taxonomy":"category","embeddable":true,"href":"http:\/\/dsrmedios.com.ar\/diario\/wp-json\/wp\/v2\/categories?post=40914"},{"taxonomy":"post_tag","embeddable":true,"href":"http:\/\/dsrmedios.com.ar\/diario\/wp-json\/wp\/v2\/tags?post=40914"}],"curies":[{"name":"wp","href":"https:\/\/api.w.org\/{rel}","templated":true}]}}