{"id":40912,"date":"2023-10-27T11:02:04","date_gmt":"2023-10-27T14:02:04","guid":{"rendered":"http:\/\/dsrmedios.com.ar\/diario\/?p=40912"},"modified":"2023-10-27T11:02:07","modified_gmt":"2023-10-27T14:02:07","slug":"entre-molestos-y-cautos-los-intendentes-de-jxc-definen-a-donde-pararse-tras-el-pacto-de-milei-con-macri","status":"publish","type":"post","link":"http:\/\/dsrmedios.com.ar\/diario\/archivos\/40912","title":{"rendered":"Entre molestos y cautos, los intendentes de JxC definen a d\u00f3nde pararse tras el pacto de Milei con Macri"},"content":{"rendered":"\n<p>La dura derrota de Juntos por el Cambio aceler\u00f3 la descomposici\u00f3n de la alianza opositora y tan solo a d\u00edas del resultado electoral, la excandidata a presidenta<a href=\"https:\/\/tn.com.ar\/politica\/2023\/10\/26\/los-senadores-de-jxc-se-alinean-con-los-gobernadores-y-toman-distancia-de-macri-y-bullrich\/\" target=\"_blank\" rel=\"noreferrer noopener\"><strong>Patricia Bullrich<\/strong><\/a>&nbsp;sali\u00f3 a respaldar al aspirante libertario,&nbsp;<a href=\"https:\/\/tn.com.ar\/politica\/2023\/10\/26\/ocho-diputados-y-tres-senadores-de-milei-preparan-un-documento-en-contra-del-acuerdo-con-macri\/\" target=\"_blank\" rel=\"noreferrer noopener\"><strong>Javier Milei<\/strong><\/a>.<\/p>\n\n\n\n<p>La jugada tiene el sello del l\u00edder del PRO, el expresidente<a rel=\"noreferrer noopener\" href=\"https:\/\/tn.com.ar\/politica\/2023\/10\/26\/macri-le-pidio-a-milei-que-modere-su-discurso-y-negocian-como-se-dividirian-los-ministerios\/\" target=\"_blank\">\u00a0<strong>Mauricio Macri<\/strong><\/a>, que complic\u00f3 el interior de su partido en todo el per\u00edodo electoral. Primero lim\u00f3 a\u00a0<a rel=\"noreferrer noopener\" href=\"https:\/\/tn.com.ar\/politica\/2023\/10\/25\/larreta-dijo-que-no-apoyara-a-milei-ni-a-massa-no-caere-en-la-trampa-de-elegir-entre-opciones-catastroficas\/\" target=\"_blank\"><strong>Horacio Rodr\u00edguez Larreta<\/strong><\/a>, a quien le puso a competir a Bullrich en las PASO y al final del camino lo derrot\u00f3. Luego, en la previa a las generales se mostr\u00f3 cercano a Milei y perjudic\u00f3 a su propia candidata, que sali\u00f3 tercera el domingo, lejos.<\/p>\n\n\n\n<p>Y si hab\u00eda tensiones en JxC tras el resultado, el volantazo de Bullrich-Macri fue el corolario de las diferencias internas. Horas despu\u00e9s lleg\u00f3 la sucesi\u00f3n de declaraciones y desmarques, primero la Uni\u00f3n C\u00edvica Radical, luego los gobernadores y al final Larreta. Pero esa es solo la foto nacional.&nbsp;<strong>En las provincias tambi\u00e9n hay m\u00e1s dudas que certezas tras la jugada.<\/strong><\/p>\n\n\n\n<figure class=\"wp-block-image\"><img decoding=\"async\" src=\"https:\/\/tn.com.ar\/resizer\/kA8d9cWrQrmycZ_yDJkYFR8sDKw=\/767x0\/smart\/filters:format(webp)\/cloudfront-us-east-1.images.arcpublishing.com\/artear\/DOUKV223AZAHJMELAL4XXH5CJE.jpg\" alt=\"La presidenta del PRO, Patricia Bullrich, junto a quien fuera su compa\u00f1ero de f\u00f3rmula, Luis Petri, afirm\u00f3 que apoyar\u00e1 a Milei. (Foto: Reuters - Mat\u00edas Baglietto).\"\/><figcaption class=\"wp-element-caption\">La presidenta del PRO, Patricia Bullrich, junto a quien fuera su compa\u00f1ero de f\u00f3rmula, Luis Petri, afirm\u00f3 que apoyar\u00e1 a Milei. (Foto: Reuters &#8211; Mat\u00edas Baglietto).<\/figcaption><\/figure>\n\n\n\n<p>Y donde m\u00e1s hay en juego es la provincia de Buenos Aires, que concentra casi el 40% del padr\u00f3n. All\u00ed, el rol de los intendentes ser\u00e1 clave en el balotaje, ya sea por acci\u00f3n u omisi\u00f3n. Ya hay quienes se manifestaron sobre la segunda vuelta, mientras otros aguardan el momento adecuado.\u00a0<strong>Otros, transitar\u00e1n los pr\u00f3ximos 20 d\u00edas sin meter los pies en el barro.<\/strong><\/p>\n\n\n\n<p>Uno de los primeros en marcar la cancha fue el intendente de Capit\u00e1n Sarmiento,&nbsp;<strong>Javier Iguacel.<\/strong>&nbsp;El 24 de octubre, dos d\u00edas despu\u00e9s de la elecci\u00f3n, afirm\u00f3 desde sus redes sociales que apoyar\u00e1 al libertario. \u201c<strong>No es tiempo de tibios. Voy a apoyar a Javier Milei<\/strong>, porque es Libertad o Delincuencia. Siempre fui un defensor de la libertad y la honestidad: en mi vida, en mis trabajos y en mi ciudad. Siempre enfrent\u00e9 a los poderosos. Denunci\u00e9 la causa Vialidad hasta Chocolate. Caiga quien caiga\u201d, asegur\u00f3.<\/p>\n\n\n\n<figure class=\"wp-block-image\"><img decoding=\"async\" src=\"https:\/\/tn.com.ar\/resizer\/c00zc8RnD59vHtBYp9nLnx3678E=\/767x0\/smart\/filters:format(webp)\/cloudfront-us-east-1.images.arcpublishing.com\/artear\/2MYIWSF3DFH6VAK7HIL3YE2ICM.jpg\" alt=\"El intendente de Capit\u00e1n Sarmiento, Javier Iguacel, se expres\u00f3 a favor de Milei. (Foto: @JavierJiguacel)\"\/><figcaption class=\"wp-element-caption\">El intendente de Capit\u00e1n Sarmiento, Javier Iguacel, se expres\u00f3 a favor de Milei. (Foto: @JavierJiguacel)<\/figcaption><\/figure>\n\n\n\n<p>\u201c<strong>Massa es un delincuente, \u00e9l es el real riesgo para la democracia\u201d<\/strong>, asegur\u00f3 dos d\u00edas despu\u00e9s en el programa Solo una Vuelta m\u00e1s de&nbsp;<strong>TN<\/strong>. Y agreg\u00f3: \u201cLo importante es hacia d\u00f3nde vamos. Pensemos d\u00f3nde estamos parados y qu\u00e9 vamos a hacer. En el 98, en Venezuela el voto en blanco fue de 4 millones. Y&nbsp;<strong>Ch\u00e1vez destruy\u00f3 el pa\u00eds y es lo que est\u00e1 haciendo Massa ahora<\/strong>\u201d.<\/p>\n\n\n\n<p>Respecto de la pol\u00e9mica adhesi\u00f3n a Milei, Iguacel aclar\u00f3: \u201cYo no quer\u00eda integrar ni siquiera el gabinete de Patricia. Mi trabajo es por afuera.&nbsp;<strong>No me interesa tener un cargo en el gobierno de Milei<\/strong>\u201d. Y apunt\u00f3 contra sus compa\u00f1eros de alianza: \u201cAhora se est\u00e1n separando las aguas,<strong>&nbsp;est\u00e1 quedando claro qui\u00e9n es qui\u00e9n&nbsp;<\/strong>y eso es bueno para los ciudadanos. Los va a ayudar a elegir bien. Hay que desdramatizar las divisiones\u201d.<\/p>\n\n\n\n<p>Otro intendente -en uso de licencia- que se manifest\u00f3 a favor fue el excandidato a gobernador&nbsp;<strong>N\u00e9stor Grindetti<\/strong>. Este jueves, el tambi\u00e9n presidente de Independiente afirm\u00f3 desde su cuenta de X: \u201cEstamos ante un momento bisagra de la historia pol\u00edtica Argentina,<strong>&nbsp;acompa\u00f1o la decisi\u00f3n que han tomado Mauricio Macri y Patricia Bullrich<\/strong>&nbsp;de estar siempre del lado del cambio\u201d.<\/p>\n\n\n\n<figure class=\"wp-block-image\"><img decoding=\"async\" src=\"https:\/\/tn.com.ar\/resizer\/i4kqAA-IjfCmN6A-JBrsPwtfGXg=\/767x0\/smart\/filters:format(webp)\/cloudfront-us-east-1.images.arcpublishing.com\/artear\/JIF3ZENSWBGJ7HPJ6QOOB6BDDY.jpg\" alt=\"N\u00e9stor Grindetti confirm\u00f3 su respaldo al apoyo de Patricia Bullrich y Mauricio Macri a Javier Milei (Foto: captura @Nestorgrindetti).\"\/><figcaption class=\"wp-element-caption\">N\u00e9stor Grindetti confirm\u00f3 su respaldo al apoyo de Patricia Bullrich y Mauricio Macri a Javier Milei (Foto: captura @Nestorgrindetti).<\/figcaption><\/figure>\n\n\n\n<p>No obstante, el jefe comunal aclar\u00f3: \u201c<strong>Juntos por el Cambio debe continuar m\u00e1s all\u00e1 de las posturas&nbsp;<\/strong>personales ante este proceso electoral en particular. Debemos seguir trabajando junto a nuestros intendentes, legisladores y concejales por una provincia mejor, defendiendo los valores del m\u00e9rito y la transparencia\u201d.<\/p>\n\n\n\n<p><strong>Por el lado de las \u201cpalomas\u201d por el momento hay mesura<\/strong>. Y silencio, ninguno se expres\u00f3 p\u00fablicamente. Desde uno de los municipios clave del PRO en el AMBA se\u00f1alaron a este medio que por ahora \u201cno dir\u00e1n nada\u201d. Otro, tambi\u00e9n larretista, indic\u00f3 a&nbsp;<strong>TN<\/strong>&nbsp;que se mantendr\u00e1 expectante y que<strong>&nbsp;m\u00e1s adelante podr\u00eda expresarse en favor de uno de los dos.<\/strong><\/p>\n\n\n\n<h2>\u00bfY los radicales?<\/h2>\n\n\n\n<p>El mandato entre los correligionarios es seguir la l\u00ednea que marc\u00f3 la conducci\u00f3n del partido a nivel nacional. As\u00ed,&nbsp;<strong>la postura es no jugar a favor de ninguno<\/strong>, pero s\u00ed expresarse con claridad en contra de Milei.&nbsp;<a href=\"https:\/\/tn.com.ar\/politica\/2023\/10\/25\/tras-el-apoyo-de-bullrich-a-milei-la-ucr-definio-no-acompanaremos-a-ninguno-de-los-dos-candidatos\/\" target=\"_blank\" rel=\"noreferrer noopener\"><strong>Gerardo Morales<\/strong>&nbsp;<strong>y<\/strong>&nbsp;<strong>Mart\u00edn Lousteau<\/strong><\/a>&nbsp;fueron vehementes contra el l\u00edder libertario. Si bien el comunicado oficial fue m\u00e1s neutral, las expresiones del gobernador juje\u00f1o y el senador capitalino&nbsp;<strong>fueron m\u00e1s un gui\u00f1o a Massa.<\/strong><\/p>\n\n\n\n<figure class=\"wp-block-image\"><img decoding=\"async\" src=\"https:\/\/tn.com.ar\/resizer\/T2K-gBxsb6veWpFXwUxRgoIOc60=\/767x0\/smart\/filters:format(webp)\/cloudfront-us-east-1.images.arcpublishing.com\/artear\/SNRMIKTDVFCX7OSHACHOJUEC6M.png\" alt=\"Gerardo Morales y Mart\u00edn Lousteau tildaron de \u201cirresponsable\u201d la decisi\u00f3n de Patricia Bullrich. (Foto: Prensa UCR)\"\/><figcaption class=\"wp-element-caption\">Gerardo Morales y Mart\u00edn Lousteau tildaron de \u201cirresponsable\u201d la decisi\u00f3n de Patricia Bullrich. (Foto: Prensa UCR)<\/figcaption><\/figure>\n\n\n\n<p>En este sentido, este mi\u00e9rcoles hubo una reuni\u00f3n virtual de los intendentes radicales. Estuvo encabezada por el excandidato a vicegobernador y jefe comunal de Trenque Lauquen, Miguel Fern\u00e1ndez. All\u00ed, adhirieron a los t\u00e9rminos del comunicado difundido por el Comit\u00e9 Nacional y rechazaron enf\u00e1ticamente la decisi\u00f3n&nbsp;<strong>\u201cinconsulta y unilateral de los dirigentes que decidieron apoyar a Milei\u201d.<\/strong><\/p>\n\n\n\n<p>Este jueves, el alcalde ratific\u00f3 su posici\u00f3n en sus redes sociales: \u201cTal cual lo manifestado acertadamente por el Comit\u00e9 de la UCR Nacional,&nbsp;<strong>no voy a acompa\u00f1ar ninguna de las opciones que referencia a Massa y Milei.<\/strong>&nbsp;La sociedad nos otorg\u00f3 como fuerza pol\u00edtica el mandato de ser oposici\u00f3n a nivel provincial y nacional\u201d.<\/p>\n\n\n\n<p>La semana que viene volver\u00e1n a encontrarse, esta vez de manera presencial, en tierras de Fern\u00e1ndez. Ser\u00e1 el jueves, donde adem\u00e1s de la agenda electoral abordar\u00e1n temas de gesti\u00f3n y reclamos pendientes a Provincia.<\/p>\n\n\n\n<p>FUENTE: tn<\/p>\n","protected":false},"excerpt":{"rendered":"<div class=\"mh-excerpt\"><p>La dura derrota de Juntos por el Cambio aceler\u00f3 la descomposici\u00f3n de la alianza opositora y tan solo a d\u00edas del resultado electoral, la excandidata a presidentaPatricia Bullrich&nbsp;sali\u00f3 a respaldar al aspirante libertario,&nbsp;Javier Milei. La jugada tiene el sello del l\u00edder del PRO, el expresidente\u00a0Mauricio Macri, que complic\u00f3 el interior de su partido en todo el per\u00edodo electoral. Primero lim\u00f3 a\u00a0Horacio Rodr\u00edguez Larreta, a quien le puso a competir a Bullrich en las PASO y al final del camino lo derrot\u00f3. Luego, en la previa a las generales se mostr\u00f3 cercano a Milei y perjudic\u00f3 a su propia candidata, que <a class=\"mh-excerpt-more\" href=\"http:\/\/dsrmedios.com.ar\/diario\/archivos\/40912\" title=\"Entre molestos y cautos, los intendentes de JxC definen a d\u00f3nde pararse tras el pacto de Milei con Macri\">[Leer m\u00e1s]<\/a><\/p>\n<\/div>","protected":false},"author":8,"featured_media":40831,"comment_status":"open","ping_status":"closed","sticky":false,"template":"","format":"standard","meta":{"_jetpack_newsletter_access":""},"categories":[6],"tags":[],"jetpack_featured_media_url":"http:\/\/dsrmedios.com.ar\/diario\/wp-content\/uploads\/2023\/10\/WWH4JHHJ35EB5MACCI5KINIBKU.jpg","jetpack_sharing_enabled":true,"jetpack_shortlink":"https:\/\/wp.me\/p9fihK-aDS","_links":{"self":[{"href":"http:\/\/dsrmedios.com.ar\/diario\/wp-json\/wp\/v2\/posts\/40912"}],"collection":[{"href":"http:\/\/dsrmedios.com.ar\/diario\/wp-json\/wp\/v2\/posts"}],"about":[{"href":"http:\/\/dsrmedios.com.ar\/diario\/wp-json\/wp\/v2\/types\/post"}],"author":[{"embeddable":true,"href":"http:\/\/dsrmedios.com.ar\/diario\/wp-json\/wp\/v2\/users\/8"}],"replies":[{"embeddable":true,"href":"http:\/\/dsrmedios.com.ar\/diario\/wp-json\/wp\/v2\/comments?post=40912"}],"version-history":[{"count":1,"href":"http:\/\/dsrmedios.com.ar\/diario\/wp-json\/wp\/v2\/posts\/40912\/revisions"}],"predecessor-version":[{"id":40913,"href":"http:\/\/dsrmedios.com.ar\/diario\/wp-json\/wp\/v2\/posts\/40912\/revisions\/40913"}],"wp:featuredmedia":[{"embeddable":true,"href":"http:\/\/dsrmedios.com.ar\/diario\/wp-json\/wp\/v2\/media\/40831"}],"wp:attachment":[{"href":"http:\/\/dsrmedios.com.ar\/diario\/wp-json\/wp\/v2\/media?parent=40912"}],"wp:term":[{"taxonomy":"category","embeddable":true,"href":"http:\/\/dsrmedios.com.ar\/diario\/wp-json\/wp\/v2\/categories?post=40912"},{"taxonomy":"post_tag","embeddable":true,"href":"http:\/\/dsrmedios.com.ar\/diario\/wp-json\/wp\/v2\/tags?post=40912"}],"curies":[{"name":"wp","href":"https:\/\/api.w.org\/{rel}","templated":true}]}}