{"id":40909,"date":"2023-10-27T10:59:35","date_gmt":"2023-10-27T13:59:35","guid":{"rendered":"http:\/\/dsrmedios.com.ar\/diario\/?p=40909"},"modified":"2023-10-27T10:59:38","modified_gmt":"2023-10-27T13:59:38","slug":"bullrich-encara-la-campana-de-apoyo-a-milei-fiscalizacion-presencia-mediatica-y-mas-respaldos-en-el-pro","status":"publish","type":"post","link":"http:\/\/dsrmedios.com.ar\/diario\/archivos\/40909","title":{"rendered":"Bullrich encara la campa\u00f1a de apoyo a Milei: fiscalizaci\u00f3n, presencia medi\u00e1tica y m\u00e1s respaldos en el PRO"},"content":{"rendered":"\n<p>\u201cO conduc\u00eds, o te conducen\u201d, justificaban en la mesa chica de&nbsp;<a href=\"https:\/\/tn.com.ar\/politica\/2023\/10\/25\/patricia-bullrich-defendio-el-respaldo-a-milei-elegimos-estar-con-la-parte-del-cambio-que-mas-votos-saco\/\" target=\"_blank\" rel=\"noreferrer noopener\"><strong>Patricia Bullrich<\/strong><\/a>, horas despu\u00e9s de que tomara la decisi\u00f3n, junto a&nbsp;<strong>Mauricio Macri<\/strong>, de apoyar a&nbsp;<a href=\"https:\/\/tn.com.ar\/politica\/2023\/10\/26\/tras-el-acuerdo-con-milei-macri-analiza-tres-escenarios-sobre-la-reconfiguracion-del-mapa-politico\/\" target=\"_blank\" rel=\"noreferrer noopener\"><strong>Javier Milei.<\/strong><\/a>&nbsp;Una decisi\u00f3n que termin\u00f3 de fracturar al PRO y convulsion\u00f3 a todo Juntos por el Cambio.<\/p>\n\n\n\n<p>La excandidata a presidenta se prepara para una\u00a0<strong>\u00faltima campa\u00f1a<\/strong>, aunque la elecci\u00f3n, en los hechos, no la incluir\u00e1. Respaldar\u00e1 la candidatura de Milei con\u00a0<strong>presencia medi\u00e1tica<\/strong>, pero a priori\u00a0<strong>no compartir\u00e1n actos pol\u00edticos<\/strong>. Busca garantizarle, en cambio, m\u00e1s\u00a0<strong>respaldo pol\u00edtico y fiscales\u00a0<\/strong>para cuidar los votos.\u00a0<a rel=\"noreferrer noopener\" href=\"https:\/\/tn.com.ar\/politica\/2023\/10\/27\/mauricio-macri-rompe-el-silencio-tras-su-apoyo-y-el-de-patricia-bullrich-a-javier-milei\/\" target=\"_blank\"><strong>Macri<\/strong>, tras varios d\u00edas en silencio,\u00a0<strong>confirm\u00f3 p\u00fablicamente su apoyo<\/strong><\/a>\u00a0al libertario.<\/p>\n\n\n\n<p>Entre reuniones privadas consu c\u00edrculo m\u00e1s cercano y conversaciones con dirigentes,&nbsp;<strong>Bullrich se muestra activa<\/strong>,&nbsp;<strong>defiende su jugada electoral<\/strong>&nbsp;y su posici\u00f3n en el PRO, cuya presidencia reasumi\u00f3 apenas horas despu\u00e9s de la derrota electoral del domingo y donde algunos piden que d\u00e9 un paso al costado por haber hecho expl\u00edcito su apoyo a Milei.<\/p>\n\n\n\n<figure class=\"wp-block-image\"><img decoding=\"async\" src=\"https:\/\/tn.com.ar\/resizer\/kA8d9cWrQrmycZ_yDJkYFR8sDKw=\/767x0\/smart\/filters:format(webp)\/cloudfront-us-east-1.images.arcpublishing.com\/artear\/DOUKV223AZAHJMELAL4XXH5CJE.jpg\" alt=\"La presidenta del PRO, Patricia Bullrich, junto a quien fuera su compa\u00f1ero de f\u00f3rmula, Luis Petri, anunciaron que respaldan la candidatura de Javier Milei (Foto: Reuters - Mat\u00edas Baglietto).\"\/><figcaption class=\"wp-element-caption\">La presidenta del PRO, Patricia Bullrich, junto a quien fuera su compa\u00f1ero de f\u00f3rmula, Luis Petri, anunciaron que respaldan la candidatura de Javier Milei (Foto: Reuters &#8211; Mat\u00edas Baglietto).<\/figcaption><\/figure>\n\n\n\n<p>No piensa hacerlo por ahora. \u201cLo que pase el 19 de noviembre va a definir mucho lo que pase con la conducci\u00f3n del PRO\u201d, advierten en su entorno. Aseguran, por otra parte, que en los pr\u00f3ximos d\u00edas&nbsp;<strong>se ir\u00e1n sumando respaldos p\u00fablicos al libertario de parte de otros dirigentes del PRO.&nbsp;<\/strong>Incluso, dicen, catalogados alguna vez de \u201cpalomas\u201d, que no acompa\u00f1aron a Bullrich en la interna de JxC para las PASO. Incluso, insisten,&nbsp;<strong>tambi\u00e9n de la UCR<\/strong>.<\/p>\n\n\n\n<p>Cerca de la excandidata presidencial conviven varias versiones respecto al\u00a0<strong>alcance del acuerdo<\/strong>\u00a0que existe entre el sector que conducen Macri y Bullrich en el PRO y Milei. Hay quienes aseguran que la conversaci\u00f3n se limit\u00f3 a garantizar, en caso de triunfo, una eventual\u00a0<strong>colaboraci\u00f3n parlamentaria<\/strong>.<\/p>\n\n\n\n<p>Otros afirman que la velocidad del anuncio estuvo pensado, primero para que el resto de los sectores de JxC no alinearan la posici\u00f3n de la coalici\u00f3n en la neutralidad, y segundo, justamente, para&nbsp;<strong>no entrar en una discusi\u00f3n anticipada de cargos<\/strong>. Pero tambi\u00e9n hay otras voces que&nbsp;<strong>adelantan la posibilidad de un gobierno<\/strong>&nbsp;compartido.<\/p>\n\n\n\n<figure class=\"wp-block-image\"><img decoding=\"async\" src=\"https:\/\/tn.com.ar\/resizer\/RFXFpAmNUqmTZ-DxNFQKZ2FoieU=\/767x0\/smart\/filters:format(webp)\/cloudfront-us-east-1.images.arcpublishing.com\/artear\/HAEDG2WOZZAQHOH4LXTZYVQ3FM.jpg\" alt=\"La definici\u00f3n de Mauricio Macri y Patricia Bullrich reconfigur\u00f3 el mapa pol\u00edtico opositor. Fuente: NA.\"\/><figcaption class=\"wp-element-caption\">La definici\u00f3n de Mauricio Macri y Patricia Bullrich reconfigur\u00f3 el mapa pol\u00edtico opositor. Fuente: NA.<\/figcaption><\/figure>\n\n\n\n<p>De hecho, algunas fuentes se\u00f1alan que las intenciones de Bullrich ser\u00edan, en lo inmediato, tener&nbsp;<strong>incidencia en la definici\u00f3n de la l\u00ednea pol\u00edtica<\/strong>&nbsp;de la campa\u00f1a de Milei, en coordinaci\u00f3n con&nbsp;<strong>Guillermo Francos<\/strong>&nbsp;-que est\u00e1 al frente de la mesa chica del libertario. Tambi\u00e9n buscar\u00eda participaci\u00f3n en los equipos t\u00e9cnicos para algunos de sus dirigentes, como Alberto F\u00f6hrig (que encabez\u00f3 los equipos de la candidata de JxC hasta el domingo) o su consultor de confianza, Derek Hampton. Sin embargo, hasta ahora&nbsp;<strong>no estaba confirmado ni acordado.<\/strong><\/p>\n\n\n\n<p>En las \u00faltimas horas, para sorpresa de nadie por lo menos en el sector del PRO que ahora impulsar\u00e1 a Milei, el sindicalista&nbsp;<a href=\"https:\/\/tn.com.ar\/politica\/2023\/10\/26\/luis-barrionuevo-le-quito-el-apoyo-a-milei-por-el-acuerdo-con-macri-y-bullrich\/\" target=\"_blank\" rel=\"noreferrer noopener\">Luis Barrionuevo anunci\u00f3 que le retir\u00f3 su respaldo al libertario<\/a>, con la excusa de que su nueva alianza con Bullrich y Macri hace imposible continuar la sociedad pol\u00edtica.<\/p>\n\n\n\n<p>El gastron\u00f3mico&nbsp;<strong>hab\u00eda prometido<\/strong>&nbsp;-seg\u00fan inform\u00f3 La Libertad Avanza-&nbsp;<strong>200.000 fiscales<\/strong>&nbsp;para la elecci\u00f3n del domingo, que el mismo d\u00eda dirigentes y militantes libertarios&nbsp;<strong>habr\u00edan \u201cdescubierto\u201d que no exist\u00edan<\/strong>&nbsp;y que, quiz\u00e1s, el respaldo del sindicalista que tan solo meses antes hab\u00eda impulsado a Eduardo de Pedro como candidato a presidente jam\u00e1s fue real. Justamente fiscalizaci\u00f3n es, en parte, lo que le ofrecieron a Milei en las filas macristas del PRO.<\/p>\n\n\n\n<figure class=\"wp-block-image\"><img decoding=\"async\" src=\"https:\/\/tn.com.ar\/resizer\/QYGEusuX9QKokJxKCk9IEf4BGJg=\/767x0\/smart\/filters:format(webp)\/cloudfront-us-east-1.images.arcpublishing.com\/artear\/PW7NMFKQU5EC5HHKNVA2I7AOUY.jpg\" alt=\"El candidato presidencial de La Libertad Avanza, Javier Milei, en las celebraciones por haber entrado al balotaje (Foto: Reuters - Mat\u00edas Baglietto).\"\/><figcaption class=\"wp-element-caption\">El candidato presidencial de La Libertad Avanza, Javier Milei, en las celebraciones por haber entrado al balotaje (Foto: Reuters &#8211; Mat\u00edas Baglietto).<\/figcaption><\/figure>\n\n\n\n<p>La fiscalizaci\u00f3n suele garantizarse por medio de la&nbsp;<strong>estructura partidaria<\/strong>&nbsp;en cada distrito del pa\u00eds, de la&nbsp;<strong>militancia<\/strong>, de los propios&nbsp;<strong>candidatos<\/strong>&nbsp;y referentes locales,&nbsp;<strong>gobernadores<\/strong>,&nbsp;<strong>intendentes<\/strong>&nbsp;y con&nbsp;<strong>voluntarios<\/strong>. Quedan tres semanas hasta la elecci\u00f3n, pero es cierto que hasta ahora solo una parte del PRO ha anticipado abiertamente su colaboraci\u00f3n con la campa\u00f1a del libertario, y que&nbsp;<a href=\"https:\/\/tn.com.ar\/politica\/2023\/10\/26\/crisis-en-juntos-por-el-cambio-de-que-lado-quedo-cada-dirigente-en-la-disputa-entre-milei-y-massa\/\" target=\"_blank\" rel=\"noreferrer noopener\">los partidos y los gobernadores de la coalici\u00f3n opositora ya se declararon prescindentes.<\/a><\/p>\n\n\n\n<p>\u201cUsando una frase que utiliz\u00f3 \u00e9l alguna vez, Barrionuevo le sac\u00f3 el banquito a Milei, que en realidad nunca existi\u00f3. Necesitas 150.000 fiscales en todo el pa\u00eds.\u00a0<strong>Milei nos dice que cree que le robaron 3 o 4 puntos. Nosotros fiscalizamos al 100% antes de las PASO<\/strong>, con la dirigencia toda del lado de Larreta. Con conseguir un tercio de eso va a estar muy bien\u201d, se\u00f1alaba en las \u00faltimas horas un dirigente de la mesa chica bullrichista.<\/p>\n\n\n\n<p>Fuente: TN<\/p>\n","protected":false},"excerpt":{"rendered":"<div class=\"mh-excerpt\"><p>\u201cO conduc\u00eds, o te conducen\u201d, justificaban en la mesa chica de&nbsp;Patricia Bullrich, horas despu\u00e9s de que tomara la decisi\u00f3n, junto a&nbsp;Mauricio Macri, de apoyar a&nbsp;Javier Milei.&nbsp;Una decisi\u00f3n que termin\u00f3 de fracturar al PRO y convulsion\u00f3 a todo Juntos por el Cambio. La excandidata a presidenta se prepara para una\u00a0\u00faltima campa\u00f1a, aunque la elecci\u00f3n, en los hechos, no la incluir\u00e1. Respaldar\u00e1 la candidatura de Milei con\u00a0presencia medi\u00e1tica, pero a priori\u00a0no compartir\u00e1n actos pol\u00edticos. Busca garantizarle, en cambio, m\u00e1s\u00a0respaldo pol\u00edtico y fiscales\u00a0para cuidar los votos.\u00a0Macri, tras varios d\u00edas en silencio,\u00a0confirm\u00f3 p\u00fablicamente su apoyo\u00a0al libertario. Entre reuniones privadas consu c\u00edrculo m\u00e1s cercano y <a class=\"mh-excerpt-more\" href=\"http:\/\/dsrmedios.com.ar\/diario\/archivos\/40909\" title=\"Bullrich encara la campa\u00f1a de apoyo a Milei: fiscalizaci\u00f3n, presencia medi\u00e1tica y m\u00e1s respaldos en el PRO\">[Leer m\u00e1s]<\/a><\/p>\n<\/div>","protected":false},"author":8,"featured_media":36916,"comment_status":"open","ping_status":"closed","sticky":false,"template":"","format":"standard","meta":{"_jetpack_newsletter_access":""},"categories":[6],"tags":[],"jetpack_featured_media_url":"http:\/\/dsrmedios.com.ar\/diario\/wp-content\/uploads\/2023\/07\/600x400_patricia-bullrich-presidenta-pro-967467-115321.webp","jetpack_sharing_enabled":true,"jetpack_shortlink":"https:\/\/wp.me\/p9fihK-aDP","_links":{"self":[{"href":"http:\/\/dsrmedios.com.ar\/diario\/wp-json\/wp\/v2\/posts\/40909"}],"collection":[{"href":"http:\/\/dsrmedios.com.ar\/diario\/wp-json\/wp\/v2\/posts"}],"about":[{"href":"http:\/\/dsrmedios.com.ar\/diario\/wp-json\/wp\/v2\/types\/post"}],"author":[{"embeddable":true,"href":"http:\/\/dsrmedios.com.ar\/diario\/wp-json\/wp\/v2\/users\/8"}],"replies":[{"embeddable":true,"href":"http:\/\/dsrmedios.com.ar\/diario\/wp-json\/wp\/v2\/comments?post=40909"}],"version-history":[{"count":1,"href":"http:\/\/dsrmedios.com.ar\/diario\/wp-json\/wp\/v2\/posts\/40909\/revisions"}],"predecessor-version":[{"id":40911,"href":"http:\/\/dsrmedios.com.ar\/diario\/wp-json\/wp\/v2\/posts\/40909\/revisions\/40911"}],"wp:featuredmedia":[{"embeddable":true,"href":"http:\/\/dsrmedios.com.ar\/diario\/wp-json\/wp\/v2\/media\/36916"}],"wp:attachment":[{"href":"http:\/\/dsrmedios.com.ar\/diario\/wp-json\/wp\/v2\/media?parent=40909"}],"wp:term":[{"taxonomy":"category","embeddable":true,"href":"http:\/\/dsrmedios.com.ar\/diario\/wp-json\/wp\/v2\/categories?post=40909"},{"taxonomy":"post_tag","embeddable":true,"href":"http:\/\/dsrmedios.com.ar\/diario\/wp-json\/wp\/v2\/tags?post=40909"}],"curies":[{"name":"wp","href":"https:\/\/api.w.org\/{rel}","templated":true}]}}