{"id":40906,"date":"2023-10-27T09:34:54","date_gmt":"2023-10-27T12:34:54","guid":{"rendered":"http:\/\/dsrmedios.com.ar\/diario\/?p=40906"},"modified":"2023-10-27T09:34:57","modified_gmt":"2023-10-27T12:34:57","slug":"massa-apuesta-a-que-el-pacto-milei-bullrich-genere-contradicciones-internas-en-el-electorado-libertario","status":"publish","type":"post","link":"http:\/\/dsrmedios.com.ar\/diario\/archivos\/40906","title":{"rendered":"Massa apuesta a que el pacto Milei-Bullrich genere contradicciones internas en el electorado libertario"},"content":{"rendered":"\n<p>Atentos a los movimientos de sus rivales, en&nbsp;<strong>Uni\u00f3n por la Patria&nbsp;<\/strong>(UxP) aseguran que el&nbsp;<a href=\"https:\/\/tn.com.ar\/politica\/2023\/10\/25\/los-once-puntos-del-acuerdo-entre-bullrich-macri-y-milei-rumbo-al-balotaje\/\" target=\"_blank\" rel=\"noreferrer noopener\"><strong>acuerdo de Javier Milei con Mauricio Macri y Patricia Bullrich<\/strong><\/a>&nbsp;generar\u00e1&nbsp;<strong>\u201cconfusi\u00f3n\u201d&nbsp;<\/strong>en el propio electorado de&nbsp;<strong>La Libertad Avanza<\/strong>&nbsp;(LLA).<\/p>\n\n\n\n<p>En el entorno de&nbsp;<strong>Sergio Massa<\/strong>&nbsp;advierten que el libertario se contradice en su propio discurso al efectuar un pacto con parte de la \u201ccasta\u201d a la que cuestion\u00f3 y entienden que su electorado no tomar\u00e1 de la mejor manera que los dirigentes del PRO cuestionen algunos de sus puntos m\u00e1s salientes de su&nbsp;<a href=\"https:\/\/tn.com.ar\/politica\/2023\/10\/26\/macri-le-pidio-a-milei-que-modere-su-discurso-y-negocian-como-se-dividirian-los-ministerios\/\" target=\"_blank\" rel=\"noreferrer noopener\"><strong>programa de gobierno<\/strong><\/a>.<\/p>\n\n\n\n<p>A modo de ejemplo, el jueves por la ma\u00f1ana, en declaraciones a\u00a0<em>LN+<\/em>, la presidenta del PRO, Patricia Bullrich,\u00a0<strong>puso en tela de juicio la implementaci\u00f3n del proyecto de dolarizaci\u00f3n al asegurar que se debe \u201cdiscutir\u201d.<\/strong>\u00a0\u201c\u00bfC\u00f3mo hace ahora Milei para explicarle a su electorado que su principal propuesta econ\u00f3mica puede estar en duda?\u201d, se preguntan en la sede de campa\u00f1a de UxP.<\/p>\n\n\n\n<h2>Massa apuesta a que el pacto entre Milei y Bullrich genere contradicciones internas en el electorado liberal<\/h2>\n\n\n\n<p>No solo eso. En el oficialismo creen que habr\u00e1 controversia con los l\u00edderes del PRO en torno a la idea de Milei de&nbsp;<strong>romper relaciones diplom\u00e1ticas con Brasil y China<\/strong>&nbsp;(el gobierno de Macri tuvo un buen v\u00ednculo con el gigante asi\u00e1tico) y tambi\u00e9n en&nbsp;<strong>materia de seguridad<\/strong>: el punto m\u00e1s conflictivo parecer\u00edan ser los conceptos de Milei a favor de la&nbsp;<strong>libre portaci\u00f3n de armas<\/strong>.<\/p>\n\n\n\n<p>El candidato de LLA argument\u00f3 en m\u00e1s de una oportunidad que \u201caquellos estados que tienen libre portaci\u00f3n de armas tienen muchos menos delitos.\u201d En el debate, Bullrich le dijo al libertario: \u201cMir\u00e1 tu plataforma, art\u00edculo 17, desregulaci\u00f3n y liberaci\u00f3n de armas. As\u00ed que c\u00e1mbiala, pero&nbsp;<strong>si la cambi\u00e1s es porque no estabas convencido<\/strong>\u201d.<\/p>\n\n\n\n<p>El oficialismo apuesta a que estos puntos que cuestionan desde el PRO puedan generar malestar entre parte del electorado liberal.<\/p>\n\n\n\n<figure class=\"wp-block-image\"><img decoding=\"async\" src=\"https:\/\/tn.com.ar\/resizer\/DC_XvxUs0DiL_z52pc6wZOKkWO4=\/767x0\/smart\/filters:format(webp)\/cloudfront-us-east-1.images.arcpublishing.com\/artear\/XOFNNSVPIZDK7LAYGYBRX7FPCM.JPG\" alt=\"Milei y Bullrich, reconciliados en TN. (Foto: Enrique Garc\u00eda Medina)\"\/><figcaption class=\"wp-element-caption\">Milei y Bullrich, reconciliados en TN. (Foto: Enrique Garc\u00eda Medina)Por:&nbsp;<strong>ENRIQUE GARCIA MEDINA<\/strong><\/figcaption><\/figure>\n\n\n\n<p>Por otra parte, se\u00f1alan en las oficinas del massismo, hubo diferencias a partir del debate sobre la&nbsp;<strong>venta de \u00f3rganos<\/strong>. \u201cHoy el 10% de la venta de \u00f3rganos ilegales en el mundo es trata de personas. Secuestran a chicos, tratan personas y venden \u00f3rganos, esta es la realidad\u201d dijo Bullrich. Milei le contest\u00f3: \u201c<strong>Tampoco proponemos la venta de \u00f3rganos<\/strong>. Decimos que hay 7000 personas esperando un trasplante y 300.000 potenciales donantes. Hay algo que no funciona que genera un mont\u00f3n de corrupci\u00f3n.&nbsp;<strong>\u00bfO acaso a usted le gusta la corrupci\u00f3n?<\/strong>\u201d.<\/p>\n\n\n\n<p>En este contexto surge un interrogante: \u00bfqu\u00e9 va a hacer Massa en medio de la crisis de JxC? El ministro-candidato continuar\u00e1 con las\u00a0<a rel=\"noreferrer noopener\" href=\"https:\/\/tn.com.ar\/politica\/2023\/10\/25\/en-medio-de-la-crisis-de-la-oposicion-el-kirchnerismo-le-pidio-a-massa-que-no-descuide-la-campana-territorial\/\" target=\"_blank\"><strong>negociaciones y charlas subterr\u00e1neas con sectores del radicalismo<\/strong><\/a>. Pese a que\u00a0<strong>Gerardo Morales<\/strong>\u00a0y\u00a0<strong>Mart\u00edn Lousteau<\/strong>\u00a0dijeron que no van a apoyar a ninguno de los dos candidatos,\u00a0<strong>Massa insistir\u00e1 con los gui\u00f1os para el electorado radical:<\/strong>\u00a0est\u00e1 convencido de que \u201cning\u00fan radical va a votar a un candidato que propone un modelo de\u00a0<strong>vouchers educativos<\/strong>\u201d.<\/p>\n\n\n\n<p>En las oficinas de UxP analizan que en una gran parte del electorado de Larreta (los radicales, la Coalici\u00f3n C\u00edvica y las palomas del PRO) va a&nbsp;<strong>crecer el voto en blanco<\/strong>&nbsp;y eso le pondr\u00e1 un techo al crecimiento de Milei. Incluso se aventuran a sostener que el oficialismo podr\u00e1 quedarse con una porci\u00f3n de esos votos.<\/p>\n\n\n\n<p>La clave ahora parece ser\u00a0<strong>Juan Schiaretti<\/strong>, con quien asoma una\u00a0<strong>negociaci\u00f3n compleja<\/strong>. El gobernador tiene un electorado con\u00a0<strong>ADN antikirchnerista<\/strong>. En C\u00f3rdoba,\u00a0<strong>Massa solo sac\u00f3 el 13%<\/strong>. De todas formas, en el oficialismo se ilusionan: creen que Schiaretti era un candidato mucho m\u00e1s cercano a la ideolog\u00eda de centro-derecha de Massa que la de Milei.<\/p>\n\n\n\n<p>Fuente: TN<\/p>\n","protected":false},"excerpt":{"rendered":"<div class=\"mh-excerpt\"><p>Atentos a los movimientos de sus rivales, en&nbsp;Uni\u00f3n por la Patria&nbsp;(UxP) aseguran que el&nbsp;acuerdo de Javier Milei con Mauricio Macri y Patricia Bullrich&nbsp;generar\u00e1&nbsp;\u201cconfusi\u00f3n\u201d&nbsp;en el propio electorado de&nbsp;La Libertad Avanza&nbsp;(LLA). En el entorno de&nbsp;Sergio Massa&nbsp;advierten que el libertario se contradice en su propio discurso al efectuar un pacto con parte de la \u201ccasta\u201d a la que cuestion\u00f3 y entienden que su electorado no tomar\u00e1 de la mejor manera que los dirigentes del PRO cuestionen algunos de sus puntos m\u00e1s salientes de su&nbsp;programa de gobierno. A modo de ejemplo, el jueves por la ma\u00f1ana, en declaraciones a\u00a0LN+, la presidenta del PRO, Patricia <a class=\"mh-excerpt-more\" href=\"http:\/\/dsrmedios.com.ar\/diario\/archivos\/40906\" title=\"Massa apuesta a que el pacto Milei-Bullrich genere contradicciones internas en el electorado libertario\">[Leer m\u00e1s]<\/a><\/p>\n<\/div>","protected":false},"author":8,"featured_media":31416,"comment_status":"open","ping_status":"closed","sticky":false,"template":"","format":"standard","meta":{"_jetpack_newsletter_access":""},"categories":[6],"tags":[],"jetpack_featured_media_url":"http:\/\/dsrmedios.com.ar\/diario\/wp-content\/uploads\/2023\/04\/CULIKXKBYJ5VYCFKH4L7XKC57Q.jpg","jetpack_sharing_enabled":true,"jetpack_shortlink":"https:\/\/wp.me\/p9fihK-aDM","_links":{"self":[{"href":"http:\/\/dsrmedios.com.ar\/diario\/wp-json\/wp\/v2\/posts\/40906"}],"collection":[{"href":"http:\/\/dsrmedios.com.ar\/diario\/wp-json\/wp\/v2\/posts"}],"about":[{"href":"http:\/\/dsrmedios.com.ar\/diario\/wp-json\/wp\/v2\/types\/post"}],"author":[{"embeddable":true,"href":"http:\/\/dsrmedios.com.ar\/diario\/wp-json\/wp\/v2\/users\/8"}],"replies":[{"embeddable":true,"href":"http:\/\/dsrmedios.com.ar\/diario\/wp-json\/wp\/v2\/comments?post=40906"}],"version-history":[{"count":1,"href":"http:\/\/dsrmedios.com.ar\/diario\/wp-json\/wp\/v2\/posts\/40906\/revisions"}],"predecessor-version":[{"id":40908,"href":"http:\/\/dsrmedios.com.ar\/diario\/wp-json\/wp\/v2\/posts\/40906\/revisions\/40908"}],"wp:featuredmedia":[{"embeddable":true,"href":"http:\/\/dsrmedios.com.ar\/diario\/wp-json\/wp\/v2\/media\/31416"}],"wp:attachment":[{"href":"http:\/\/dsrmedios.com.ar\/diario\/wp-json\/wp\/v2\/media?parent=40906"}],"wp:term":[{"taxonomy":"category","embeddable":true,"href":"http:\/\/dsrmedios.com.ar\/diario\/wp-json\/wp\/v2\/categories?post=40906"},{"taxonomy":"post_tag","embeddable":true,"href":"http:\/\/dsrmedios.com.ar\/diario\/wp-json\/wp\/v2\/tags?post=40906"}],"curies":[{"name":"wp","href":"https:\/\/api.w.org\/{rel}","templated":true}]}}