{"id":40905,"date":"2023-10-27T09:33:56","date_gmt":"2023-10-27T12:33:56","guid":{"rendered":"http:\/\/dsrmedios.com.ar\/diario\/?p=40905"},"modified":"2023-10-27T09:33:59","modified_gmt":"2023-10-27T12:33:59","slug":"mauricio-macri-confirmo-su-apoyo-a-javier-milei-en-el-balotaje-o-somos-el-cambio-o-no-somos-nada","status":"publish","type":"post","link":"http:\/\/dsrmedios.com.ar\/diario\/archivos\/40905","title":{"rendered":"Mauricio Macri confirm\u00f3 su apoyo a Javier Milei en el balotaje: \u201cO somos el cambio o no somos nada\u201d"},"content":{"rendered":"\n<p>El expresidente&nbsp;<a href=\"https:\/\/tn.com.ar\/politica\/2023\/10\/26\/macri-le-pidio-a-milei-que-modere-su-discurso-y-negocian-como-se-dividirian-los-ministerios\/\" target=\"_blank\" rel=\"noreferrer noopener\"><strong>Mauricio Macri<\/strong><\/a>&nbsp;rompe el silencio este viernes luego del apoyo que junto a&nbsp;<strong>Patricia Bullrich<\/strong>&nbsp;le dieron&nbsp;<strong>a Javier Milei<\/strong>&nbsp;para intentar un triunfo del libertario en el balotaje contra el candidato de Uni\u00f3n por la Patria,<strong>&nbsp;Sergio Massa<\/strong>.<\/p>\n\n\n\n<p>El<a href=\"https:\/\/tn.com.ar\/politica\/2023\/10\/25\/los-once-puntos-del-acuerdo-entre-bullrich-macri-y-milei-rumbo-al-balotaje\/\">\u00a0<strong>pacto de Mauricio Macri y Patricia Bullrich con Javier Milei<\/strong>\u00a0<\/a>no solo tiene implicancias electorales, sino que provoca una\u00a0<strong>implosi\u00f3n puertas adentro<\/strong>\u00a0en Juntos por el Cambio, tanto que hoy parece muy dif\u00edcil que se pueda rearmar la coalici\u00f3n opositora despu\u00e9s de la decisi\u00f3n de los referentes del PRO de cortarse solos y apoyar al candidato libertario.<\/p>\n\n\n\n<p>Al ser consultado en radio&nbsp;<em>Mitre&nbsp;<\/em>sobre la posible ruptura del bloque, Macri afirm\u00f3: \u201c<strong>No se rompi\u00f3 JxC, no al menos el que fund\u00e9 yo<\/strong>\u201d, sostuvo, aunque poco despu\u00e9s lanz\u00f3 duras criticas contra los radicales.<\/p>\n\n\n\n<p>Tambi\u00e9n ratific\u00f3 su apoyo a Milei:&nbsp;<strong>\u201cO somos el cambio o no somos nada\u201d.&nbsp;<\/strong>Y luego, a modo de justificaci\u00f3n por su decisi\u00f3n, asegur\u00f3 que \u201c<strong>hoy el que lidera la propuesta de cambio es Javier Milei<\/strong>\u201d.<\/p>\n\n\n\n<p>\u201c<strong>Es un apoyo incondicional<\/strong>. No hemos pedido nada. No se habl\u00f3 de ning\u00fan cargo. Fuimos a la reuni\u00f3n (con Milei) no para un toma y daca\u201d, afirm\u00f3 sobre el encuentro que mantuvieron, junto con la excandidata presidencial de Juntos por el Cambio, Patricia Bullrich, el martes por la noche, en el que se sell\u00f3 el acuerdo.<\/p>\n\n\n\n<p>El expresidente lament\u00f3 que varias figuras del PRO, como Horacio Rodr\u00edguez Larreta o Mar\u00eda Eugenia Vidal hayan rechazado el acuerdo con Milei. \u201cSon visiones distintas.&nbsp;<strong>Lamento que no hayan adherido a una propuesta de cambio m\u00e1s contundente<\/strong>, m\u00e1s all\u00e1 de las propuestas m\u00e1s extremas\u201d del libertario, agreg\u00f3.<\/p>\n\n\n\n<h2>Macri acus\u00f3 a los radicales de \u201ctransar con Massa\u201d<\/h2>\n\n\n\n<p>Macri tambi\u00e9n&nbsp;<strong>carg\u00f3 contra sus socios radicales&nbsp;<\/strong>-que rechazaron el acuerdo con Milei-, a quienes&nbsp;<strong>acus\u00f3 de \u201ctransar por detr\u00e1s\u201d con Sergio Massa<\/strong>.<\/p>\n\n\n\n<p>\u201c<strong>Ellos han tenido permanentes reuniones con Massa<\/strong>&nbsp;en todos estos a\u00f1os. Le han apoyado todas las leyes que Massa ped\u00eda, en contra de la decisi\u00f3n de la mayor\u00eda: aumentos de impuestos, nuevas jubilaciones sin aportes\u2026&nbsp;<strong>Morales, Yacobitti, Lousteau<\/strong>, todo el tiempo transando por detr\u00e1s de nosotros en cosas que no han beneficiado al pa\u00eds\u201d, sostuvo.<\/p>\n\n\n\n<figure class=\"wp-block-image\"><img decoding=\"async\" src=\"https:\/\/tn.com.ar\/resizer\/IcTzrZZYLn5xwlnii2IcbRdaWB0=\/767x0\/smart\/filters:format(webp)\/cloudfront-us-east-1.images.arcpublishing.com\/artear\/7YQ7AZXUJ5ADNFBND3ZHROQH2E.jpg\" alt=\"El expresidente, Mauricio Macri, abraza y consuela a la candidata presidencial de JxC, Patricia Bullrich, que qued\u00f3 afuera del balotaje (Foto: Reuters - Mart\u00edn Cossarini).\"\/><figcaption class=\"wp-element-caption\">El expresidente, Mauricio Macri, abraza y consuela a la candidata presidencial de JxC, Patricia Bullrich, que qued\u00f3 afuera del balotaje (Foto: Reuters &#8211; Mart\u00edn Cossarini).<\/figcaption><\/figure>\n\n\n\n<p>Y continu\u00f3: \u201c<strong>Bajo la falsa imparcialidad, neutralidad, se dedican a apoyar a Massa\u201d. \u201cAquellos que usan la neutralidad para favorecer a Sergio Massa que lo digan<\/strong>\u201d, insisti\u00f3.<\/p>\n\n\n\n<p>Macri reconoci\u00f3 que&nbsp;<strong>la interna \u201cno les sali\u00f3 bien\u201d.&nbsp;<\/strong>\u201cNo nos funcion\u00f3, y eso le permiti\u00f3 a Javier crecer en su electorado\u201d. \u201cEl que lidera la propuesta de cambio es Milei y hay que tener la humildad de reconocer que la gente opt\u00f3 para conducir al cambio a Milei\u201d, insisti\u00f3.<\/p>\n\n\n\n<h2>Macri, sobre Sergio Massa: \u201cEs m\u00e1s de lo mismo\u201d<\/h2>\n\n\n\n<p>Sobre el candidato de Uni\u00f3n por la patria, Macri asegur\u00f3 que Massa \u201cle minti\u00f3 siempre\u201d y sostuvo que es \u201cm\u00e1s de lo mismo\u201d.<\/p>\n\n\n\n<p>Tambi\u00e9n revel\u00f3 que mantuvo \u201cseis conversaciones por tel\u00e9fono\u201d y vio \u201cdos veces en persona\u201d a Javier Milei y que lo vio \u201cmuy abierto a sumar gente\u201d.<\/p>\n\n\n\n<h2>C\u00f3mo se gest\u00f3 el acuerdo entre Milei, Macri y Bullrich<\/h2>\n\n\n\n<p>La cumbre clave entre Mauricio Macri, Patricia Bullrich y Javier Milei se dio el martes por la noche. Fue en la casa del expresidente, con los tres dirigentes a solas, en un avance del \u201ccoqueteo\u201d entre el ala dura del PRO que empez\u00f3 en campa\u00f1a.<\/p>\n\n\n\n<p>En A Dos Voces (TN), Patricia Bullrich<a href=\"https:\/\/tn.com.ar\/politica\/2023\/10\/25\/bullrich-respaldo-a-milei-para-el-balotaje-massa-seria-la-continuidad-del-peor-gobierno-de-la-historia\/\">&nbsp;<strong>defendi\u00f3 este mi\u00e9rcoles el acuerdo alcanzado con Javier Milei<\/strong><\/a>para acompa\u00f1ar su campa\u00f1a para el balotaje. \u201cLo que hicimos fue poner el objetivo que creemos que el pa\u00eds necesita, que es que haya un cambio profundo, que sea un cambio de matriz econ\u00f3mica, social, de nivel de vida de la Argentina y para eso elegimos estar con aquellos que fueron la parte del cambio que m\u00e1s votos sacaron\u201d, dijo.<\/p>\n\n\n\n<p><a rel=\"noreferrer noopener\" href=\"https:\/\/tn.com.ar\/politica\/2023\/10\/25\/patricia-bullrich-defendio-el-respaldo-a-milei-elegimos-estar-con-la-parte-del-cambio-que-mas-votos-saco\/\" target=\"_blank\"><strong>Bullrich asegur\u00f3 que \u201cen JxC se tom\u00f3 la decisi\u00f3n de que haya libertad\u201d<\/strong><\/a>. \u201cEn el marco de esa libertad, en el marco de una representatividad que tenemos, porque ganamos una PASO y somos los m\u00e1s representativos de JxC porque ganamos una PASO contra Horacio (Rodr\u00edguez Larreta), Gerardo Morales, (Mart\u00edn) Lousteau, nos legitimamos, un equipo m\u00e1s chico en t\u00e9rminos dirigenciales y logramos tener una representatividad. En el marco de una oposici\u00f3n dividida, que hist\u00f3ricamente ha sido malo, La Libertad Avanza sac\u00f3 seis puntos m\u00e1s que nosotros\u201d, agreg\u00f3.<\/p>\n\n\n\n<p>Fuente: TN<\/p>\n","protected":false},"excerpt":{"rendered":"<div class=\"mh-excerpt\"><p>El expresidente&nbsp;Mauricio Macri&nbsp;rompe el silencio este viernes luego del apoyo que junto a&nbsp;Patricia Bullrich&nbsp;le dieron&nbsp;a Javier Milei&nbsp;para intentar un triunfo del libertario en el balotaje contra el candidato de Uni\u00f3n por la Patria,&nbsp;Sergio Massa. El\u00a0pacto de Mauricio Macri y Patricia Bullrich con Javier Milei\u00a0no solo tiene implicancias electorales, sino que provoca una\u00a0implosi\u00f3n puertas adentro\u00a0en Juntos por el Cambio, tanto que hoy parece muy dif\u00edcil que se pueda rearmar la coalici\u00f3n opositora despu\u00e9s de la decisi\u00f3n de los referentes del PRO de cortarse solos y apoyar al candidato libertario. Al ser consultado en radio&nbsp;Mitre&nbsp;sobre la posible ruptura del bloque, Macri afirm\u00f3: <a class=\"mh-excerpt-more\" href=\"http:\/\/dsrmedios.com.ar\/diario\/archivos\/40905\" title=\"Mauricio Macri confirm\u00f3 su apoyo a Javier Milei en el balotaje: \u201cO somos el cambio o no somos nada\u201d\">[Leer m\u00e1s]<\/a><\/p>\n<\/div>","protected":false},"author":8,"featured_media":33118,"comment_status":"open","ping_status":"closed","sticky":false,"template":"","format":"standard","meta":{"_jetpack_newsletter_access":""},"categories":[6],"tags":[],"jetpack_featured_media_url":"http:\/\/dsrmedios.com.ar\/diario\/wp-content\/uploads\/2023\/05\/macri-empresarios-2jpg.webp","jetpack_sharing_enabled":true,"jetpack_shortlink":"https:\/\/wp.me\/p9fihK-aDL","_links":{"self":[{"href":"http:\/\/dsrmedios.com.ar\/diario\/wp-json\/wp\/v2\/posts\/40905"}],"collection":[{"href":"http:\/\/dsrmedios.com.ar\/diario\/wp-json\/wp\/v2\/posts"}],"about":[{"href":"http:\/\/dsrmedios.com.ar\/diario\/wp-json\/wp\/v2\/types\/post"}],"author":[{"embeddable":true,"href":"http:\/\/dsrmedios.com.ar\/diario\/wp-json\/wp\/v2\/users\/8"}],"replies":[{"embeddable":true,"href":"http:\/\/dsrmedios.com.ar\/diario\/wp-json\/wp\/v2\/comments?post=40905"}],"version-history":[{"count":1,"href":"http:\/\/dsrmedios.com.ar\/diario\/wp-json\/wp\/v2\/posts\/40905\/revisions"}],"predecessor-version":[{"id":40907,"href":"http:\/\/dsrmedios.com.ar\/diario\/wp-json\/wp\/v2\/posts\/40905\/revisions\/40907"}],"wp:featuredmedia":[{"embeddable":true,"href":"http:\/\/dsrmedios.com.ar\/diario\/wp-json\/wp\/v2\/media\/33118"}],"wp:attachment":[{"href":"http:\/\/dsrmedios.com.ar\/diario\/wp-json\/wp\/v2\/media?parent=40905"}],"wp:term":[{"taxonomy":"category","embeddable":true,"href":"http:\/\/dsrmedios.com.ar\/diario\/wp-json\/wp\/v2\/categories?post=40905"},{"taxonomy":"post_tag","embeddable":true,"href":"http:\/\/dsrmedios.com.ar\/diario\/wp-json\/wp\/v2\/tags?post=40905"}],"curies":[{"name":"wp","href":"https:\/\/api.w.org\/{rel}","templated":true}]}}