{"id":40897,"date":"2023-10-26T23:17:53","date_gmt":"2023-10-27T02:17:53","guid":{"rendered":"http:\/\/dsrmedios.com.ar\/diario\/?p=40897"},"modified":"2023-10-26T23:17:55","modified_gmt":"2023-10-27T02:17:55","slug":"jovenes-en-trama-de-villa-maza-siempre-activos","status":"publish","type":"post","link":"http:\/\/dsrmedios.com.ar\/diario\/archivos\/40897","title":{"rendered":"<strong>J\u00f3venes en Trama de Villa Maza siempre activos<\/strong>"},"content":{"rendered":"\n<h3>Taller de huerta familiar&nbsp;fue la nueva propuesta para Jov\u00e9nes en Trama de Villa Maza que, junto a los vecinos, participaron de la actividad a cargo&nbsp;de Andrea Mansilla y Agust\u00edn L\u00f3pez Castro de INTA.<\/h3>\n\n\n\n<p>Realizaron en articulaci\u00f3n con el colegio secundario actividades sobre el cuidado del medio ambiente.<\/p>\n\n\n\n<h3>Tambi\u00e9n, en todas las sedes contin\u00faan con las actividades y eventos en el marco de Octubre Rosa, mes de concientizaci\u00f3n&nbsp;para&nbsp;la prevenci\u00f3n del C\u00e1ncer de Mama<\/h3>\n","protected":false},"excerpt":{"rendered":"<div class=\"mh-excerpt\"><p>Taller de huerta familiar&nbsp;fue la nueva propuesta para Jov\u00e9nes en Trama de Villa Maza que, junto a los vecinos, participaron de la actividad a cargo&nbsp;de Andrea Mansilla y Agust\u00edn L\u00f3pez Castro de INTA. Realizaron en articulaci\u00f3n con el colegio secundario actividades sobre el cuidado del medio ambiente. Tambi\u00e9n, en todas las sedes contin\u00faan con las actividades y eventos en el marco de Octubre Rosa, mes de concientizaci\u00f3n&nbsp;para&nbsp;la prevenci\u00f3n del C\u00e1ncer de Mama<\/p>\n<\/div>","protected":false},"author":8,"featured_media":40898,"comment_status":"open","ping_status":"closed","sticky":false,"template":"","format":"standard","meta":{"_jetpack_newsletter_access":""},"categories":[18,31,5],"tags":[],"jetpack_featured_media_url":"http:\/\/dsrmedios.com.ar\/diario\/wp-content\/uploads\/2023\/10\/WhatsApp-Image-2023-10-25-at-17.33.27.jpeg","jetpack_sharing_enabled":true,"jetpack_shortlink":"https:\/\/wp.me\/p9fihK-aDD","_links":{"self":[{"href":"http:\/\/dsrmedios.com.ar\/diario\/wp-json\/wp\/v2\/posts\/40897"}],"collection":[{"href":"http:\/\/dsrmedios.com.ar\/diario\/wp-json\/wp\/v2\/posts"}],"about":[{"href":"http:\/\/dsrmedios.com.ar\/diario\/wp-json\/wp\/v2\/types\/post"}],"author":[{"embeddable":true,"href":"http:\/\/dsrmedios.com.ar\/diario\/wp-json\/wp\/v2\/users\/8"}],"replies":[{"embeddable":true,"href":"http:\/\/dsrmedios.com.ar\/diario\/wp-json\/wp\/v2\/comments?post=40897"}],"version-history":[{"count":1,"href":"http:\/\/dsrmedios.com.ar\/diario\/wp-json\/wp\/v2\/posts\/40897\/revisions"}],"predecessor-version":[{"id":40899,"href":"http:\/\/dsrmedios.com.ar\/diario\/wp-json\/wp\/v2\/posts\/40897\/revisions\/40899"}],"wp:featuredmedia":[{"embeddable":true,"href":"http:\/\/dsrmedios.com.ar\/diario\/wp-json\/wp\/v2\/media\/40898"}],"wp:attachment":[{"href":"http:\/\/dsrmedios.com.ar\/diario\/wp-json\/wp\/v2\/media?parent=40897"}],"wp:term":[{"taxonomy":"category","embeddable":true,"href":"http:\/\/dsrmedios.com.ar\/diario\/wp-json\/wp\/v2\/categories?post=40897"},{"taxonomy":"post_tag","embeddable":true,"href":"http:\/\/dsrmedios.com.ar\/diario\/wp-json\/wp\/v2\/tags?post=40897"}],"curies":[{"name":"wp","href":"https:\/\/api.w.org\/{rel}","templated":true}]}}