{"id":40887,"date":"2023-10-26T20:07:20","date_gmt":"2023-10-26T23:07:20","guid":{"rendered":"http:\/\/dsrmedios.com.ar\/diario\/?p=40887"},"modified":"2023-10-26T20:07:22","modified_gmt":"2023-10-26T23:07:22","slug":"causa-chocolate-la-justicia-rechazo-un-pedido-de-liberacion-y-el-puntero-del-pj-seguira-preso","status":"publish","type":"post","link":"http:\/\/dsrmedios.com.ar\/diario\/archivos\/40887","title":{"rendered":"Causa Chocolate: la Justicia rechaz\u00f3 un pedido de liberaci\u00f3n y el puntero del PJ seguir\u00e1 preso"},"content":{"rendered":"\n<p>La Sala III de la&nbsp;<a href=\"https:\/\/tn.com.ar\/politica\/2023\/09\/30\/arbitrariedad-manifiesta-duras-acusaciones-de-un-fiscal-contra-los-jueces-que-cerraron-la-causa-chocolate\/\" target=\"_blank\" rel=\"noreferrer noopener\"><strong>C\u00e1mara de Apelaciones y Garant\u00edas de La Plata<\/strong><\/a>, la misma que cerr\u00f3 la causa contra Julio \u201cChocolate\u201d Rigau, ahora&nbsp;<strong>rechaz\u00f3 su liberaci\u00f3n y el puntero del PJ seguir\u00e1 preso<\/strong>, vinculado a la causa de las tarjetas de la corrupci\u00f3n de la Legislatura bonaerense.<\/p>\n\n\n\n<p>La defensa de Rigau, integrada por los abogados Miguel \u00c1ngel Molina y Alfredo Gasc\u00f3n, hab\u00edan presentado un&nbsp;<strong>recurso de apelaci\u00f3n para exigir la libertad por falta de m\u00e9rito<\/strong>, despu\u00e9s de que el Juzgado de Garant\u00edas, a cargo de Guillermo Atencio, denegara excarcelar al imputado por m\u00faltiples defraudaciones.<\/p>\n\n\n\n<p>Los letrados alegaron que la decisi\u00f3n del Ministerio P\u00fablico Fiscal excedi\u00f3 el plazo que puede estar detenida una persona cuando todav\u00eda no se le pidi\u00f3 la prisi\u00f3n preventiva, ya que aseguran que Betina Lacki, titular de la UFI N\u00b02, \u201cno requiri\u00f3 una pr\u00f3rroga de detenci\u00f3n\u201d.<\/p>\n\n\n\n<p>\u201cJulio Rigau lleva 23 d\u00edas detenido sin que se haya pedido la pr\u00f3rroga de su detenci\u00f3n, ni su prisi\u00f3n preventiva, por lo que no existe m\u00e9rito en la presente causa para que contin\u00fae detenido\u201d, expresaron.<\/p>\n\n\n\n<p>En el documento al que accedi\u00f3&nbsp;<strong>TN<\/strong>, el presidente del \u00f3rgano judicial,&nbsp;<strong>Fernando Mateo, redact\u00f3 una extensa justificaci\u00f3n para rechazar el pedido&nbsp;<\/strong>y dijo que el fallo que orden\u00f3 reabrir la causa no implica que se dicte una nueva orden de arresto. \u201cLo sostenido por el juez no arroja ning\u00fan tipo de dudas,&nbsp;<strong>se reanuda la orden de detenci\u00f3n primigenia.<\/strong>&nbsp;No existe ni pedido de la Fiscal\u00eda que figure en sistema, ni nueva orden, ni interrupci\u00f3n alguna de plazos que permitan volver a contarlos\u201d, sostuvo.<\/p>\n\n\n\n<p>\u201cNo se trata de una orden distinta, por otro hecho penalmente relevante, por una materialidad, o calificaci\u00f3n diferente,&nbsp;<strong>se trata del mismo hecho y la misma decisi\u00f3n por el que fuera detenido el 9 de septiembre, ni m\u00e1s ni menos.&nbsp;<\/strong>La nulidad anulada, valga la redundancia, retrotrae jur\u00eddicamente los hechos al estado anterior, siendo entonces una sola detenci\u00f3n, y no dos, como pretende el juzgador\u201d, sentenci\u00f3.<\/p>\n\n\n\n<p>Por otro lado, el camarista<a href=\"https:\/\/tn.com.ar\/politica\/2023\/09\/30\/arbitrariedad-manifiesta-duras-acusaciones-de-un-fiscal-contra-los-jueces-que-cerraron-la-causa-chocolate\/\" target=\"_blank\" rel=\"noreferrer noopener\">&nbsp;<strong>Juan Alberto Benavides&nbsp;<\/strong><\/a><strong>replic\u00f3 los dichos de su colega<\/strong>, pero se abstuvo de emitir comentarios. Mientras que<a href=\"https:\/\/tn.com.ar\/politica\/2023\/09\/30\/arbitrariedad-manifiesta-duras-acusaciones-de-un-fiscal-contra-los-jueces-que-cerraron-la-causa-chocolate\/\" target=\"_blank\" rel=\"noreferrer noopener\"><strong>Alejandro Villordo<\/strong>&nbsp;no vot\u00f3.<\/a><\/p>\n\n\n\n<p>Por eso, este jueves,&nbsp;<strong>la Sala III de la C\u00e1mara penal<\/strong>&nbsp;de la capital bonaerense decidi\u00f3 no hacer lugar al planteo y \u201cChocolate\u201d deber\u00e1 permanecer tras las rejas mientras avanza la investigaci\u00f3n que est\u00e1 en plena etapa de recolecci\u00f3n de pruebas.<\/p>\n\n\n\n<h2>Pedido de juicio pol\u00edtico contra los jueces que cerraron la causa<\/h2>\n\n\n\n<p>Tanto Villordo como Benavides est\u00e1n en la mira, ya que en los \u00faltimos d\u00edas&nbsp;<strong>Julio Conte Grand pidi\u00f3 el juicio pol\u00edtico<\/strong>&nbsp;contra ambos&nbsp;<strong>por cerrar la causa<\/strong>&nbsp;contra Julio Rigau arbitrariamente.<\/p>\n\n\n\n<p>\u201cFrente su patente mal desempe\u00f1o y su grosero apartamiento del orden legal, el Procurador bonaerense denunci\u00f3 a los camaristasante la Secretar\u00eda Permanente del Jurado de Enjuiciamiento\u201d, se\u00f1alaron en un comunicado desde la Procuraci\u00f3n.<\/p>\n\n\n\n<p>Adem\u00e1s, explicaron que la denuncia analiza en profundidad \u201cla&nbsp;<strong>escandalosa decisi\u00f3n de los camaristas<\/strong>&nbsp;que, sin tener jurisdicci\u00f3n para hacerlo, admitieron y dieron curso a un recurso de habeas corpus y en ese marco&nbsp;<strong>declararon la nulidad de la actuaci\u00f3n policial contra Julio Rigau<\/strong>&nbsp;y todo lo actuado posteriormente en la causa, ordenando que fuera liberado y que le fueran restituidos el dinero secuestrado y las tarjetas bancarias (de las que no era titular)\u201d.<\/p>\n\n\n\n<figure class=\"wp-block-image\"><img decoding=\"async\" src=\"https:\/\/tn.com.ar\/resizer\/WX7QVK2neK2eZx1Rq2OV5zhXyrg=\/767x0\/smart\/filters:format(webp)\/cloudfront-us-east-1.images.arcpublishing.com\/artear\/UJJF4OKL64D4XZU3TCNTDNDEWI.jpg\" alt=\"Conte Grand pidi\u00f3 el jury contra los camaristas que cerraron la causa Chocolate. (Foto: Ministerio P\u00fablico)\"\/><figcaption class=\"wp-element-caption\">Conte Grand pidi\u00f3 el jury contra los camaristas que cerraron la causa Chocolate. (Foto: Ministerio P\u00fablico)<\/figcaption><\/figure>\n\n\n\n<p>El 18 de octubre,&nbsp;<strong>el procurador ofreci\u00f3 prueba<\/strong>&nbsp;y solicit\u00f3 al Jurado el apartamiento preventivo de los camaristas mientras se sustancie el proceso.<\/p>\n\n\n\n<p>Ahora, se deber\u00e1n sortear a seis legisladores abogados y seis conjueces para integrar el jurado que, presidido por el Presidente de la Suprema Corte de Justicia, decidir\u00e1 su destituci\u00f3n.<\/p>\n\n\n\n<h2>Los fundamentos detr\u00e1s del pedido de jury contra los camaristas que liberaron a Rigau<\/h2>\n\n\n\n<p>Para denunciar a los camaristas,&nbsp;<strong>Conte Grand tom\u00f3 el fallo del Tribunal de Casaci\u00f3n penal que pidi\u00f3 reabrir la causa<\/strong>&nbsp;y puso en manifiesto que&nbsp;<a href=\"https:\/\/tn.com.ar\/politica\/2023\/09\/30\/arbitrariedad-manifiesta-duras-acusaciones-de-un-fiscal-contra-los-jueces-que-cerraron-la-causa-chocolate\/\" target=\"_blank\" rel=\"noreferrer noopener\">tanto Villordo como Benav\u00eddez \u201cse hab\u00edan apartado de la ley\u201d<\/a>, beneficiando a Rigau cuando no era su competencia.<\/p>\n\n\n\n<p>\u201cEn efecto, los jueces Budi\u00f1o y Mancini entendieron que la resoluci\u00f3n de la C\u00e1mara deb\u00eda ser anulada por razones l\u00f3gicamente previas al an\u00e1lisis de su fundamentaci\u00f3n de los recursos de los apelantes, es decir, que no era necesario adentrarse en los fundamentos de la apelaci\u00f3n del fiscal general de La Plata ni del particular damnificado, porque la decisi\u00f3n de la los jueces Benav\u00eddez y Villordo era palmariamente nula\u201d, explic\u00f3 el procurador.<\/p>\n\n\n\n<figure class=\"wp-block-image\"><img decoding=\"async\" src=\"https:\/\/tn.com.ar\/resizer\/KICYwBKUJ3a1yZvbMtl0R6ya4EM=\/767x0\/smart\/filters:format(webp)\/cloudfront-us-east-1.images.arcpublishing.com\/artear\/ASREULNR7VFMBH7QZCF3CNLRV4.jpg\" alt=\"Benavides y Villordo, los jueces que liberaron a Rigau. (Foto: TN)\"\/><figcaption class=\"wp-element-caption\">Benavides y Villordo, los jueces que liberaron a Rigau. (Foto: TN)<\/figcaption><\/figure>\n\n\n\n<p>Desde Casaci\u00f3n destacaron que la C\u00e1mara \u201cactu\u00f3 por fuera de su jurisdicci\u00f3n, en tanto, seg\u00fan la ley procesal vigente, la orden de detenci\u00f3n dictada por el juez competente no resulta impugnable por v\u00eda de habeas corpus\u201d.<\/p>\n\n\n\n<p>Por ello, para Conte Grand \u201cla decisi\u00f3n de los jueces se apart\u00f3 abiertamente de las constancias objetivas de la causa. A trav\u00e9s de un razonamiento arbitrario -canalizado, adem\u00e1s, por una v\u00eda improcedente-, el decisorio termin\u00f3 por provocar un da\u00f1o de tal trascendencia que hiere gravemente a los poderes del Estado en general y a la administraci\u00f3n de justicia, en particular.\u201d<\/p>\n\n\n\n<p>Por otro lado, asegur\u00f3: \u201c<strong>La resoluci\u00f3n gener\u00f3 una gran conmoci\u00f3n en el tejido social, el que se enfrenta a una decisi\u00f3n que terminar\u00eda por invertir las responsabilidades<\/strong>, diluyendo aquella que potencialmente pod\u00eda caberle al detenido para, en definitiva, cargar las culpas sobre el accionar policial\u201d.<\/p>\n\n\n\n<p>\u201cA ra\u00edz de lo se\u00f1alado, no es osado considerar que, con su voto, los doctores Benavides y Villordo\u00a0<strong>han reforzado el estado de desconfianza social en la judicatura<\/strong>\u201d, concluy\u00f3.<\/p>\n\n\n\n<p>Fuente: Infobae<\/p>\n","protected":false},"excerpt":{"rendered":"<div class=\"mh-excerpt\"><p>La Sala III de la&nbsp;C\u00e1mara de Apelaciones y Garant\u00edas de La Plata, la misma que cerr\u00f3 la causa contra Julio \u201cChocolate\u201d Rigau, ahora&nbsp;rechaz\u00f3 su liberaci\u00f3n y el puntero del PJ seguir\u00e1 preso, vinculado a la causa de las tarjetas de la corrupci\u00f3n de la Legislatura bonaerense. La defensa de Rigau, integrada por los abogados Miguel \u00c1ngel Molina y Alfredo Gasc\u00f3n, hab\u00edan presentado un&nbsp;recurso de apelaci\u00f3n para exigir la libertad por falta de m\u00e9rito, despu\u00e9s de que el Juzgado de Garant\u00edas, a cargo de Guillermo Atencio, denegara excarcelar al imputado por m\u00faltiples defraudaciones. Los letrados alegaron que la decisi\u00f3n del Ministerio <a class=\"mh-excerpt-more\" href=\"http:\/\/dsrmedios.com.ar\/diario\/archivos\/40887\" title=\"Causa Chocolate: la Justicia rechaz\u00f3 un pedido de liberaci\u00f3n y el puntero del PJ seguir\u00e1 preso\">[Leer m\u00e1s]<\/a><\/p>\n<\/div>","protected":false},"author":8,"featured_media":40888,"comment_status":"open","ping_status":"closed","sticky":false,"template":"","format":"standard","meta":{"_jetpack_newsletter_access":""},"categories":[6],"tags":[],"jetpack_featured_media_url":"http:\/\/dsrmedios.com.ar\/diario\/wp-content\/uploads\/2023\/10\/rigau-se-presento-junto-su-abogado-y-tambien-una-nota-la-cual-solicito-su-eximicion-prision.webp","jetpack_sharing_enabled":true,"jetpack_shortlink":"https:\/\/wp.me\/p9fihK-aDt","_links":{"self":[{"href":"http:\/\/dsrmedios.com.ar\/diario\/wp-json\/wp\/v2\/posts\/40887"}],"collection":[{"href":"http:\/\/dsrmedios.com.ar\/diario\/wp-json\/wp\/v2\/posts"}],"about":[{"href":"http:\/\/dsrmedios.com.ar\/diario\/wp-json\/wp\/v2\/types\/post"}],"author":[{"embeddable":true,"href":"http:\/\/dsrmedios.com.ar\/diario\/wp-json\/wp\/v2\/users\/8"}],"replies":[{"embeddable":true,"href":"http:\/\/dsrmedios.com.ar\/diario\/wp-json\/wp\/v2\/comments?post=40887"}],"version-history":[{"count":1,"href":"http:\/\/dsrmedios.com.ar\/diario\/wp-json\/wp\/v2\/posts\/40887\/revisions"}],"predecessor-version":[{"id":40889,"href":"http:\/\/dsrmedios.com.ar\/diario\/wp-json\/wp\/v2\/posts\/40887\/revisions\/40889"}],"wp:featuredmedia":[{"embeddable":true,"href":"http:\/\/dsrmedios.com.ar\/diario\/wp-json\/wp\/v2\/media\/40888"}],"wp:attachment":[{"href":"http:\/\/dsrmedios.com.ar\/diario\/wp-json\/wp\/v2\/media?parent=40887"}],"wp:term":[{"taxonomy":"category","embeddable":true,"href":"http:\/\/dsrmedios.com.ar\/diario\/wp-json\/wp\/v2\/categories?post=40887"},{"taxonomy":"post_tag","embeddable":true,"href":"http:\/\/dsrmedios.com.ar\/diario\/wp-json\/wp\/v2\/tags?post=40887"}],"curies":[{"name":"wp","href":"https:\/\/api.w.org\/{rel}","templated":true}]}}