{"id":40884,"date":"2023-10-26T20:02:51","date_gmt":"2023-10-26T23:02:51","guid":{"rendered":"http:\/\/dsrmedios.com.ar\/diario\/?p=40884"},"modified":"2023-10-26T20:02:53","modified_gmt":"2023-10-26T23:02:53","slug":"los-salarios-subieron-76-en-agosto-y-quedaron-casi-cinco-puntos-por-debajo-de-la-inflacion","status":"publish","type":"post","link":"http:\/\/dsrmedios.com.ar\/diario\/archivos\/40884","title":{"rendered":"Los salarios subieron 7,6% en agosto y quedaron casi cinco puntos por debajo de la inflaci\u00f3n"},"content":{"rendered":"\n<p>El&nbsp;<strong>INDEC&nbsp;<\/strong>difundi\u00f3 el<strong>&nbsp;\u00edndice de&nbsp;<\/strong><a href=\"https:\/\/tn.com.ar\/economia\/2023\/07\/13\/el-salario-minimo-pasara-a-ser-de-105500-en-julio-y-llegara-a-118000-en-septiembre\/\"><strong>salarios&nbsp;<\/strong><\/a><strong>de agosto,&nbsp;<\/strong>que mostr\u00f3 que las remuneraciones promedio de los trabajadores<strong>&nbsp;crecieron 7,6%&nbsp;<\/strong>aunque quedaron 4,8 puntos porcentuales por&nbsp;<strong>debajo de la&nbsp;<\/strong><a href=\"https:\/\/tn.com.ar\/economia\/2023\/09\/13\/la-inflacion-de-agosto-fue-de-124-la-mas-alta-de-los-ultimos-32-anos\/\" target=\"_blank\" rel=\"noreferrer noopener\"><strong>inflaci\u00f3n<\/strong><\/a>del mismo per\u00edodo, que alcanz\u00f3 el&nbsp;<strong>12,4%.<\/strong><\/p>\n\n\n\n<p>En el octavo mes del a\u00f1o, la variaci\u00f3n respecto al mes anterior fue de 3,4 puntos porcentuales. En tanto, la variaci\u00f3n anual fue del<strong>\u00a0121,8%\u00a0<\/strong>y acumul\u00f3<strong>\u00a075,9%\u00a0<\/strong>en lo que va del a\u00f1o.<\/p>\n\n\n\n<p>El crecimiento mensual se debe a los aumentos de 8,3% en el sector<strong>&nbsp;privado registrado,&nbsp;<\/strong>de 6% en el&nbsp;<strong>sector p\u00fablico<\/strong>&nbsp;y de 8,5% en el sector&nbsp;<strong>privado no registrado.<\/strong><\/p>\n\n\n\n<p>Seg\u00fan indic\u00f3 el organismo, el sector privado registrado obtuvo un incremento acumulado del&nbsp;<strong>76,8%<\/strong>&nbsp;en el promedio de los sueldos de los trabajadores entre enero y agosto, y mostr\u00f3 una variaci\u00f3n&nbsp;<strong>interanual&nbsp;<\/strong>del&nbsp;<strong>121,1%<\/strong>.<\/p>\n\n\n\n<figure class=\"wp-block-image\"><img decoding=\"async\" src=\"https:\/\/tn.com.ar\/resizer\/2jNdUgy1r9kLNS_wGze01R18eTk=\/767x0\/smart\/filters:format(webp)\/cloudfront-us-east-1.images.arcpublishing.com\/artear\/6ZJX7M7JDVF7DAFUGMAXQ35IMA.png\" alt=\"El \u00cdndice de Salarios que difundi\u00f3 este jueves el INDEC. (Foto: INDEC).\"\/><figcaption class=\"wp-element-caption\">El \u00cdndice de Salarios que difundi\u00f3 este jueves el INDEC. (Foto: INDEC).<\/figcaption><\/figure>\n\n\n\n<p>Por su parte, el sector\u00a0<strong>p\u00fablico\u00a0<\/strong>registr\u00f3 en agosto una acumulada del<strong>\u00a080,4%\u00a0<\/strong>y un incremento anualizado del\u00a0<strong>137,7%.\u00a0<\/strong>En tanto que los ingresos de los empleados\u00a0<strong>no registrados<\/strong>\u00a0fue del\u00a0<strong>63,8%<\/strong>\u00a0en los primeros ocho meses del a\u00f1o y llegaron a una variaci\u00f3n interanual del\u00a0<strong>95,1%.<\/strong><\/p>\n\n\n\n<h2>Los salarios quedaron muy por debajo de la inflaci\u00f3n<\/h2>\n\n\n\n<p>Mientras los salarios crecieron en agosto un 7,6%, la inflaci\u00f3n para el mismo per\u00edodo fue casi cinco puntos por encima. De acuerdo al dato de INDEC, el \u00cdndice de Precios al Consumidor (IPC) fue del&nbsp;<strong>12,4%.<\/strong><\/p>\n\n\n\n<p>El IPC<strong>&nbsp;acumul\u00f3 un 80,2%&nbsp;<\/strong>en el octavo mes,4,3 puntos porcentuales menos que el aumento acumulado de salarios. En tanto que en la medici\u00f3n interanual se ubic\u00f3 en el<strong>&nbsp;124,4%.<\/strong><\/p>\n\n\n\n<figure class=\"wp-block-image\"><img decoding=\"async\" src=\"https:\/\/tn.com.ar\/resizer\/ss-RhX04qI4aClAuKOyMyl60UsA=\/767x0\/smart\/filters:format(webp)\/cloudfront-us-east-1.images.arcpublishing.com\/artear\/KDXKGQDG2BEXHB2MSTQUJBO4ZA.jpg\" alt=\"(Foto: Agustina Rib\u00f3 \/ TN)\"\/><figcaption class=\"wp-element-caption\">(Foto: Agustina Rib\u00f3 \/ TN)<\/figcaption><\/figure>\n\n\n\n<p>Hay que tener en cuenta que la inflaci\u00f3n de agosto -la m\u00e1s alta en 21 a\u00f1os- estuvo marcada por la<a href=\"https:\/\/tn.com.ar\/economia\/2023\/08\/14\/con-un-cambio-de-estrategia-el-bcra-acelero-la-devaluacion-para-minimizar-los-saltos-cambiarios-hasta-octubre\/\" target=\"_blank\" rel=\"noreferrer noopener\">&nbsp;devaluaci\u00f3n que dispuso el Gobierno<\/a>&nbsp;tras los resultados de las PASO.<\/p>\n\n\n\n<p>En ese sentido, para intentar contrarrestar el impacto de la medida, el ministro de Econom\u00eda, Sergio Massa, otorg\u00f3&nbsp;<strong>una serie de bonos y refuerzos&nbsp;<\/strong>para los sectores m\u00e1s golpeados, como jubilados y pensionados, trabajadores, monotributistas y beneficiarios de programas sociales.<\/p>\n\n\n\n<p>\u201cEn agosto los salarios exhibieron una fuerte ca\u00edda, la m\u00e1s profunda en lo que va del a\u00f1o. Mientras que los trabajadores del sector p\u00fablico presentaron la mayor contracci\u00f3n mensual (-5,7% real), los trabajadores no registrados y registrados del sector privado presentaron una baja en sus ingresos de 3,5% y 3,7% mensual real\u201d, analiz\u00f3 LCG. Y agreg\u00f3: \u201cRespecto a un a\u00f1o atr\u00e1s, los \u00fanicos salarios que se mantuvieron en terreno positivo fueron los del sector p\u00fablico (+6%)\u201d.<\/p>\n\n\n\n<p>\u201cCon el dato de agosto, en lo que va del a\u00f1o los salarios exhiben una ca\u00edda del poder adquisitivo del orden del 0,3% por mes, revirtiendo el valor promedio hasta julio (+0,3% mensual). No obstante, como es de esperarse, al interior continu\u00f3 destac\u00e1ndose la an\u00e9mica din\u00e1mica de los salarios informales, donde los trabajadores no registrados marcan una ca\u00edda en promedio del 1,2% real por mes (consistente con un ritmo del -13% anualizado)\u201d, complet\u00f3 la consultora.<\/p>\n\n\n\n<p>Fuente: TN<\/p>\n","protected":false},"excerpt":{"rendered":"<div class=\"mh-excerpt\"><p>El&nbsp;INDEC&nbsp;difundi\u00f3 el&nbsp;\u00edndice de&nbsp;salarios&nbsp;de agosto,&nbsp;que mostr\u00f3 que las remuneraciones promedio de los trabajadores&nbsp;crecieron 7,6%&nbsp;aunque quedaron 4,8 puntos porcentuales por&nbsp;debajo de la&nbsp;inflaci\u00f3ndel mismo per\u00edodo, que alcanz\u00f3 el&nbsp;12,4%. En el octavo mes del a\u00f1o, la variaci\u00f3n respecto al mes anterior fue de 3,4 puntos porcentuales. En tanto, la variaci\u00f3n anual fue del\u00a0121,8%\u00a0y acumul\u00f3\u00a075,9%\u00a0en lo que va del a\u00f1o. El crecimiento mensual se debe a los aumentos de 8,3% en el sector&nbsp;privado registrado,&nbsp;de 6% en el&nbsp;sector p\u00fablico&nbsp;y de 8,5% en el sector&nbsp;privado no registrado. Seg\u00fan indic\u00f3 el organismo, el sector privado registrado obtuvo un incremento acumulado del&nbsp;76,8%&nbsp;en el promedio de los sueldos de los <a class=\"mh-excerpt-more\" href=\"http:\/\/dsrmedios.com.ar\/diario\/archivos\/40884\" title=\"Los salarios subieron 7,6% en agosto y quedaron casi cinco puntos por debajo de la inflaci\u00f3n\">[Leer m\u00e1s]<\/a><\/p>\n<\/div>","protected":false},"author":8,"featured_media":40885,"comment_status":"open","ping_status":"closed","sticky":false,"template":"","format":"standard","meta":{"_jetpack_newsletter_access":""},"categories":[6],"tags":[],"jetpack_featured_media_url":"http:\/\/dsrmedios.com.ar\/diario\/wp-content\/uploads\/2023\/10\/6TDYBYJ3NRGL3OWR63KEE5HMYA.webp","jetpack_sharing_enabled":true,"jetpack_shortlink":"https:\/\/wp.me\/p9fihK-aDq","_links":{"self":[{"href":"http:\/\/dsrmedios.com.ar\/diario\/wp-json\/wp\/v2\/posts\/40884"}],"collection":[{"href":"http:\/\/dsrmedios.com.ar\/diario\/wp-json\/wp\/v2\/posts"}],"about":[{"href":"http:\/\/dsrmedios.com.ar\/diario\/wp-json\/wp\/v2\/types\/post"}],"author":[{"embeddable":true,"href":"http:\/\/dsrmedios.com.ar\/diario\/wp-json\/wp\/v2\/users\/8"}],"replies":[{"embeddable":true,"href":"http:\/\/dsrmedios.com.ar\/diario\/wp-json\/wp\/v2\/comments?post=40884"}],"version-history":[{"count":1,"href":"http:\/\/dsrmedios.com.ar\/diario\/wp-json\/wp\/v2\/posts\/40884\/revisions"}],"predecessor-version":[{"id":40886,"href":"http:\/\/dsrmedios.com.ar\/diario\/wp-json\/wp\/v2\/posts\/40884\/revisions\/40886"}],"wp:featuredmedia":[{"embeddable":true,"href":"http:\/\/dsrmedios.com.ar\/diario\/wp-json\/wp\/v2\/media\/40885"}],"wp:attachment":[{"href":"http:\/\/dsrmedios.com.ar\/diario\/wp-json\/wp\/v2\/media?parent=40884"}],"wp:term":[{"taxonomy":"category","embeddable":true,"href":"http:\/\/dsrmedios.com.ar\/diario\/wp-json\/wp\/v2\/categories?post=40884"},{"taxonomy":"post_tag","embeddable":true,"href":"http:\/\/dsrmedios.com.ar\/diario\/wp-json\/wp\/v2\/tags?post=40884"}],"curies":[{"name":"wp","href":"https:\/\/api.w.org\/{rel}","templated":true}]}}