{"id":40877,"date":"2023-10-26T19:20:44","date_gmt":"2023-10-26T22:20:44","guid":{"rendered":"http:\/\/dsrmedios.com.ar\/diario\/?p=40877"},"modified":"2023-10-26T19:20:47","modified_gmt":"2023-10-26T22:20:47","slug":"extienden-hasta-fin-de-ano-beneficios-fiscales-para-empresas-que-se-sumen-a-precios-justos","status":"publish","type":"post","link":"http:\/\/dsrmedios.com.ar\/diario\/archivos\/40877","title":{"rendered":"Extienden hasta fin de a\u00f1o beneficios fiscales para empresas que se sumen a Precios Justos"},"content":{"rendered":"\n<p>El Gobierno prorrog\u00f3 hasta fin de a\u00f1o los beneficios fiscales para las empresas que forman parte de acuerdos de precios suscriptos con la Secretar\u00eda de Comercio, a trav\u00e9s del&nbsp;<strong>decreto 551\/2023<\/strong>&nbsp;publicado en el Bolet\u00edn Oficial.<\/p>\n\n\n\n<p>La medida es un paso previo para avanzar en la extensi\u00f3n del programa Precios Justos tambi\u00e9n hasta fin de a\u00f1o, cuyas&nbsp;<a href=\"https:\/\/www.telam.com.ar\/notas\/202310\/644459-reuniones-extender-60-dias-programa-precios-justos.html\" target=\"_blank\" rel=\"noreferrer noopener\">rondas de negociaci\u00f3n<\/a>&nbsp;comenzar\u00e1n este jueves.<\/p>\n\n\n\n<p>Entre otros puntos,<strong>&nbsp;se extendi\u00f3 la suspensi\u00f3n el pago de impuestos para la compra de divisas en moneda extranjera&nbsp;<\/strong>para la importaci\u00f3n y la&nbsp;<strong>reducci\u00f3n a 0% la al\u00edcuota de retenciones para mercader\u00edas comprendidas en una serie de posiciones arancelarias del Mercosur<\/strong>.<\/p>\n\n\n\n<blockquote class=\"wp-block-quote\">\n<p>Estos beneficios fiscales, que rigen para las empresas que suscriban o renueven acuerdos, comenzaron a regir a fines de agosto y se extend\u00edan inicialmente hasta el 31 de octubre.<\/p>\n<\/blockquote>\n\n\n\n<p>Es decir, las firmas, como contrapartida a la hora de acceder a los acuerdos, no tienen que pagar la percepci\u00f3n y el pago a cuenta del impuesto a las<strong>&nbsp;Ganancias<\/strong>&nbsp;y de&nbsp;<strong>Bienes Personales<\/strong>&nbsp;sobre las operaciones alcanzadas por el impuesto PA\u00cdS para esos bienes.<\/p>\n\n\n\n<p>Estos beneficios fiscales, que rigen para las empresas que suscriban o renueven acuerdos de precios, comenzaron a regir a fines de agosto y se extend\u00edan inicialmente hasta el 31 de octubre, la misma fecha de vencimiento de Precios Justos.<\/p>\n\n\n\n<p><strong>El decreto los extiende hasta el 31 de diciembre<\/strong>, dado que \u201cpersisten los acontecimientos econ\u00f3micos-financieros que afrontan el pa\u00eds\u201d que enmarcaron la medida en su momento, indican los considerandos.<\/p>\n\n\n\n<p>De esta forma, se busca \u201ccontinuar con la aplicaci\u00f3n de aquellas pol\u00edticas que tienden a brindar soluciones apropiadas para amortiguar el impacto de dichos acontecimientos en el \u00e1mbito social, econ\u00f3mico y productivo\u201d.<\/p>\n\n\n\n<p>La pr\u00f3rroga de estos beneficios se da en paralelo al inicio de las reuniones para extender por 60 d\u00edas la pauta de aumento de 5% mensual en el programa Precios Justos.<\/p>\n\n\n\n<figure class=\"wp-block-image\"><a href=\"javascript:void(0);\"><img decoding=\"async\" src=\"https:\/\/www.telam.com.ar\/thumbs\/bluesteel\/advf\/imagenes\/2023\/05\/64720dc76fc7e_1200.jpg\" alt=\"La prrroga de estos beneficios se da en paralelo al inicio de las reuniones para extender por 60 das la pauta de aumento de 5 mensual en el programa Precios Justos Foto Prensa\"\/><\/a><figcaption class=\"wp-element-caption\">La pr\u00f3rroga de estos beneficios se da en paralelo al inicio de las reuniones para extender por 60 d\u00edas la pauta de aumento de 5% mensual en el programa Precios Justos \/ Foto: Prensa.<\/figcaption><\/figure>\n\n\n\n<p>Los encuentros, que iniciar\u00e1 este jueves el Gobierno, buscan darle&nbsp;<strong>continuidad hasta fin de a\u00f1o al programa que incluye a m\u00e1s de 52.300 productos de m\u00e1s de 340 empresas&nbsp;<\/strong>y que comprende los rubros de consumo masivo, insumos difundidos, combustibles, medicamentos, calzado, indumentaria, l\u00ednea blanca, motos, electrodom\u00e9sticos y celulares y cadenas de supermercados y mayoristas.<\/p>\n\n\n\n<p>En ese marco, la&nbsp;<strong>Resoluci\u00f3n 1876\/2023<\/strong>&nbsp;de la Secretar\u00eda de Comercio, tambi\u00e9n publicada en el Bolet\u00edn Oficial, establece que las empresas que hayan suscripto acuerdos bajo Precios Justos podr\u00e1n prestar conformidad con la pr\u00f3rroga del programa hasta el 31 de diciembre mediante una nota, a trav\u00e9s de la plataforma<strong>&nbsp;Tr\u00e1mites a Distancia<\/strong>&nbsp;(TAD) del Sistema de Gesti\u00f3n Documental Electr\u00f3nica (GDE).<\/p>\n\n\n\n<p>Adem\u00e1s de la reducci\u00f3n al 0% de las retenciones para exportaciones, las empresas que adhieren a los acuerdos poseen un r\u00e9gimen especial de facilidades de pago para que cancelen los derechos a la exportaci\u00f3n previos.<\/p>\n\n\n\n<p><strong>Este plan de pagos tendr\u00e1 seis cuotas mensuales, que correr\u00e1n desde marzo del a\u00f1o pr\u00f3ximo, y se aplicar\u00e1 la tasa de inter\u00e9s resarcitoria, que actualmente se ubica en 5,91% mensual.<\/strong><\/p>\n\n\n\n<p><br>Finalmente, como parte del paquete de beneficios, se les ofreci\u00f3 a las pymes proveedoras de los supermercados un\u00a0<strong>esquema de cr\u00e9ditos a tasas subsidiadas<\/strong>\u00a0y se les prorrog\u00f3 a las empresas los vencimientos del<strong>\u00a0Impuesto al Valor Agregado<\/strong>\u00a0(IVA) y de las\u00a0<strong>contribuciones de seguridad social<\/strong>\u00a0de agosto, septiembre y octubre, hasta el 7 y 20 de marzo del a\u00f1o pr\u00f3ximo, respectivamente.<\/p>\n\n\n\n<p>Las empresas que hayan adherido a acuerdos de precios y quieran acceder a los beneficios, deber\u00e1n remitir su informaci\u00f3n a trav\u00e9s del servicio<strong>&nbsp;Sistema Registral de la web de AFIP<\/strong>.<\/p>\n\n\n\n<p>La Secretar\u00eda de Comercio, luego, le remitir\u00e1 a la AFIP la n\u00f3mina de quienes pueden acceder a este esquema, inform\u00e1ndole las CUIT de cada firma, y el plazo de vigencia del acuerdo.<\/p>\n\n\n\n<p>Todos estos beneficios fiscales son \u00fanicamente para las empresas que accedan al acuerdo y cumplan con el tope de aumentos de precios establecido.<\/p>\n\n\n\n<p>Seg\u00fan la reglamentaci\u00f3n,<strong>&nbsp;aquellas empresas que incrementen por encima de ese techo ser\u00e1n sancionadas y se les quitar\u00e1n estas prerrogativas<\/strong>.<\/p>\n\n\n\n<blockquote class=\"wp-block-quote\">\n<p>La pr\u00f3rroga de estos beneficios se da en paralelo al inicio de las reuniones para extender por 60 d\u00edas la pauta de aumento de 5% mensual en el programa Precios Justos.<\/p>\n<\/blockquote>\n\n\n\n<p>Por su parte, la firma GDN, propietaria de los supermercados Changomas, lanz\u00f3 una&nbsp;<strong>\u201ccanasta protegida\u201d que incluye 119 productos&nbsp;<\/strong>\u201cal precio m\u00e1s bajo de toda la cadena de supermercados\u201d de m\u00e1s 40 categor\u00edas b\u00e1sicas de almac\u00e9n, frescos, bebidas, higiene y perfumer\u00eda, entre los que se destacan: aceite, l\u00e1cteos, harina, yerba, caf\u00e9, pa\u00f1ales, lavandina, limpiadores, entre otras.<\/p>\n\n\n\n<p>Seg\u00fan se inform\u00f3 en un comunicado, todos los productos de esta canasta se encuentran se\u00f1alizados en g\u00f3ndola con etiquetas y carteler\u00eda especial para facilitar su identificaci\u00f3n.<\/p>\n\n\n\n<p>\u201cSomos conscientes de lo dif\u00edcil y desafiante del momento que estamos atravesando, por eso venimos trabajando hace meses para poder ofrecer una alternativa amplia al mejor precio posible que facilite el acceso a productos realmente b\u00e1sicos, a la vez que permita establecer un precio de referencia\u201d, sostuvo el gerente general de GDN, Mart\u00edn Lemos.<\/p>\n\n\n\n<p>Fuente: telam<\/p>\n","protected":false},"excerpt":{"rendered":"<div class=\"mh-excerpt\"><p>El Gobierno prorrog\u00f3 hasta fin de a\u00f1o los beneficios fiscales para las empresas que forman parte de acuerdos de precios suscriptos con la Secretar\u00eda de Comercio, a trav\u00e9s del&nbsp;decreto 551\/2023&nbsp;publicado en el Bolet\u00edn Oficial. La medida es un paso previo para avanzar en la extensi\u00f3n del programa Precios Justos tambi\u00e9n hasta fin de a\u00f1o, cuyas&nbsp;rondas de negociaci\u00f3n&nbsp;comenzar\u00e1n este jueves. Entre otros puntos,&nbsp;se extendi\u00f3 la suspensi\u00f3n el pago de impuestos para la compra de divisas en moneda extranjera&nbsp;para la importaci\u00f3n y la&nbsp;reducci\u00f3n a 0% la al\u00edcuota de retenciones para mercader\u00edas comprendidas en una serie de posiciones arancelarias del Mercosur. Estos beneficios <a class=\"mh-excerpt-more\" href=\"http:\/\/dsrmedios.com.ar\/diario\/archivos\/40877\" title=\"Extienden hasta fin de a\u00f1o beneficios fiscales para empresas que se sumen a Precios Justos\">[Leer m\u00e1s]<\/a><\/p>\n<\/div>","protected":false},"author":8,"featured_media":17330,"comment_status":"open","ping_status":"closed","sticky":false,"template":"","format":"standard","meta":{"_jetpack_newsletter_access":""},"categories":[6],"tags":[],"jetpack_featured_media_url":"http:\/\/dsrmedios.com.ar\/diario\/wp-content\/uploads\/2020\/02\/precioscuidados.jpg","jetpack_sharing_enabled":true,"jetpack_shortlink":"https:\/\/wp.me\/p9fihK-aDj","_links":{"self":[{"href":"http:\/\/dsrmedios.com.ar\/diario\/wp-json\/wp\/v2\/posts\/40877"}],"collection":[{"href":"http:\/\/dsrmedios.com.ar\/diario\/wp-json\/wp\/v2\/posts"}],"about":[{"href":"http:\/\/dsrmedios.com.ar\/diario\/wp-json\/wp\/v2\/types\/post"}],"author":[{"embeddable":true,"href":"http:\/\/dsrmedios.com.ar\/diario\/wp-json\/wp\/v2\/users\/8"}],"replies":[{"embeddable":true,"href":"http:\/\/dsrmedios.com.ar\/diario\/wp-json\/wp\/v2\/comments?post=40877"}],"version-history":[{"count":1,"href":"http:\/\/dsrmedios.com.ar\/diario\/wp-json\/wp\/v2\/posts\/40877\/revisions"}],"predecessor-version":[{"id":40879,"href":"http:\/\/dsrmedios.com.ar\/diario\/wp-json\/wp\/v2\/posts\/40877\/revisions\/40879"}],"wp:featuredmedia":[{"embeddable":true,"href":"http:\/\/dsrmedios.com.ar\/diario\/wp-json\/wp\/v2\/media\/17330"}],"wp:attachment":[{"href":"http:\/\/dsrmedios.com.ar\/diario\/wp-json\/wp\/v2\/media?parent=40877"}],"wp:term":[{"taxonomy":"category","embeddable":true,"href":"http:\/\/dsrmedios.com.ar\/diario\/wp-json\/wp\/v2\/categories?post=40877"},{"taxonomy":"post_tag","embeddable":true,"href":"http:\/\/dsrmedios.com.ar\/diario\/wp-json\/wp\/v2\/tags?post=40877"}],"curies":[{"name":"wp","href":"https:\/\/api.w.org\/{rel}","templated":true}]}}