{"id":40872,"date":"2023-10-26T19:19:43","date_gmt":"2023-10-26T22:19:43","guid":{"rendered":"http:\/\/dsrmedios.com.ar\/diario\/?p=40872"},"modified":"2023-10-26T19:19:46","modified_gmt":"2023-10-26T22:19:46","slug":"massa-rechazo-los-acuerdos-de-cupulas-de-partidos-y-llamo-a-un-gobierno-de-unidad","status":"publish","type":"post","link":"http:\/\/dsrmedios.com.ar\/diario\/archivos\/40872","title":{"rendered":"Massa rechaz\u00f3 &#8220;los acuerdos de c\u00fapulas&#8221; de partidos y llam\u00f3 a un &#8220;gobierno de unidad&#8221;"},"content":{"rendered":"\n<p>El ministro de Econom\u00eda y candidato presidencial de Uni\u00f3n por la Patria (UxP), Sergio Massa, ratific\u00f3 este jueves el compromiso de &#8220;construir un gobierno de unidad nacional convocando a los mejores&#8221; y pidi\u00f3&nbsp;<strong>&#8220;no caer en la trampa de las discusiones de acuerdos de c\u00fapulas de partidos&#8221;.<\/strong><\/p>\n\n\n\n<p>&#8220;Nuestra responsabilidad es construir un gobierno de unidad nacional, no cayendo en la trampa de las discusiones de acuerdos de c\u00fapulas de partidos, sino entendiendo que la responsabilidad a partir del 10 de diciembre es&nbsp;<strong>elegir a los mejores de cada una de las fuerzas econ\u00f3mica, social, pol\u00edtica de la Argentina<\/strong>&#8220;, indic\u00f3 Massa.<\/p>\n\n\n\n<p>As\u00ed se manifest\u00f3 el candidato del oficialismo despu\u00e9s de la&nbsp;<strong>reuni\u00f3n que mantuvo con 19 gobernadores<\/strong>&nbsp;de distintos espacios en la sede porte\u00f1a del Consejo Federal de Inversiones (CFI), donde los mandatarios&nbsp;<strong>le expresaron su respaldo para el balotaje del 19 de noviembre<\/strong>&nbsp;contra el postulante de La Libertad Avanza (LLA), Javier Milei.<\/p>\n\n\n\n<figure class=\"wp-block-image\"><a href=\"javascript:void(0);\"><img decoding=\"async\" src=\"https:\/\/www.telam.com.ar\/thumbs\/bluesteel\/advf\/imagenes\/2023\/10\/653ad45829b95_1200.jpg\" alt=\"Foto Pablo Aeli\"\/><\/a><figcaption class=\"wp-element-caption\">Foto: Pablo A\u00f1eli<\/figcaption><\/figure>\n\n\n\n<p>En conferencia de prensa tras el encuentro, Massa reiter\u00f3 que &#8220;<strong>no hace distinci\u00f3n de fuerzas pol\u00edticas<\/strong>&#8221; y convoc\u00f3 a&nbsp;<strong>&#8220;todo argentino que se considere un hombre de bien<\/strong>&nbsp;y tenga ganas de que nuestro pa\u00eds se inserte entre los pa\u00edses en desarrollo del mundo, el 10 de diciembre pueda ser parte de esa construcci\u00f3n&#8221;.<\/p>\n\n\n\n<p>En esa l\u00ednea, insisti\u00f3&nbsp;en que no har\u00e1 &#8220;diferencias por partidos porque esa es una discusi\u00f3n vieja&#8221; y Argentina&nbsp;<strong>&#8220;empieza una nueva etapa<\/strong>&#8220;.<\/p>\n\n\n\n<p>Tambi\u00e9n reiter\u00f3 que &#8220;la educaci\u00f3n es la mejor herramienta contra la pobreza&#8221; y que &#8220;no puede ser paga&#8221;, como propon\u00eda LLA.<\/p>\n\n\n\n<p>&#8220;Queremos que Argentina siga siendo ese pa\u00eds que, en alg\u00fan momento, a partir de la decisi\u00f3n de (Domingo Faustino) Sarmiento, nos llev\u00f3 a tener la escuela como un formador de capital humano&#8221;, expres\u00f3 Massa.<\/p>\n\n\n\n<figure class=\"wp-block-image\"><a href=\"javascript:void(0);\"><img decoding=\"async\" src=\"https:\/\/www.telam.com.ar\/thumbs\/bluesteel\/advf\/imagenes\/2023\/10\/653ad457d211c_1200.jpg\" alt=\"Foto Pablo Aeli\"\/><\/a><figcaption class=\"wp-element-caption\">Foto: Pablo A\u00f1eli<\/figcaption><\/figure>\n\n\n\n<p>En el documento emitido tras la reuni\u00f3n, los gobernadores&nbsp; resaltaron los<strong>&nbsp;&#8220;desaf\u00edos de magnitud&#8221;<\/strong>&nbsp;que afronta el pa\u00eds y que&nbsp;<strong>&#8220;s\u00f3lo pueden ser resueltos por un l\u00edder pol\u00edtico con experiencia&#8221;.<\/strong><\/p>\n\n\n\n<figure class=\"wp-block-image\"><a href=\"javascript:void(0);\"><img decoding=\"async\" src=\"https:\/\/www.telam.com.ar\/thumbs\/bluesteel\/advf\/imagenes\/2023\/10\/653ab04b86589_1200.jpg\" alt=\"Massa en la foto de familia junto a los gobernadores Foto Prensa\"\/><\/a><figcaption class=\"wp-element-caption\">Massa, en la foto de familia junto a los gobernadores \/ Foto: Prensa<\/figcaption><\/figure>\n\n\n\n<p>Tambi\u00e9n destacaron que Massa<strong>&nbsp;&#8220;ha manifestado voluntad de terminar con la grieta&#8221;&nbsp;<\/strong>para promover un Gobierno de &#8220;unidad nacional&#8221;.<\/p>\n\n\n\n<p>En el encuentro se analiz\u00f3 tambi\u00e9n un plan de obras, el an\u00e1lisis de distintos programas de gobierno y econ\u00f3micos y la marcha de la campa\u00f1a electoral.<\/p>\n\n\n\n<p>El gobernador bonaerense,&nbsp;<strong>Axel Kicillof<\/strong>, calific\u00f3 a la reuni\u00f3n como &#8220;<strong>excelente<\/strong>&#8221; y se\u00f1al\u00f3 que uno de los temas principales fue<strong>&nbsp;la coparticipaci\u00f3n<\/strong>, ante la propuesta del candidato de La Libertad Avanza (LLA), Javier Milei, de remover esa distribuci\u00f3n de fondos.<\/p>\n\n\n\n<p><strong>&#8220;La idea de Milei de sacar la coparticipaci\u00f3n tiene muy preocupados no s\u00f3lo a los gobernadores sino a los pueblos y las provincias&#8221;<\/strong>, expuso Kicillof, y contrapuso que Massa &#8220;tiene la idea contraria&#8221; y busca que el pa\u00eds &#8220;sea todav\u00eda m\u00e1s federal&#8221;, a partir de &#8220;reconocer las dificultades en infraestructura&#8221;.<\/p>\n\n\n\n<figure class=\"wp-block-image\"><a href=\"javascript:void(0);\"><img decoding=\"async\" src=\"https:\/\/www.telam.com.ar\/thumbs\/bluesteel\/advf\/imagenes\/2023\/10\/653ac98c6b947_1200.jpg\" alt=\"Axel Kicillof Foto Vctor Carreira\"\/><\/a><figcaption class=\"wp-element-caption\">Axel Kicillof \/ Foto: V\u00edctor Carreira<\/figcaption><\/figure>\n\n\n\n<p>Acompa\u00f1ado por el ministro del Interior,&nbsp;<strong>Eduardo &#8220;Wado&#8221; de Pedro<\/strong>, y por su compa\u00f1ero de f\u00f3rmula,&nbsp;<strong>Agust\u00edn Rossi,<\/strong>&nbsp;Massa brind\u00f3 detalles sobre el programa &#8220;Ciudades seguras&#8221; y la necesidad de un nuevo pacto fiscal, adem\u00e1s de exponer sobre la ampliaci\u00f3n de la red ferroviaria, la simplificaci\u00f3n de impuestos y un an\u00e1lisis integral del plan de obras para las provincias, seg\u00fan se inform\u00f3.<\/p>\n\n\n\n<figure class=\"wp-block-image\"><a href=\"javascript:void(0);\"><img decoding=\"async\" src=\"https:\/\/www.telam.com.ar\/thumbs\/bluesteel\/advf\/imagenes\/2023\/10\/653aa9c690e16_1200.jpg\" alt=\"El encuentro fue en la sede del Consejo Federal de Inversiones CFI Foto Pablo Aeli\"\/><\/a><figcaption class=\"wp-element-caption\">El encuentro fue en la sede del Consejo Federal de Inversiones (CFI) \/ Foto: Pablo A\u00f1eli<\/figcaption><\/figure>\n\n\n\n<p>Participaron del encuentro los gobernadores Axel Kicillof (Buenos Aires), Ra\u00fal Jalil (Catamarca), Mariano Arcioni (Chubut), Oscar Herrera Ahuad (Misiones), Ricardo Quintela (La Rioja), Sergio Ziliotto (La Pampa), Gildo Insfr\u00e1n (Formosa), Juan Manzur (Tucum\u00e1n), Gustavo Bordet (Entre R\u00edos), Jorge Capitanich (Chaco), Alicia Kirchner (Santa Cruz) y Gustavo Melella (Tierra del Fuego).<\/p>\n\n\n\n<p>Se sumaron Sergio U\u00f1ac (San Juan), Omar Perotti -en forma on line- y Alejandra Rodenas (Santa Fe), Alberto Rodr\u00edguez S\u00e1a (San Luis), Gustavo S\u00e1enz (Salta) y Gerardo Zamora (Santiago del Estero), todos el peronismo y aliados.<\/p>\n\n\n\n<p>Tambi\u00e9n asistieron el neuquino Omar Guti\u00e9rrez, del Movimiento Popular Neuquino (MPN), y Arabela Carreras y Alberto Weretilneck, la mandataria actual y el electo de R\u00edo Negro, por la fuerza provincial Juntos Somos R\u00edo Negro.<\/p>\n\n\n\n<p>Fuente:  telam<\/p>\n","protected":false},"excerpt":{"rendered":"<div class=\"mh-excerpt\"><p>El ministro de Econom\u00eda y candidato presidencial de Uni\u00f3n por la Patria (UxP), Sergio Massa, ratific\u00f3 este jueves el compromiso de &#8220;construir un gobierno de unidad nacional convocando a los mejores&#8221; y pidi\u00f3&nbsp;&#8220;no caer en la trampa de las discusiones de acuerdos de c\u00fapulas de partidos&#8221;. &#8220;Nuestra responsabilidad es construir un gobierno de unidad nacional, no cayendo en la trampa de las discusiones de acuerdos de c\u00fapulas de partidos, sino entendiendo que la responsabilidad a partir del 10 de diciembre es&nbsp;elegir a los mejores de cada una de las fuerzas econ\u00f3mica, social, pol\u00edtica de la Argentina&#8220;, indic\u00f3 Massa. As\u00ed se <a class=\"mh-excerpt-more\" href=\"http:\/\/dsrmedios.com.ar\/diario\/archivos\/40872\" title=\"Massa rechaz\u00f3 &#8220;los acuerdos de c\u00fapulas&#8221; de partidos y llam\u00f3 a un &#8220;gobierno de unidad&#8221;\">[Leer m\u00e1s]<\/a><\/p>\n<\/div>","protected":false},"author":8,"featured_media":447,"comment_status":"open","ping_status":"closed","sticky":false,"template":"","format":"standard","meta":{"_jetpack_newsletter_access":""},"categories":[6],"tags":[],"jetpack_featured_media_url":"http:\/\/dsrmedios.com.ar\/diario\/wp-content\/uploads\/2017\/09\/massa.jpg","jetpack_sharing_enabled":true,"jetpack_shortlink":"https:\/\/wp.me\/p9fihK-aDe","_links":{"self":[{"href":"http:\/\/dsrmedios.com.ar\/diario\/wp-json\/wp\/v2\/posts\/40872"}],"collection":[{"href":"http:\/\/dsrmedios.com.ar\/diario\/wp-json\/wp\/v2\/posts"}],"about":[{"href":"http:\/\/dsrmedios.com.ar\/diario\/wp-json\/wp\/v2\/types\/post"}],"author":[{"embeddable":true,"href":"http:\/\/dsrmedios.com.ar\/diario\/wp-json\/wp\/v2\/users\/8"}],"replies":[{"embeddable":true,"href":"http:\/\/dsrmedios.com.ar\/diario\/wp-json\/wp\/v2\/comments?post=40872"}],"version-history":[{"count":1,"href":"http:\/\/dsrmedios.com.ar\/diario\/wp-json\/wp\/v2\/posts\/40872\/revisions"}],"predecessor-version":[{"id":40878,"href":"http:\/\/dsrmedios.com.ar\/diario\/wp-json\/wp\/v2\/posts\/40872\/revisions\/40878"}],"wp:featuredmedia":[{"embeddable":true,"href":"http:\/\/dsrmedios.com.ar\/diario\/wp-json\/wp\/v2\/media\/447"}],"wp:attachment":[{"href":"http:\/\/dsrmedios.com.ar\/diario\/wp-json\/wp\/v2\/media?parent=40872"}],"wp:term":[{"taxonomy":"category","embeddable":true,"href":"http:\/\/dsrmedios.com.ar\/diario\/wp-json\/wp\/v2\/categories?post=40872"},{"taxonomy":"post_tag","embeddable":true,"href":"http:\/\/dsrmedios.com.ar\/diario\/wp-json\/wp\/v2\/tags?post=40872"}],"curies":[{"name":"wp","href":"https:\/\/api.w.org\/{rel}","templated":true}]}}