{"id":40850,"date":"2023-10-25T23:38:49","date_gmt":"2023-10-26T02:38:49","guid":{"rendered":"http:\/\/dsrmedios.com.ar\/diario\/?p=40850"},"modified":"2023-10-25T23:38:52","modified_gmt":"2023-10-26T02:38:52","slug":"la-ucr-decidio-que-no-acompanara-a-ningun-candidato-en-el-balotaje","status":"publish","type":"post","link":"http:\/\/dsrmedios.com.ar\/diario\/archivos\/40850","title":{"rendered":"La UCR decidi\u00f3 que no acompa\u00f1ar\u00e1 a ning\u00fan candidato en el balotaje"},"content":{"rendered":"\n<p>El Comit\u00e9 Nacional de la Uni\u00f3n C\u00edvica Radical (UCR) decidi\u00f3 que \u201cno acompa\u00f1ar\u00e1 a ninguno de los candidatos\u201d en el balotaje del pr\u00f3ximo 19 de noviembre en el que competir\u00e1n por la presidencia Sergio Massa (Uni\u00f3n por la Patria) y Javier Milei (La Libertad Avanza (LLA), porque \u201cninguno de los dos garantiza un futuro de progreso para la Argentina\u201d.<\/p>\n\n\n\n<p>El espacio pol\u00edtico se pronunci\u00f3 as\u00ed en un documento que difundi\u00f3 tras un encuentro encabezado por el titular de la UCR, Gerardo Morales, quien en una conferencia de prensa que ofreci\u00f3 despu\u00e9s, dijo que el apoyo que manifest\u00f3 la excandidata a presidente de Juntos por el Cambio (JxC), Patricia Bullrich, al candidato de La Libertad Avanza (LLA) para el balotaje \u201ces una falta de respeto hacia nosotros, que no perdonamos\u201d y advirti\u00f3 que \u201cpone en riesgo la continuidad de Juntos por el Cambio\u201d.<\/p>\n\n\n\n<p>\u201cLa ciudadan\u00eda se expres\u00f3: la propuesta pol\u00edtica de Juntos por el Cambio result\u00f3 tercera, quedando afuera del balotaje. Esto merece reflexi\u00f3n y autocr\u00edtica profunda de todos los partidos de Juntos por el Cambio, as\u00ed como de sus principales actores pol\u00edticos\u201d, afirma el documento de la UCR titulado: \u201cLa UCR no acompa\u00f1ar\u00e1 a ninguno de los dos candidatos\u201d.<\/p>\n\n\n\n<p>Morales, en la conferencia de prensa en la que estuvo acompa\u00f1ado por el senador nacional de Evoluci\u00f3n, Mart\u00edn Lousteau, dijo que \u201ces de una gran irresponsabilidad lo que hizo Patricia. No es quien para hablar por los votantes. Yo la vot\u00e9 y no me representa\u201d y asegur\u00f3 que \u201ctanto Patricia como Macri son los responsables de poner en riesgo a Juntos por el Cambio\u201d.<\/p>\n\n\n\n<p>Fuente: LABRUJULA24<\/p>\n","protected":false},"excerpt":{"rendered":"<div class=\"mh-excerpt\"><p>El Comit\u00e9 Nacional de la Uni\u00f3n C\u00edvica Radical (UCR) decidi\u00f3 que \u201cno acompa\u00f1ar\u00e1 a ninguno de los candidatos\u201d en el balotaje del pr\u00f3ximo 19 de noviembre en el que competir\u00e1n por la presidencia Sergio Massa (Uni\u00f3n por la Patria) y Javier Milei (La Libertad Avanza (LLA), porque \u201cninguno de los dos garantiza un futuro de progreso para la Argentina\u201d. El espacio pol\u00edtico se pronunci\u00f3 as\u00ed en un documento que difundi\u00f3 tras un encuentro encabezado por el titular de la UCR, Gerardo Morales, quien en una conferencia de prensa que ofreci\u00f3 despu\u00e9s, dijo que el apoyo que manifest\u00f3 la excandidata a <a class=\"mh-excerpt-more\" href=\"http:\/\/dsrmedios.com.ar\/diario\/archivos\/40850\" title=\"La UCR decidi\u00f3 que no acompa\u00f1ar\u00e1 a ning\u00fan candidato en el balotaje\">[Leer m\u00e1s]<\/a><\/p>\n<\/div>","protected":false},"author":8,"featured_media":40851,"comment_status":"open","ping_status":"closed","sticky":false,"template":"","format":"standard","meta":{"_jetpack_newsletter_access":""},"categories":[6],"tags":[],"jetpack_featured_media_url":"http:\/\/dsrmedios.com.ar\/diario\/wp-content\/uploads\/2023\/10\/descarga-39.jpeg","jetpack_sharing_enabled":true,"jetpack_shortlink":"https:\/\/wp.me\/p9fihK-aCS","_links":{"self":[{"href":"http:\/\/dsrmedios.com.ar\/diario\/wp-json\/wp\/v2\/posts\/40850"}],"collection":[{"href":"http:\/\/dsrmedios.com.ar\/diario\/wp-json\/wp\/v2\/posts"}],"about":[{"href":"http:\/\/dsrmedios.com.ar\/diario\/wp-json\/wp\/v2\/types\/post"}],"author":[{"embeddable":true,"href":"http:\/\/dsrmedios.com.ar\/diario\/wp-json\/wp\/v2\/users\/8"}],"replies":[{"embeddable":true,"href":"http:\/\/dsrmedios.com.ar\/diario\/wp-json\/wp\/v2\/comments?post=40850"}],"version-history":[{"count":1,"href":"http:\/\/dsrmedios.com.ar\/diario\/wp-json\/wp\/v2\/posts\/40850\/revisions"}],"predecessor-version":[{"id":40852,"href":"http:\/\/dsrmedios.com.ar\/diario\/wp-json\/wp\/v2\/posts\/40850\/revisions\/40852"}],"wp:featuredmedia":[{"embeddable":true,"href":"http:\/\/dsrmedios.com.ar\/diario\/wp-json\/wp\/v2\/media\/40851"}],"wp:attachment":[{"href":"http:\/\/dsrmedios.com.ar\/diario\/wp-json\/wp\/v2\/media?parent=40850"}],"wp:term":[{"taxonomy":"category","embeddable":true,"href":"http:\/\/dsrmedios.com.ar\/diario\/wp-json\/wp\/v2\/categories?post=40850"},{"taxonomy":"post_tag","embeddable":true,"href":"http:\/\/dsrmedios.com.ar\/diario\/wp-json\/wp\/v2\/tags?post=40850"}],"curies":[{"name":"wp","href":"https:\/\/api.w.org\/{rel}","templated":true}]}}