{"id":40835,"date":"2023-10-25T22:29:53","date_gmt":"2023-10-26T01:29:53","guid":{"rendered":"http:\/\/dsrmedios.com.ar\/diario\/?p=40835"},"modified":"2023-10-25T22:29:55","modified_gmt":"2023-10-26T01:29:55","slug":"larreta-se-diferencio-de-macri-y-bullrich-las-dos-opciones-que-tenemos-para-el-balotaje-son-muy-malas","status":"publish","type":"post","link":"http:\/\/dsrmedios.com.ar\/diario\/archivos\/40835","title":{"rendered":"Larreta se diferenci\u00f3 de Macri y Bullrich: \u201cLas dos opciones que tenemos para el balotaje son muy malas\u201d"},"content":{"rendered":"\n<p>Tal como se esperaba,&nbsp;<strong>Horacio Rodr\u00edguez Larreta<\/strong>&nbsp;confirm\u00f3 que no apoyar\u00e1 ni a Javier Milei ni a Sergio Massa en el balotaje del pr\u00f3ximo 19 de noviembre:&nbsp;<strong>\u201cQuiero ser bien claro ante ese dilema. Las dos opciones son muy malas para todos los argentinos<\/strong>. Es nuestra responsabilidad defenderlos\u201d, introdujo.<\/p>\n\n\n\n<p>Para justificar su decisi\u00f3n, el jefe de Gobierno porte\u00f1o esgrimi\u00f3 cr\u00edticas para ambos candidatos. Primero fue el turno de Sergio Massa, a quien equipar\u00f3 con el kirchnerismo:&nbsp;<strong>\u201cEs la reelecci\u00f3n del populismo kirchnerista.<\/strong>&nbsp;Sigue d\u00e1ndole a la maquinita, le da la educaci\u00f3n a los Baradel, es seguir viviendo con miedo por la inseguridad, m\u00e1s parches e improvisaci\u00f3n, siempre me enfrent\u00e9 con el kirchnerismo\u201d, apunt\u00f3 Larreta. En esa direcci\u00f3n, record\u00f3 sus enfrentamientos con el oficialismo actual. \u201cMe sacaron la coparticipaci\u00f3n y fu\u00ed a la Corte, no hay ninguna posibilidad de que yo integre el gobierno kirchnerista.&nbsp;<strong>No me rindo a la posibilidad de construir un gobierno diferente.<\/strong>&nbsp;Voy a seguir trabajando incansablemente\u201d, afirm\u00f3.<\/p>\n\n\n\n<p>Luego,&nbsp;<strong>sobre Milei expres\u00f3: \u201cEs un nuevo populismo, un salto al vac\u00edo<\/strong>. No creo en la venta de armas ni de \u00f3rganos, eso es un desastre, la educaci\u00f3n con vouchers, los ataques al Vaticano.&nbsp;<strong>Est\u00e1 en los bordes de la democracia.&nbsp;<\/strong>Construy\u00f3 su carrera en base a las agresiones. Me trat\u00f3 de rata. Dijo que me iba a pisar con la silla de ruedas\u201d, repas\u00f3 Larreta todas las agresiones que recibi\u00f3 del candidato a presidente de La Libertad Avanza<\/p>\n\n\n\n<p>Luego expres\u00f3 una diferencia de fondo, m\u00e1s all\u00e1 de los insultos. \u201cAhora, m\u00e1s all\u00e1 de eso, si yo creyera en sus ideas lo apoyar\u00eda. El problema es que no es bueno para el pa\u00eds. Por eso no puedo acompa\u00f1ar a un candidato que lastime a los argentinos\u201d, explic\u00f3 el jefe de gobierno.<\/p>\n\n\n\n<p>0 seconds of 3 minutes, 22 secondsVolume 0%Horacio Rodr\u00edguez Larreta se diferenci\u00f3 de Patricia Bullrich y Mauricio Macri, y dijo que no apoyar\u00e1 ni a Sergio Massa ni a Javier Milei, en el balotaje del 19 de noviembre.<\/p>\n\n\n\n<p>Como alternativa, el ex precandidato a presidente llam\u00f3 a construir una oposici\u00f3n firme de cara al futuro: \u201cHay una tercera alternativa, que es trabajar para mantener a Juntos por el Cambio.&nbsp;<strong>S\u00e9 que se habl\u00f3 de rupturas, de peleas, eso no suma nada. Voy a pelear siempre para sostener la coalici\u00f3n\u201d<\/strong>, afirm\u00f3, relativizando la posibilidad de un quiebre definitivo de Juntos por el Cambio.<\/p>\n\n\n\n<h2>La reuni\u00f3n \u201csecreta\u201d entre Macri, Bullrich y Milei<\/h2>\n\n\n\n<p>En la conferencia de prensa brindada en la sede del gobierno porte\u00f1o de la calle Uspallata, Larreta mostr\u00f3 su sorpresa por el encuentro que Patricia Bullrich cont\u00f3 que hab\u00eda mantenido con Javier Milei. \u201cNo sab\u00eda nada,&nbsp;<strong>fue una reuni\u00f3n a medianoche, en secreto. Me desayun\u00e9 con mucha sorpresa sobre esa reuni\u00f3n. No se que hablaron, qu\u00e9 acordaron, no s\u00e9 nada<\/strong>\u201d, cont\u00f3 Larreta.<\/p>\n\n\n\n<p>El dirigente mantuvo su tono habitual, aunque no dej\u00f3 de se\u00f1alar su disconformidad con ese encuentro. \u201c<strong>Expres\u00e9 mi claro malestar respecto de reuniones secretas<\/strong>. Sobre todo cuando hab\u00eda agenda\u201d, se\u00f1al\u00f3 Larreta. En efecto, estaba previsto para hoy una reuni\u00f3n del PRO y luego una de Juntos por el Cambio, tal como ven\u00eda siendo el recorrido para la toma de decisiones en la coalici\u00f3n<\/p>\n\n\n\n<p>\u201c<strong>En el PRO no hay una posici\u00f3n com\u00fan<\/strong>\u201d, dijo el ex presidenciable del espacio, ratificando el malestar que existe respecto del apoyo que expres\u00f3 hoy Patricia Bullrich hacia Javier Milei. \u201cLos gobernadores est\u00e1n en la misma direcci\u00f3n. Hay una mayor\u00eda en Juntos por el Cambio que coincide, que el kirchnerismo es una cat\u00e1strofe, pero&nbsp;<strong>tampoco un salto al vac\u00edo<\/strong>\u201d, alert\u00f3.<\/p>\n\n\n\n<figure class=\"wp-block-image\"><img decoding=\"async\" src=\"https:\/\/www.infobae.com\/new-resizer\/ct1RhdeOgJC1Se-uVTDSJdObYeA=\/arc-anglerfish-arc2-prod-infobae\/public\/F5X5DDGYJFC2PHKU4V7HQSGEOI.jpg\" alt=\"infobae\"\/><\/figure>\n\n\n\n<p>Luego, el jefe de gobierno, que le dejar\u00e1 su lugar a Jorge Macri el 10 de diciembre, coincidi\u00f3 con la postura del radicalismo respecto del rol que tendr\u00e1 la coalici\u00f3n de ac\u00e1 en adelante. \u201cCada dirigente que podamos mantener, es un freno m\u00e1s grande a cualquiera de estas alternativas. Es lo que elige la mayor\u00eda de Juntos por el Cambio. La CC, Confianza P\u00fablica de Oca\u00f1a, Mar\u00eda Eugenia Vidal. Nuestros gobernadores, reunidos en estos momentos, con la misma posici\u00f3n,\u00a0<strong>no podemos apoyar a uno u otro<\/strong>\u201d, agreg\u00f3.<\/p>\n\n\n\n<p>La conferencia de prensa de Horacio Rodr\u00edguez Larreta inici\u00f3 pasadas las 19 horas y se extendi\u00f3 por casi 20 minutos. Sucedi\u00f3 luego de una jornada marcada por las tensiones en Juntos por el Cambio. Primero, Patricia Bullrich y Luis Petri, la f\u00f3rmula que qued\u00f3 en tercer lugar en las elecciones generales, anunciaron su respaldo a Javier Milei en el balotaje frente a Sergio Massa.<\/p>\n\n\n\n<p>Luego,\u00a0<strong>Gerardo Morales y Mart\u00edn Lousteau<\/strong>, titulares de la Uni\u00f3n C\u00edvica Radical, no s\u00f3lo rechazaron esa posici\u00f3n, si no que consideraron que semejante expresi\u00f3n, unilateral, romp\u00eda Juntos por el Cambio. \u201cVerg\u00fcenza ajena\u201d, dijeron los radicales. Adem\u00e1s, responsabilizaron a\u00a0<strong>Mauricio Macri<\/strong>\u00a0por la movida y por la derrota en las elecciones.<\/p>\n\n\n\n<p>Finalmente lleg\u00f3 el turno de Horacio Rodr\u00edguez Larreta, quien se distanci\u00f3 del fundador del PRO y de la ex candidata a presidenta. Su mensaje tambi\u00e9n coincidi\u00f3 con la posici\u00f3n que expres\u00f3&nbsp;<strong>Mar\u00eda Eugenia Vidal<\/strong>. La ex gobernadora de Buenos Aires dej\u00f3 en claro en sus redes sociales que no apoyar\u00eda a Javier Milei.<\/p>\n\n\n\n<figure class=\"wp-block-image\"><img decoding=\"async\" src=\"https:\/\/www.infobae.com\/new-resizer\/xKsLGdnoJAem6qLruXNi-V-hgYE=\/arc-anglerfish-arc2-prod-infobae\/public\/7IZYSE6JPRCSTF7GDTERI4ZIEI.jpg\" alt=\"Tuit de Mar\u00eda Eugenia Vidal sobre el pacto entre Milei y Bullrich\"\/><\/figure>\n\n\n\n<p>Fuente: Infobae<\/p>\n","protected":false},"excerpt":{"rendered":"<div class=\"mh-excerpt\"><p>Tal como se esperaba,&nbsp;Horacio Rodr\u00edguez Larreta&nbsp;confirm\u00f3 que no apoyar\u00e1 ni a Javier Milei ni a Sergio Massa en el balotaje del pr\u00f3ximo 19 de noviembre:&nbsp;\u201cQuiero ser bien claro ante ese dilema. Las dos opciones son muy malas para todos los argentinos. Es nuestra responsabilidad defenderlos\u201d, introdujo. Para justificar su decisi\u00f3n, el jefe de Gobierno porte\u00f1o esgrimi\u00f3 cr\u00edticas para ambos candidatos. Primero fue el turno de Sergio Massa, a quien equipar\u00f3 con el kirchnerismo:&nbsp;\u201cEs la reelecci\u00f3n del populismo kirchnerista.&nbsp;Sigue d\u00e1ndole a la maquinita, le da la educaci\u00f3n a los Baradel, es seguir viviendo con miedo por la inseguridad, m\u00e1s parches e <a class=\"mh-excerpt-more\" href=\"http:\/\/dsrmedios.com.ar\/diario\/archivos\/40835\" title=\"Larreta se diferenci\u00f3 de Macri y Bullrich: \u201cLas dos opciones que tenemos para el balotaje son muy malas\u201d\">[Leer m\u00e1s]<\/a><\/p>\n<\/div>","protected":false},"author":8,"featured_media":30592,"comment_status":"open","ping_status":"closed","sticky":false,"template":"","format":"standard","meta":{"_jetpack_newsletter_access":""},"categories":[6],"tags":[],"jetpack_featured_media_url":"http:\/\/dsrmedios.com.ar\/diario\/wp-content\/uploads\/2023\/04\/larreta.png","jetpack_sharing_enabled":true,"jetpack_shortlink":"https:\/\/wp.me\/p9fihK-aCD","_links":{"self":[{"href":"http:\/\/dsrmedios.com.ar\/diario\/wp-json\/wp\/v2\/posts\/40835"}],"collection":[{"href":"http:\/\/dsrmedios.com.ar\/diario\/wp-json\/wp\/v2\/posts"}],"about":[{"href":"http:\/\/dsrmedios.com.ar\/diario\/wp-json\/wp\/v2\/types\/post"}],"author":[{"embeddable":true,"href":"http:\/\/dsrmedios.com.ar\/diario\/wp-json\/wp\/v2\/users\/8"}],"replies":[{"embeddable":true,"href":"http:\/\/dsrmedios.com.ar\/diario\/wp-json\/wp\/v2\/comments?post=40835"}],"version-history":[{"count":1,"href":"http:\/\/dsrmedios.com.ar\/diario\/wp-json\/wp\/v2\/posts\/40835\/revisions"}],"predecessor-version":[{"id":40836,"href":"http:\/\/dsrmedios.com.ar\/diario\/wp-json\/wp\/v2\/posts\/40835\/revisions\/40836"}],"wp:featuredmedia":[{"embeddable":true,"href":"http:\/\/dsrmedios.com.ar\/diario\/wp-json\/wp\/v2\/media\/30592"}],"wp:attachment":[{"href":"http:\/\/dsrmedios.com.ar\/diario\/wp-json\/wp\/v2\/media?parent=40835"}],"wp:term":[{"taxonomy":"category","embeddable":true,"href":"http:\/\/dsrmedios.com.ar\/diario\/wp-json\/wp\/v2\/categories?post=40835"},{"taxonomy":"post_tag","embeddable":true,"href":"http:\/\/dsrmedios.com.ar\/diario\/wp-json\/wp\/v2\/tags?post=40835"}],"curies":[{"name":"wp","href":"https:\/\/api.w.org\/{rel}","templated":true}]}}