{"id":40827,"date":"2023-10-25T22:14:18","date_gmt":"2023-10-26T01:14:18","guid":{"rendered":"http:\/\/dsrmedios.com.ar\/diario\/?p=40827"},"modified":"2023-10-25T22:14:21","modified_gmt":"2023-10-26T01:14:21","slug":"sergio-massa-hablo-del-pacto-entre-bullrich-y-milei-a-la-gente-le-genera-confusion-por-las-contradicciones","status":"publish","type":"post","link":"http:\/\/dsrmedios.com.ar\/diario\/archivos\/40827","title":{"rendered":"Sergio Massa habl\u00f3 del pacto entre Bullrich y Milei: \u201cA la gente le genera confusi\u00f3n por las contradicciones\u201d"},"content":{"rendered":"\n<p><strong>Sergio Massa<\/strong>, ministro de Econom\u00eda y candidato a presidente del oficialismo,&nbsp;<a rel=\"noreferrer noopener\" href=\"https:\/\/www.infobae.com\/politica\/2023\/10\/25\/patricia-bullrich-respaldara-a-javier-milei-en-el-balotaje\/\" target=\"_blank\">se refiri\u00f3 esta noche al pacto entre&nbsp;<strong>Patricia Bullrich y Javier Milei<\/strong>.<\/a><strong>&nbsp;\u201cA la gente le genera confusi\u00f3n por las contradicciones\u201d<\/strong>, se\u00f1al\u00f3 el postulante de Uni\u00f3n por la Patria en el cierre de una jornada marcada por el acercamiento entre los dos referentes de la oposici\u00f3n de cara al balotaje.<\/p>\n\n\n\n<p><strong>\u201cVi poco de lo que pas\u00f3\u201d<\/strong>, se\u00f1al\u00f3 el titular de Econom\u00eda al ser consultado sobre si sigui\u00f3 a lo largo de este mi\u00e9rcoles los idas y vueltas en el ala opositora de la pol\u00edtica nacional luego de que Patricia Bullrich confirmara que respaldar\u00e1 a Milei en la segunda vuelta de las elecciones presidenciales pautadas para el 19 de noviembre pr\u00f3ximo.<\/p>\n\n\n\n<p>En esa l\u00ednea, Massa agreg\u00f3: \u201cVi algunos t\u00edtulos de pantalla en la oficina, entiendo que es un tema que&nbsp; a la gente le genera confusi\u00f3n por las contradicciones\u201d.<strong>&nbsp;\u201cNo es un tema de nuestra fuerza pol\u00edtica\u201d<\/strong>, aclar\u00f3 luego.<\/p>\n\n\n\n<p><strong>Patricia Bullrich<\/strong>&nbsp;y&nbsp;<strong>Luis Petri<\/strong>&nbsp;encabezaron en el mediod\u00eda de hoy una conferencia de prensa en la que&nbsp;<strong>anunciaron su respaldo a Milei,<\/strong>&nbsp;el candidato presidencial de La Libertad Avanza, en el balotaje.<\/p>\n\n\n\n<p>Te puede interesar:<strong>Los 6 hitos que marcaro<\/strong><\/p>\n\n\n\n<p><strong>\u201cHoy creemos que hay que unir fuerzas para un objetivo superior. Como dijo San Mart\u00edn, \u2018cuando la patria est\u00e1 en peligro todo est\u00e1 permitido, excepto no defenderla\u2019\u201d<\/strong>, remat\u00f3 Bullrich, luego de enumerar una serie de puntos que deber\u00edan formar parte del programa de un eventual pr\u00f3ximo gobierno encabezado por Milei.<\/p>\n\n\n\n<p><img decoding=\"async\" loading=\"lazy\" alt=\"Patricia Bullrich al anunciar que respaldar\u00e1 a Javier Milei en el balotaje: \u201cLa urgencia del momento nos interpela a no ser neutrales\u201d (Maximiliano Luna)\" height=\"1080\" width=\"1920\" src=\"https:\/\/www.infobae.com\/new-resizer\/5HM9JvDZwnHWxBALxyoDC0iBpUU=\/arc-anglerfish-arc2-prod-infobae\/public\/CTCMHA5X4RHKXAU77BOICFFEYE.jpg\" srcset=\"https:\/\/www.infobae.com\/new-resizer\/E9zNkpvs8FqJ2VBT3s1kelT_QPM=\/420x236\/filters:format(webp):quality(85)\/cloudfront-us-east-1.images.arcpublishing.com\/infobae\/CTCMHA5X4RHKXAU77BOICFFEYE.jpg 420w,https:\/\/www.infobae.com\/new-resizer\/sR8MdpHQ8wrYaQlUQOBUL9mXjrE=\/768x432\/filters:format(webp):quality(85)\/cloudfront-us-east-1.images.arcpublishing.com\/infobae\/CTCMHA5X4RHKXAU77BOICFFEYE.jpg 768w,https:\/\/www.infobae.com\/new-resizer\/oHAb6SwngB9i5q_yqrMzhqFbTTI=\/992x558\/filters:format(webp):quality(85)\/cloudfront-us-east-1.images.arcpublishing.com\/infobae\/CTCMHA5X4RHKXAU77BOICFFEYE.jpg 992w,https:\/\/www.infobae.com\/new-resizer\/aqd4fyDXzqyMr0_GftbOj3d41Ao=\/1200x675\/filters:format(webp):quality(85)\/cloudfront-us-east-1.images.arcpublishing.com\/infobae\/CTCMHA5X4RHKXAU77BOICFFEYE.jpg 1200w,https:\/\/www.infobae.com\/new-resizer\/GVF-ET2J4r13c8BRTIfLc9g5hOM=\/1440x810\/filters:format(webp):quality(85)\/cloudfront-us-east-1.images.arcpublishing.com\/infobae\/CTCMHA5X4RHKXAU77BOICFFEYE.jpg 1440w\">Patricia Bullrich al anunciar que respaldar\u00e1 a Javier Milei en el balotaje: \u201cLa urgencia del momento nos interpela a no ser neutrales\u201d (Maximiliano Luna)<\/p>\n\n\n\n<p>\u201cAnoche\u00a0<strong>tuve encuentro con Milei<\/strong>, mantuvimos una charla respecto de lo que fueron sus declaraciones (la acus\u00f3 de poner bombas en jardines de infantes) y\u00a0<strong>nos perdonamos mutuamente<\/strong>\u00a0porque hoy la Patria necesita que seamos capaces de perdonarnos.\u00a0<strong>Est\u00e1 en juego el futuro<\/strong>\u201d, ampli\u00f3 a modo de resumen de su acuerdo con los libertarios.<\/p>\n\n\n\n<p>Los dichos de Bullrich profundizaron la interna dentro de Juntos por el Cambio,&nbsp;<a rel=\"noreferrer noopener\" href=\"https:\/\/www.infobae.com\/politica\/2023\/10\/25\/no-nos-tomen-por-tontos-las-reacciones-en-redes-sociales-tras-el-respaldo-de-patricia-bullrich-a-javier-milei-en-el-balotaje\/\" target=\"_blank\">debido a que con el correr de las horas los distintos representantes del espacio expusieron sus diferencias con ella.<\/a>&nbsp;Justamente entre ellos tambi\u00e9n estuvieron los gobernadores de JxC, quienes despu\u00e9s de una larga reuni\u00f3n marcaron distancia de la presidenta del PRO<a rel=\"noreferrer noopener\" href=\"https:\/\/www.infobae.com\/politica\/2023\/10\/25\/los-gobernadores-de-juntos-por-el-cambio-se-despegaron-de-la-decision-de-bullrich-y-se-mantendran-neutrales-en-el-balotaje\/\" target=\"_blank\">&nbsp;a trav\u00e9s de un comunicado<\/a>.<\/p>\n\n\n\n<p>Massa, al ser consultado por eventuales negociaciones con gobernadores de la oposici\u00f3n, respondi\u00f3: \u201cLas reuniones o charlas que no se hacen p\u00fablicas y son privadas, son privadas. En eso soy muy respetuoso.&nbsp;<strong>Es parte de lo que nos genera confianza frente a tanto ruido\u201d<\/strong>.<\/p>\n\n\n\n<p>En ese sentido, el ministro de Econom\u00eda agreg\u00f3:&nbsp;<strong>\u201cLo importante es que la gente est\u00e9 tranquila en que el 10 de diciembre, cuando empiece mi gobierno si Dios me da la oportunidad, vamos a manejarnos con seriedad\u201d.<\/strong><\/p>\n\n\n\n<p>Es importante destacar que la conferencia de prensa convocada por Bullrich y&nbsp;<strong>Luis Petri&nbsp;<\/strong>sorprendi\u00f3 a todos los radicales que todav\u00eda no lograban reponerse de la dura derrota a nivel nacional. \u201cEllos abandonaron Juntos por el Cambio. Abandonaron el mecanismo de toma de decisi\u00f3n colectiva dentro de una coalici\u00f3n\u201d, repiti\u00f3&nbsp;<strong>Mart\u00edn<\/strong>&nbsp;<strong>Lousteau<\/strong>, l\u00edder de Evoluci\u00f3n, luego de que Morales leyera esta tarde el documento firmado en la sede del Comit\u00e9 Nacional.<\/p>\n\n\n\n<p><img decoding=\"async\" loading=\"lazy\" alt=\"Gerardo Morales y Mart\u00edn Lousteau encabezaron una conferencia en el Comit\u00e9 Nacional de la UCR y lanzaron fuertes cr\u00edticas a Mauricio Macri y Martin Lousteau (Foto: Luciano Gonz\u00e1lez)\n\" height=\"1080\" width=\"1920\" src=\"https:\/\/www.infobae.com\/new-resizer\/js7GywBlzw_y5rPQl6IZLqtynMU=\/arc-anglerfish-arc2-prod-infobae\/public\/NPUTRSVMEFCPDJHY6NYI2SOTQE.jpg\" srcset=\"https:\/\/www.infobae.com\/new-resizer\/E3cwT7RSINnHTG8So8-qI0Hz3oQ=\/420x236\/filters:format(webp):quality(85)\/cloudfront-us-east-1.images.arcpublishing.com\/infobae\/NPUTRSVMEFCPDJHY6NYI2SOTQE.jpg 420w,https:\/\/www.infobae.com\/new-resizer\/l6Ck4jaDd0tx7YrvK35sFUrRA9Q=\/768x432\/filters:format(webp):quality(85)\/cloudfront-us-east-1.images.arcpublishing.com\/infobae\/NPUTRSVMEFCPDJHY6NYI2SOTQE.jpg 768w,https:\/\/www.infobae.com\/new-resizer\/iL1CNZqJ64AeyiVvjqOe31o2qSI=\/992x558\/filters:format(webp):quality(85)\/cloudfront-us-east-1.images.arcpublishing.com\/infobae\/NPUTRSVMEFCPDJHY6NYI2SOTQE.jpg 992w,https:\/\/www.infobae.com\/new-resizer\/vOzipaL-_XxU8iM077-5YvWi85k=\/1200x675\/filters:format(webp):quality(85)\/cloudfront-us-east-1.images.arcpublishing.com\/infobae\/NPUTRSVMEFCPDJHY6NYI2SOTQE.jpg 1200w,https:\/\/www.infobae.com\/new-resizer\/-vVMuxMid6igRyW1kP3S-ZNN1rY=\/1440x810\/filters:format(webp):quality(85)\/cloudfront-us-east-1.images.arcpublishing.com\/infobae\/NPUTRSVMEFCPDJHY6NYI2SOTQE.jpg 1440w\">Gerardo Morales y Mart\u00edn Lousteau encabezaron una conferencia en el Comit\u00e9 Nacional de la UCR y lanzaron fuertes cr\u00edticas a Mauricio Macri y Martin Lousteau (Foto: Luciano Gonz\u00e1lez)<\/p>\n\n\n\n<p>En este escenario y pese a sus internas hist\u00f3ricas, la UCR logr\u00f3 unificar una postura en medio de la crisis que atraviesa Juntos por el Cambio.\u00a0<a rel=\"noreferrer noopener\" href=\"https:\/\/www.infobae.com\/politica\/2023\/10\/25\/la-ucr-tomo-la-centralidad-de-jxc-desplazo-a-macri-y-bullrich-y-busca-contener-a-un-sector-del-pro-pensando-en-la-nueva-oposicion\/\" target=\"_blank\">Seg\u00fan pudo reconstruir\u00a0<strong>Infobae<\/strong>, todos los correligionarios de peso coincidieron en que\u00a0<strong>deben dar libertad de acci\u00f3n para el balotaje<\/strong><\/a><strong>\u00a0y, en paralelo, apoyaron la idea de cargar todas las tintas sobre Patricia Bullrich y Mauricio Macri\u00a0<\/strong>como responsables de que la coalici\u00f3n opositora est\u00e9 al borde del quiebre. Incluso, en el entorno de Gerardo Morales acusaron al ex presidente de instalar el rumor de un posible acuerdo con\u00a0<strong>Sergio Massa<\/strong>\u00a0para, luego, usarlo como excusa o trampol\u00edn para aliarse con\u00a0<strong>Javier Milei<\/strong>.<\/p>\n\n\n\n<p>Fuente: Infobae<\/p>\n","protected":false},"excerpt":{"rendered":"<div class=\"mh-excerpt\"><p>Sergio Massa, ministro de Econom\u00eda y candidato a presidente del oficialismo,&nbsp;se refiri\u00f3 esta noche al pacto entre&nbsp;Patricia Bullrich y Javier Milei.&nbsp;\u201cA la gente le genera confusi\u00f3n por las contradicciones\u201d, se\u00f1al\u00f3 el postulante de Uni\u00f3n por la Patria en el cierre de una jornada marcada por el acercamiento entre los dos referentes de la oposici\u00f3n de cara al balotaje. \u201cVi poco de lo que pas\u00f3\u201d, se\u00f1al\u00f3 el titular de Econom\u00eda al ser consultado sobre si sigui\u00f3 a lo largo de este mi\u00e9rcoles los idas y vueltas en el ala opositora de la pol\u00edtica nacional luego de que Patricia Bullrich confirmara que <a class=\"mh-excerpt-more\" href=\"http:\/\/dsrmedios.com.ar\/diario\/archivos\/40827\" title=\"Sergio Massa habl\u00f3 del pacto entre Bullrich y Milei: \u201cA la gente le genera confusi\u00f3n por las contradicciones\u201d\">[Leer m\u00e1s]<\/a><\/p>\n<\/div>","protected":false},"author":8,"featured_media":31416,"comment_status":"open","ping_status":"closed","sticky":false,"template":"","format":"standard","meta":{"_jetpack_newsletter_access":""},"categories":[6],"tags":[],"jetpack_featured_media_url":"http:\/\/dsrmedios.com.ar\/diario\/wp-content\/uploads\/2023\/04\/CULIKXKBYJ5VYCFKH4L7XKC57Q.jpg","jetpack_sharing_enabled":true,"jetpack_shortlink":"https:\/\/wp.me\/p9fihK-aCv","_links":{"self":[{"href":"http:\/\/dsrmedios.com.ar\/diario\/wp-json\/wp\/v2\/posts\/40827"}],"collection":[{"href":"http:\/\/dsrmedios.com.ar\/diario\/wp-json\/wp\/v2\/posts"}],"about":[{"href":"http:\/\/dsrmedios.com.ar\/diario\/wp-json\/wp\/v2\/types\/post"}],"author":[{"embeddable":true,"href":"http:\/\/dsrmedios.com.ar\/diario\/wp-json\/wp\/v2\/users\/8"}],"replies":[{"embeddable":true,"href":"http:\/\/dsrmedios.com.ar\/diario\/wp-json\/wp\/v2\/comments?post=40827"}],"version-history":[{"count":1,"href":"http:\/\/dsrmedios.com.ar\/diario\/wp-json\/wp\/v2\/posts\/40827\/revisions"}],"predecessor-version":[{"id":40833,"href":"http:\/\/dsrmedios.com.ar\/diario\/wp-json\/wp\/v2\/posts\/40827\/revisions\/40833"}],"wp:featuredmedia":[{"embeddable":true,"href":"http:\/\/dsrmedios.com.ar\/diario\/wp-json\/wp\/v2\/media\/31416"}],"wp:attachment":[{"href":"http:\/\/dsrmedios.com.ar\/diario\/wp-json\/wp\/v2\/media?parent=40827"}],"wp:term":[{"taxonomy":"category","embeddable":true,"href":"http:\/\/dsrmedios.com.ar\/diario\/wp-json\/wp\/v2\/categories?post=40827"},{"taxonomy":"post_tag","embeddable":true,"href":"http:\/\/dsrmedios.com.ar\/diario\/wp-json\/wp\/v2\/tags?post=40827"}],"curies":[{"name":"wp","href":"https:\/\/api.w.org\/{rel}","templated":true}]}}