{"id":40821,"date":"2023-10-25T13:36:48","date_gmt":"2023-10-25T16:36:48","guid":{"rendered":"http:\/\/dsrmedios.com.ar\/diario\/?p=40821"},"modified":"2023-10-25T13:36:51","modified_gmt":"2023-10-25T16:36:51","slug":"se-quiebra-el-pro-tras-el-naufragio-de-juntos-por-el-cambio-la-discusion-por-el-balotaje-termino-de-implosionar-al-partido","status":"publish","type":"post","link":"http:\/\/dsrmedios.com.ar\/diario\/archivos\/40821","title":{"rendered":"Se quiebra el PRO tras el naufragio de Juntos por el Cambio: la discusi\u00f3n por el balotaje termin\u00f3 de implosionar al partido"},"content":{"rendered":"\n<p><strong>Juntos por el Cambio<\/strong>&nbsp;(JxC) transita una&nbsp;<strong>ci\u00e9naga&nbsp;<\/strong>de la que no podr\u00e1 salir ileso. La coalici\u00f3n lleg\u00f3 a la elecci\u00f3n del domingo al borde del&nbsp;<strong>abismo&nbsp;<\/strong>y el resultado del escrutinio&nbsp;<strong>forz\u00f3 una fractura<\/strong>&nbsp;que hasta entonces estaba maquillada por la ilusi\u00f3n de una posible vuelta al poder. La derrota de&nbsp;<strong>Patricia Bullrich<\/strong>&nbsp;y la consolidaci\u00f3n del balotaje entre<strong>&nbsp;Sergio Massa<\/strong>&nbsp;y&nbsp;<strong>Javier Milei&nbsp;<\/strong>aceler\u00f3 la&nbsp;<strong>desintegraci\u00f3n&nbsp;<\/strong>del frente y llev\u00f3 a que todo lo no tan s\u00f3lido&nbsp;<strong>se disuelva en el aire<\/strong>. Esa&nbsp;<strong>fricci\u00f3n&nbsp;<\/strong>dren\u00f3 hacia la situaci\u00f3n interna de cada partido, que por estas horas viven horas de m\u00e1xima tensi\u00f3n, y&nbsp;<strong>llev\u00f3 al l\u00edmite la unidad del PRO<\/strong>.<\/p>\n\n\n\n<p>A \u00faltima hora de anoche,&nbsp;<strong>Mauricio Macri&nbsp;<\/strong>y&nbsp;<strong>Patricia Bullrich<\/strong>&nbsp;<strong>se reunieron<\/strong>&nbsp;en Acassuso para delinear una estrategia conjunta de cara a la reuni\u00f3n que ten\u00eda prevista el PRO. Ambos acordaron&nbsp;<strong>apoyar p\u00fablicamente a Milei&nbsp;<\/strong>de cara al mano a mano contra Massa del 19 de noviembre. A su vez, hubo versiones de un encuentro entre el economista y libertario, que cerca de la ex ministra de Seguridad buscaron desmentir.&nbsp;<strong>Infobae&nbsp;<\/strong>pudo corroborar que el ex Presidente y el l\u00edder de La Libertad Avanza mantuvieron comunicaciones telef\u00f3nica anoche. Y desde LLA le aseguraron a este medio que&nbsp;<strong>la reuni\u00f3n entre el fundador del PRO y el candidato a Presidente liberal existi\u00f3.<\/strong><\/p>\n\n\n\n<p>En medio de esta marea pol\u00edtica, el PRO suspendi\u00f3 la reuni\u00f3n que ten\u00eda prevista para esta ma\u00f1ana, mientras que Bullrich convoc\u00f3 de urgencia a una conferencia de prensa para el mediod\u00eda. La ex ministra de Seguridad har\u00e1 conocer su postura respecto a apoyar a Milei y evitar un triunfo del ministro de Econom\u00eda de la Naci\u00f3n. Mientras estos acontecimientos se precipitaban, los tel\u00e9fonos de los dirigentes del partido amarillo ard\u00edan. Se desat\u00f3 una ola de acusaciones cruzadas y pases de facturas.<\/p>\n\n\n\n<p><img decoding=\"async\" loading=\"lazy\" alt=\"Mauricio Macri y Patricia Bullrich se abrazan sobre el escenario del b\u00fanker partidario ante la derrota de de Juntos por el Cambio en la elecci\u00f3n (REUTERS\/Martin Cossarini)\n\" height=\"1080\" width=\"1920\" src=\"https:\/\/www.infobae.com\/new-resizer\/Q6Rv-5eOzpReuBxPqEnsfStonA4=\/arc-anglerfish-arc2-prod-infobae\/public\/BXEPACS7MNCDFJH3U7SNXK2COY.jpg\" srcset=\"https:\/\/www.infobae.com\/new-resizer\/5HxWjNww9eCfApmR0_QBfbEYs4Q=\/420x236\/filters:format(webp):quality(85)\/cloudfront-us-east-1.images.arcpublishing.com\/infobae\/BXEPACS7MNCDFJH3U7SNXK2COY.jpg 420w,https:\/\/www.infobae.com\/new-resizer\/6ZhuFPT-VTg8xPU9WNxWRfqjh5Y=\/768x432\/filters:format(webp):quality(85)\/cloudfront-us-east-1.images.arcpublishing.com\/infobae\/BXEPACS7MNCDFJH3U7SNXK2COY.jpg 768w,https:\/\/www.infobae.com\/new-resizer\/1b6SC5yasulcybYA7kIBZtQThzo=\/992x558\/filters:format(webp):quality(85)\/cloudfront-us-east-1.images.arcpublishing.com\/infobae\/BXEPACS7MNCDFJH3U7SNXK2COY.jpg 992w,https:\/\/www.infobae.com\/new-resizer\/il8WgqivlUN_HzQqtctRj72FCkc=\/1200x675\/filters:format(webp):quality(85)\/cloudfront-us-east-1.images.arcpublishing.com\/infobae\/BXEPACS7MNCDFJH3U7SNXK2COY.jpg 1200w,https:\/\/www.infobae.com\/new-resizer\/A6A4E8qcnPRfL9aPzy0ntmD-IRM=\/1440x810\/filters:format(webp):quality(85)\/cloudfront-us-east-1.images.arcpublishing.com\/infobae\/BXEPACS7MNCDFJH3U7SNXK2COY.jpg 1440w\">Mauricio Macri y Patricia Bullrich se abrazan sobre el escenario del b\u00fanker partidario ante la derrota de de Juntos por el Cambio en la elecci\u00f3n (REUTERS\/Martin Cossarini)<\/p>\n\n\n\n<p>Massa se convirti\u00f3 en una amenaza para Mauricio Macri. El fundador del PRO entiende que un eventual triunfo del ministro atentar\u00eda contra la libertad pol\u00edtica y patrimonial de la que goza.<\/p>\n\n\n\n<p>-\u00bfPor qu\u00e9 se suspendi\u00f3 la reuni\u00f3n?, le pregunt\u00f3 un diputado nacional del PRO a uno de los referentes del partido.<\/p>\n\n\n\n<p>-Porque Mauricio y Patricia se cortaron solos-, respondi\u00f3 el dirigente.<\/p>\n\n\n\n<p>\u201cEstamos en una situaci\u00f3n de anarqu\u00eda total en Juntos por el Cambio. No tenemos conducci\u00f3n\u201d, le dijo a&nbsp;<strong>Infobae<\/strong>&nbsp;uno integrante de la mesa nacional de JxC y agreg\u00f3 exaltado: \u201cEstamos jugando a ver qui\u00e9n sale primero, si el PRO o la UCR, a decir si apoyan a Milei o a Massa y se rompe todo\u201d. El radicalismo tiene prevista una reuni\u00f3n del Comit\u00e9 Nacional para esta tarde a las 14. No obstante, varios interlocutores de peso en el partido centenario ya advirtieron que si el PRO sale a apoyar a Milei, la UCR da un \u201cportazo\u201d. Ernesto Sanz, miembro fundador de Cambiemos y referente boina blanca, sostuvo hoy en declaraciones radiales con Mar\u00eda O\u2019Donnell que \u201csi el PRO apoya a Milei, se rompe JxC\u201d.<\/p>\n\n\n\n<p><img decoding=\"async\" loading=\"lazy\" alt=\"Horacio Rodr\u00edguez Larreta, Marcos Pe\u00f1a y Diego Santilli no est\u00e1n de acuerdo en apoyar a Milei y corre riesgo la unidad del PRO (Prensa GCBA)\" height=\"1079\" width=\"1920\" src=\"https:\/\/www.infobae.com\/new-resizer\/H66EWrH2in-nJklUpG_EGuUICx4=\/arc-anglerfish-arc2-prod-infobae\/public\/OBAMP36FVVAFZG2J6H6LGVAFGU.jpg\" srcset=\"https:\/\/www.infobae.com\/new-resizer\/Tnjyn3DspEhQRANm0tNhNrig2BI=\/420x236\/filters:format(webp):quality(85)\/cloudfront-us-east-1.images.arcpublishing.com\/infobae\/OBAMP36FVVAFZG2J6H6LGVAFGU.jpg 420w,https:\/\/www.infobae.com\/new-resizer\/v9TpklM3zRhKQ3mmOGHIMN3laj4=\/768x432\/filters:format(webp):quality(85)\/cloudfront-us-east-1.images.arcpublishing.com\/infobae\/OBAMP36FVVAFZG2J6H6LGVAFGU.jpg 768w,https:\/\/www.infobae.com\/new-resizer\/KlAnOInO1zcYi6jaKH_0MMWr5LM=\/992x558\/filters:format(webp):quality(85)\/cloudfront-us-east-1.images.arcpublishing.com\/infobae\/OBAMP36FVVAFZG2J6H6LGVAFGU.jpg 992w,https:\/\/www.infobae.com\/new-resizer\/jktbAabnZRbSbIbLju0h1SO_mT0=\/1200x675\/filters:format(webp):quality(85)\/cloudfront-us-east-1.images.arcpublishing.com\/infobae\/OBAMP36FVVAFZG2J6H6LGVAFGU.jpg 1200w,https:\/\/www.infobae.com\/new-resizer\/kOwp3ZRi_q7zvF1eZfK2vydkipg=\/1440x810\/filters:format(webp):quality(85)\/cloudfront-us-east-1.images.arcpublishing.com\/infobae\/OBAMP36FVVAFZG2J6H6LGVAFGU.jpg 1440w\">Horacio Rodr\u00edguez Larreta, Marcos Pe\u00f1a y Diego Santilli no est\u00e1n de acuerdo en apoyar a Milei y corre riesgo la unidad del PRO (Prensa GCBA)<\/p>\n\n\n\n<p>Esta situaci\u00f3n puso al l\u00edmite al propio PRO, generando incluso una fractura expuesta.&nbsp;<strong>Horacio Rodr\u00edguez Larreta y Marcos Pe\u00f1a<\/strong>, dirigentes del partido amarillo desde la primera hora, dejaron trascender que se mantendr\u00e1n sin pronunciarse sobre Milei o Massa. Y redoblaron la apuesta: si Macri y Bullrich apoyan al libertario abandonar\u00edan el partido.<\/p>\n\n\n\n<p>Una postura similar tienen&nbsp;<strong>Mar\u00eda Eugenia Vidal&nbsp;<\/strong>y&nbsp;<strong>Diego Santilli<\/strong>. Sin estos dirigentes hist\u00f3ricos el PRO perder\u00eda parte de su esencia y hasta est\u00e1 en duda la continuidad de la fuerza pol\u00edtica como tal.<\/p>\n\n\n\n<p>Mientras que<strong>&nbsp;Cristian Ritondo<\/strong>, otro de los popes del espacio, cultiva mayor cercan\u00eda con con el ex Presidente y la ex ministra de Seguridad (aunque tiene una cordial relaci\u00f3n pol\u00edtica con el ministro de Econom\u00eda).&nbsp;<strong>\u00bfSe romper\u00e1 el PRO como partido?<\/strong>&nbsp;A\u00fan no est\u00e1 confirmado, aunque s\u00ed es un hecho que el partido est\u00e1 dividido en este escenario.<\/p>\n\n\n\n<p><img decoding=\"async\" loading=\"lazy\" alt=\"El acercamiento entre Macri y Bullrich con Milei sacudi\u00f3 al PRO y llev\u00f3 a la ruptura a JxC\" height=\"1080\" width=\"1920\" src=\"https:\/\/www.infobae.com\/new-resizer\/dSOCg9tTaSNi4WwUunDBIwDGxao=\/arc-anglerfish-arc2-prod-infobae\/public\/GLXEENZMVZFTXMOCIZCV22QKAU.jpg\" srcset=\"https:\/\/www.infobae.com\/new-resizer\/7U0lrUV25bh4nfFsg_67bFa11mk=\/420x236\/filters:format(webp):quality(85)\/cloudfront-us-east-1.images.arcpublishing.com\/infobae\/GLXEENZMVZFTXMOCIZCV22QKAU.jpg 420w,https:\/\/www.infobae.com\/new-resizer\/R-pn1IyD_rpzEWltNCRc57vdIyU=\/768x432\/filters:format(webp):quality(85)\/cloudfront-us-east-1.images.arcpublishing.com\/infobae\/GLXEENZMVZFTXMOCIZCV22QKAU.jpg 768w,https:\/\/www.infobae.com\/new-resizer\/0yJoIkNsr1nz0VDp8cPSg-u2SSg=\/992x558\/filters:format(webp):quality(85)\/cloudfront-us-east-1.images.arcpublishing.com\/infobae\/GLXEENZMVZFTXMOCIZCV22QKAU.jpg 992w,https:\/\/www.infobae.com\/new-resizer\/LReul5CM4iL2F8eg1z7OD4Uwlv0=\/1200x675\/filters:format(webp):quality(85)\/cloudfront-us-east-1.images.arcpublishing.com\/infobae\/GLXEENZMVZFTXMOCIZCV22QKAU.jpg 1200w,https:\/\/www.infobae.com\/new-resizer\/KYz7ySGcWm3zhksVGR4DRv8rJC8=\/1440x810\/filters:format(webp):quality(85)\/cloudfront-us-east-1.images.arcpublishing.com\/infobae\/GLXEENZMVZFTXMOCIZCV22QKAU.jpg 1440w\">El acercamiento entre Macri y Bullrich con Milei sacudi\u00f3 al PRO y llev\u00f3 a la ruptura a JxC<\/p>\n\n\n\n<p>Macri tiene&nbsp;<strong>empat\u00eda pol\u00edtica<\/strong>&nbsp;por las ideas de Milei y lo hizo notar durante toda la campa\u00f1a electoral. Incluso, ese&nbsp;<strong>coqueteo&nbsp;<\/strong>con el libertario implic\u00f3&nbsp;<strong>tensiones&nbsp;<\/strong>en JxC y con la propia Bullrich. Pero, sobre todo, tiene diferencias pol\u00edticas (y personales)&nbsp;<strong>insalvables&nbsp;<\/strong>con Massa. Ambos fueron socios pol\u00edticos durante el primer a\u00f1o de la Presidencia del fundador del PRO. Pero se divorciaron por falta de acuerdo y \u201ctraiciones\u201d. \u201c<strong>Mauricio lo odia a Massa<\/strong>&nbsp;y va a hacer lo que est\u00e9 a su alcance para que no sea Presidente\u201d, detall\u00f3 ante este medio uno de los asesores que m\u00e1s frecuenta al titular de la Fundaci\u00f3n FIFA.<\/p>\n\n\n\n<p>Bullrich tambi\u00e9n tiene<strong>&nbsp;sinton\u00eda intelectual<\/strong>&nbsp;con Milei, aunque qued\u00f3 molesta por las agresiones que el libertario le propin\u00f3 durante la campa\u00f1a.&nbsp;<strong>\u00bfBorr\u00f3n y cuenta nueva?&nbsp;<\/strong>Al mismo tiempo, considera que Massa \u201ces el kirchnerismo\u201d y est\u00e1 dispuesta a&nbsp;<strong>movilizarse para evitar un triunfo del peronismo<\/strong>.<\/p>\n\n\n\n<p>Rodr\u00edguez Larreta, en tanto,&nbsp;<strong>no tolerar\u00e1 bajo ninguna circunstancia ning\u00fan acercamiento a Milei<\/strong>. Lo hizo saber durante todo el a\u00f1o electoral. Son diferencias axiol\u00f3gicas, aunque tambi\u00e9n personales: el libertario le destin\u00f3 al jefe de Gobierno insultos y ataques verbales que el alcalde porte\u00f1o no olvida.<\/p>\n\n\n\n<p><img decoding=\"async\" loading=\"lazy\" alt=\"El radicalismo se diferenci\u00f3 del Bullrich y Macri por el apoyo a Milei y naufraga Juntos por el Cambio\" height=\"1059\" width=\"1600\" src=\"https:\/\/www.infobae.com\/new-resizer\/9wbbBFVbe4715mMAEPpTu0bezGk=\/arc-anglerfish-arc2-prod-infobae\/public\/PSE5M3LP5BAKTHQMCY5UQSM2NQ.jpeg\" srcset=\"https:\/\/www.infobae.com\/new-resizer\/JQWj8cU0B8Fn13bcbuxqAk49H6w=\/420x280\/filters:format(webp):quality(85)\/cloudfront-us-east-1.images.arcpublishing.com\/infobae\/PSE5M3LP5BAKTHQMCY5UQSM2NQ.jpeg 420w,https:\/\/www.infobae.com\/new-resizer\/qdUhVIOtiB_sCBt1OYmg4IbdzHc=\/768x512\/filters:format(webp):quality(85)\/cloudfront-us-east-1.images.arcpublishing.com\/infobae\/PSE5M3LP5BAKTHQMCY5UQSM2NQ.jpeg 768w,https:\/\/www.infobae.com\/new-resizer\/USsH7SlElyZdutJgv4VyngDDXZY=\/992x661\/filters:format(webp):quality(85)\/cloudfront-us-east-1.images.arcpublishing.com\/infobae\/PSE5M3LP5BAKTHQMCY5UQSM2NQ.jpeg 992w,https:\/\/www.infobae.com\/new-resizer\/qhXUL7sVeFMqs0ct5DSBHBRoZnY=\/1200x800\/filters:format(webp):quality(85)\/cloudfront-us-east-1.images.arcpublishing.com\/infobae\/PSE5M3LP5BAKTHQMCY5UQSM2NQ.jpeg 1200w,https:\/\/www.infobae.com\/new-resizer\/Bc91Cg9YcHPK9Wr9Nk1zzAiB3a8=\/1440x960\/filters:format(webp):quality(85)\/cloudfront-us-east-1.images.arcpublishing.com\/infobae\/PSE5M3LP5BAKTHQMCY5UQSM2NQ.jpeg 1440w\">El radicalismo se diferenci\u00f3 del Bullrich y Macri por el apoyo a Milei y naufraga Juntos por el Cambio<\/p>\n\n\n\n<p>Pero tambi\u00e9n hay un trasfondo pol\u00edtico. Larreta tiene una relaci\u00f3n de<strong>&nbsp;amistad con Massa&nbsp;<\/strong>de hace d\u00e9cadas. Hoy ese v\u00ednculo es distante y fr\u00edo, pero no est\u00e1 roto. \u201cLa pol\u00edtica los separ\u00f3 pero la pol\u00edtica los puede volver a unir en cualquier momento\u201d, desliz\u00f3 un operador pol\u00edtico del larretismo que tiene l\u00ednea directa con el ex intendente de Tigre.<\/p>\n\n\n\n<p>En estas circunstancias, la decisi\u00f3n del Jefe de Gobierno porte\u00f1o es<strong>&nbsp;mantener equidistancia<\/strong>&nbsp;de cara al balotaje. Su decisi\u00f3n es no pronunciarse, as\u00ed como tambi\u00e9n le ha dicho a su equipo que \u201char\u00e1 todo\u201d para mantener la \u201cunidad\u201d de JxC y del PRO. Son expresiones de deseo que parecen no haber podido resistir el vertiginoso paso del tiempo.<\/p>\n\n\n\n<p><img decoding=\"async\" loading=\"lazy\" alt=\"Sergio Massa, candidato a Presidente de Uni\u00f3n por la Patria, el gran ganador de las elecciones del 22 de octubre\n(Franco Dergarabedian\/dpa)\n\" height=\"4000\" width=\"6000\" src=\"https:\/\/www.infobae.com\/new-resizer\/nRenHf-cpbQkCeSZs7kM_6BHm18=\/arc-anglerfish-arc2-prod-infobae\/public\/N3VLYOC3WNCIRIVQX6M7U4GYJI.jpg\" srcset=\"https:\/\/www.infobae.com\/new-resizer\/i178CWsub40nICP-mHPOGvIUI_Q=\/420x280\/filters:format(webp):quality(85)\/cloudfront-us-east-1.images.arcpublishing.com\/infobae\/N3VLYOC3WNCIRIVQX6M7U4GYJI.jpg 420w,https:\/\/www.infobae.com\/new-resizer\/rDNWyCARKjs15cLmXucfI2QUb-c=\/768x512\/filters:format(webp):quality(85)\/cloudfront-us-east-1.images.arcpublishing.com\/infobae\/N3VLYOC3WNCIRIVQX6M7U4GYJI.jpg 768w,https:\/\/www.infobae.com\/new-resizer\/peRQ4sjMlIFJnYYJgvD8yquGdNw=\/992x661\/filters:format(webp):quality(85)\/cloudfront-us-east-1.images.arcpublishing.com\/infobae\/N3VLYOC3WNCIRIVQX6M7U4GYJI.jpg 992w,https:\/\/www.infobae.com\/new-resizer\/jjTxMS7CU_v_-bq3ONq3-rUZ9tg=\/1200x800\/filters:format(webp):quality(85)\/cloudfront-us-east-1.images.arcpublishing.com\/infobae\/N3VLYOC3WNCIRIVQX6M7U4GYJI.jpg 1200w,https:\/\/www.infobae.com\/new-resizer\/0BsxTVnKS34KgNSrj_VUeuPZWk8=\/1440x960\/filters:format(webp):quality(85)\/cloudfront-us-east-1.images.arcpublishing.com\/infobae\/N3VLYOC3WNCIRIVQX6M7U4GYJI.jpg 1440w\">Sergio Massa, candidato a Presidente de Uni\u00f3n por la Patria, el gran ganador de las elecciones del 22 de octubre (Franco Dergarabedian\/dpa)<\/p>\n\n\n\n<p>JxC no tiene liderazgo pol\u00edtico y qued\u00f3 preso de una horizontalidad que devino en anarqu\u00eda. La bronca y las heridas acumuladas durante la interna del proceso electoral afloraron de golpe ante la antinomia irreversible entre Massa o Milei. La ausencia de conducci\u00f3n imposibilit\u00f3 una postura concertada de cara al balotaje. El ruido pol\u00edtico emergi\u00f3 r\u00e1pido a la superficie y cada dirigente sali\u00f3 por su lado a tomar posici\u00f3n.<\/p>\n\n\n\n<p>La irrupci\u00f3n de Milei en las PASO le arrebat\u00f3 a JxC la bandera del \u201cCambio\u201d. Dos meses despu\u00e9s, el batacazo de Massa desat\u00f3 un domin\u00f3 pol\u00edtico que hizo imposible que el \u201cJuntos\u201d tenga sentido. Apenas tres d\u00edas despu\u00e9s de la elecci\u00f3n y a 25 noches de el balotaje, la coalici\u00f3n pol\u00edtica m\u00e1s importante de Argentina qued\u00f3 separada por el poder.<\/p>\n\n\n\n<p>Fuente: Infobae<\/p>\n","protected":false},"excerpt":{"rendered":"<div class=\"mh-excerpt\"><p>Juntos por el Cambio&nbsp;(JxC) transita una&nbsp;ci\u00e9naga&nbsp;de la que no podr\u00e1 salir ileso. La coalici\u00f3n lleg\u00f3 a la elecci\u00f3n del domingo al borde del&nbsp;abismo&nbsp;y el resultado del escrutinio&nbsp;forz\u00f3 una fractura&nbsp;que hasta entonces estaba maquillada por la ilusi\u00f3n de una posible vuelta al poder. La derrota de&nbsp;Patricia Bullrich&nbsp;y la consolidaci\u00f3n del balotaje entre&nbsp;Sergio Massa&nbsp;y&nbsp;Javier Milei&nbsp;aceler\u00f3 la&nbsp;desintegraci\u00f3n&nbsp;del frente y llev\u00f3 a que todo lo no tan s\u00f3lido&nbsp;se disuelva en el aire. Esa&nbsp;fricci\u00f3n&nbsp;dren\u00f3 hacia la situaci\u00f3n interna de cada partido, que por estas horas viven horas de m\u00e1xima tensi\u00f3n, y&nbsp;llev\u00f3 al l\u00edmite la unidad del PRO. A \u00faltima hora de anoche,&nbsp;Mauricio Macri&nbsp;y&nbsp;Patricia Bullrich&nbsp;se reunieron&nbsp;en <a class=\"mh-excerpt-more\" href=\"http:\/\/dsrmedios.com.ar\/diario\/archivos\/40821\" title=\"Se quiebra el PRO tras el naufragio de Juntos por el Cambio: la discusi\u00f3n por el balotaje termin\u00f3 de implosionar al partido\">[Leer m\u00e1s]<\/a><\/p>\n<\/div>","protected":false},"author":8,"featured_media":40822,"comment_status":"open","ping_status":"closed","sticky":false,"template":"","format":"standard","meta":{"_jetpack_newsletter_access":""},"categories":[6],"tags":[],"jetpack_featured_media_url":"http:\/\/dsrmedios.com.ar\/diario\/wp-content\/uploads\/2023\/10\/images-24.jpeg","jetpack_sharing_enabled":true,"jetpack_shortlink":"https:\/\/wp.me\/p9fihK-aCp","_links":{"self":[{"href":"http:\/\/dsrmedios.com.ar\/diario\/wp-json\/wp\/v2\/posts\/40821"}],"collection":[{"href":"http:\/\/dsrmedios.com.ar\/diario\/wp-json\/wp\/v2\/posts"}],"about":[{"href":"http:\/\/dsrmedios.com.ar\/diario\/wp-json\/wp\/v2\/types\/post"}],"author":[{"embeddable":true,"href":"http:\/\/dsrmedios.com.ar\/diario\/wp-json\/wp\/v2\/users\/8"}],"replies":[{"embeddable":true,"href":"http:\/\/dsrmedios.com.ar\/diario\/wp-json\/wp\/v2\/comments?post=40821"}],"version-history":[{"count":1,"href":"http:\/\/dsrmedios.com.ar\/diario\/wp-json\/wp\/v2\/posts\/40821\/revisions"}],"predecessor-version":[{"id":40823,"href":"http:\/\/dsrmedios.com.ar\/diario\/wp-json\/wp\/v2\/posts\/40821\/revisions\/40823"}],"wp:featuredmedia":[{"embeddable":true,"href":"http:\/\/dsrmedios.com.ar\/diario\/wp-json\/wp\/v2\/media\/40822"}],"wp:attachment":[{"href":"http:\/\/dsrmedios.com.ar\/diario\/wp-json\/wp\/v2\/media?parent=40821"}],"wp:term":[{"taxonomy":"category","embeddable":true,"href":"http:\/\/dsrmedios.com.ar\/diario\/wp-json\/wp\/v2\/categories?post=40821"},{"taxonomy":"post_tag","embeddable":true,"href":"http:\/\/dsrmedios.com.ar\/diario\/wp-json\/wp\/v2\/tags?post=40821"}],"curies":[{"name":"wp","href":"https:\/\/api.w.org\/{rel}","templated":true}]}}