{"id":40817,"date":"2023-10-25T13:34:21","date_gmt":"2023-10-25T16:34:21","guid":{"rendered":"http:\/\/dsrmedios.com.ar\/diario\/?p=40817"},"modified":"2023-10-25T13:34:24","modified_gmt":"2023-10-25T16:34:24","slug":"la-reaccion-de-milei-tras-el-apoyo-de-bullrich-a-su-postulacion","status":"publish","type":"post","link":"http:\/\/dsrmedios.com.ar\/diario\/archivos\/40817","title":{"rendered":"La reacci\u00f3n de Milei tras el apoyo de Bullrich a su postulaci\u00f3n"},"content":{"rendered":"\n<p><strong>Patricia Bullrich y Luis Petri&nbsp;<\/strong>anunciaron este mediod\u00eda que&nbsp;<strong>apoyar\u00e1n a<\/strong>&nbsp;<strong>Javier Milei<\/strong>, de cara al<strong>&nbsp;balotaje que se realizar\u00e1 el 19 de noviembre<\/strong>, que protagonizar\u00e1n el economista libertario y el candidato del oficialismo,&nbsp;<strong>Sergio Massa<\/strong>.<\/p>\n\n\n\n<p>Mientras la presidente del PRO hablaba en conferencia de prensa, el l\u00edder libertario hizo un curioso posteo en redes sociales:&nbsp;<strong>una foto de un pato y de un le\u00f3n simp\u00e1tico abrazados<\/strong>. Detr\u00e1s de ellos, personas con&nbsp;<strong>banderas y remeras de la Argentina<\/strong>.<\/p>\n\n\n\n<p>Los animales elegidos representan los apodos de ambos dirigentes.&nbsp;<strong>A Milei le dicen \u201cEl Le\u00f3n\u201d y Bullrich, en su entorno \u00edntimo, es \u201cPato\u201d<\/strong>, en alusi\u00f3n al comienzo de su nombre de pila.<\/p>\n\n\n\n<p><strong>Bullrich y Milei<\/strong>&nbsp;parecen dispuestos a dejar atr\u00e1s los violentos enfrentamientos que mantuvieron durante la campa\u00f1a.<\/p>\n\n\n\n<p><img decoding=\"async\" loading=\"lazy\" alt=\"El tuit de Milei\" height=\"2009\" width=\"1920\" src=\"https:\/\/www.infobae.com\/new-resizer\/OabBPoNGLp5Bfj4GJ8Oz2LqV6Fg=\/arc-anglerfish-arc2-prod-infobae\/public\/SMQTHO53DVH6VLO7Y6GNISGRXI.jpg\" srcset=\"https:\/\/www.infobae.com\/new-resizer\/_WYUjrT8FF62i9quVmUgsj8jo6g=\/420x420\/filters:format(webp):quality(85)\/cloudfront-us-east-1.images.arcpublishing.com\/infobae\/SMQTHO53DVH6VLO7Y6GNISGRXI.jpg 420w,https:\/\/www.infobae.com\/new-resizer\/GhrhYig0PT_Edqm3-o8FrercBrw=\/768x768\/filters:format(webp):quality(85)\/cloudfront-us-east-1.images.arcpublishing.com\/infobae\/SMQTHO53DVH6VLO7Y6GNISGRXI.jpg 768w,https:\/\/www.infobae.com\/new-resizer\/vN2C_OnSi5jfrDZd3qmalRbHFzY=\/992x992\/filters:format(webp):quality(85)\/cloudfront-us-east-1.images.arcpublishing.com\/infobae\/SMQTHO53DVH6VLO7Y6GNISGRXI.jpg 992w,https:\/\/www.infobae.com\/new-resizer\/xnE6Yw7DNKJOxxZizmPXgCz3RDo=\/1200x1200\/filters:format(webp):quality(85)\/cloudfront-us-east-1.images.arcpublishing.com\/infobae\/SMQTHO53DVH6VLO7Y6GNISGRXI.jpg 1200w,https:\/\/www.infobae.com\/new-resizer\/JunApgxQVNLNHuDYqspmVHbJvfo=\/1440x1440\/filters:format(webp):quality(85)\/cloudfront-us-east-1.images.arcpublishing.com\/infobae\/SMQTHO53DVH6VLO7Y6GNISGRXI.jpg 1440w\">El tuit de Milei<\/p>\n\n\n\n<p>Este mi\u00e9rcoles, en conferencia de prensa, la dirigente del PRO\u00a0<strong>cont\u00f3 que mantuvo una reuni\u00f3n privada con Milei\u00a0<\/strong>ayer a la noche en donde<strong>\u00a0hablaron de los agravios que intercambiaron durante la campa\u00f1a pol\u00edtica<\/strong>.<\/p>\n\n\n\n<p>\u201cTuve un encuentro con Javier Milei<strong>, tuvimos una charla respecto a lo que hab\u00edan sido estas declaraciones<\/strong>. Y en un \u00e1mbito privado nos perdonamos mutuamente.<strong>&nbsp;Hoy la Patria necesita que seamos capaces de perdonarnos<\/strong>. Est\u00e1 en juego algo muy importante para el futuro\u201d, asegur\u00f3 Bullrich en una conferencia de prensa.<\/p>\n\n\n\n<p>\u201c<strong>Fue en el \u00e1mbito privado en una charla entre los dos<\/strong>, est\u00e1 bien que la&nbsp;<strong>guardemos en nuestra intimidad<\/strong>, pero fue un perd\u00f3n que me parece que vale\u201d, agreg\u00f3 la ex ministra de Seguridad.<\/p>\n\n\n\n<p>Vale recordar, que el economista libertario durante el segundo debate, dijo que<strong>&nbsp;Bullrich era una montonera que hab\u00eda puesto bombas en jardines&nbsp;<\/strong>de infante, en alusi\u00f3n a su militancia juvenil en la agrupaci\u00f3n peronista. Ante esto, la referente del PRO hab\u00eda promovido una<strong>&nbsp;denuncia penal contra el libertario<\/strong>.<\/p>\n\n\n\n<p>Sobre esa presentaci\u00f3n judicial, Bullrich contest\u00f3: \u201c<strong>Es parte del acuerdo privado que hemos hecho, ya se conocer\u00e1 en su momento<\/strong>\u201d .<\/p>\n\n\n\n<p>Fuente: Infobae<\/p>\n","protected":false},"excerpt":{"rendered":"<div class=\"mh-excerpt\"><p>Patricia Bullrich y Luis Petri&nbsp;anunciaron este mediod\u00eda que&nbsp;apoyar\u00e1n a&nbsp;Javier Milei, de cara al&nbsp;balotaje que se realizar\u00e1 el 19 de noviembre, que protagonizar\u00e1n el economista libertario y el candidato del oficialismo,&nbsp;Sergio Massa. Mientras la presidente del PRO hablaba en conferencia de prensa, el l\u00edder libertario hizo un curioso posteo en redes sociales:&nbsp;una foto de un pato y de un le\u00f3n simp\u00e1tico abrazados. Detr\u00e1s de ellos, personas con&nbsp;banderas y remeras de la Argentina. Los animales elegidos representan los apodos de ambos dirigentes.&nbsp;A Milei le dicen \u201cEl Le\u00f3n\u201d y Bullrich, en su entorno \u00edntimo, es \u201cPato\u201d, en alusi\u00f3n al comienzo de su nombre <a class=\"mh-excerpt-more\" href=\"http:\/\/dsrmedios.com.ar\/diario\/archivos\/40817\" title=\"La reacci\u00f3n de Milei tras el apoyo de Bullrich a su postulaci\u00f3n\">[Leer m\u00e1s]<\/a><\/p>\n<\/div>","protected":false},"author":8,"featured_media":32063,"comment_status":"open","ping_status":"closed","sticky":false,"template":"","format":"standard","meta":{"_jetpack_newsletter_access":""},"categories":[6],"tags":[],"jetpack_featured_media_url":"http:\/\/dsrmedios.com.ar\/diario\/wp-content\/uploads\/2023\/04\/javier-mileijpg-1.jpg","jetpack_sharing_enabled":true,"jetpack_shortlink":"https:\/\/wp.me\/p9fihK-aCl","_links":{"self":[{"href":"http:\/\/dsrmedios.com.ar\/diario\/wp-json\/wp\/v2\/posts\/40817"}],"collection":[{"href":"http:\/\/dsrmedios.com.ar\/diario\/wp-json\/wp\/v2\/posts"}],"about":[{"href":"http:\/\/dsrmedios.com.ar\/diario\/wp-json\/wp\/v2\/types\/post"}],"author":[{"embeddable":true,"href":"http:\/\/dsrmedios.com.ar\/diario\/wp-json\/wp\/v2\/users\/8"}],"replies":[{"embeddable":true,"href":"http:\/\/dsrmedios.com.ar\/diario\/wp-json\/wp\/v2\/comments?post=40817"}],"version-history":[{"count":1,"href":"http:\/\/dsrmedios.com.ar\/diario\/wp-json\/wp\/v2\/posts\/40817\/revisions"}],"predecessor-version":[{"id":40820,"href":"http:\/\/dsrmedios.com.ar\/diario\/wp-json\/wp\/v2\/posts\/40817\/revisions\/40820"}],"wp:featuredmedia":[{"embeddable":true,"href":"http:\/\/dsrmedios.com.ar\/diario\/wp-json\/wp\/v2\/media\/32063"}],"wp:attachment":[{"href":"http:\/\/dsrmedios.com.ar\/diario\/wp-json\/wp\/v2\/media?parent=40817"}],"wp:term":[{"taxonomy":"category","embeddable":true,"href":"http:\/\/dsrmedios.com.ar\/diario\/wp-json\/wp\/v2\/categories?post=40817"},{"taxonomy":"post_tag","embeddable":true,"href":"http:\/\/dsrmedios.com.ar\/diario\/wp-json\/wp\/v2\/tags?post=40817"}],"curies":[{"name":"wp","href":"https:\/\/api.w.org\/{rel}","templated":true}]}}