{"id":40815,"date":"2023-10-25T13:32:40","date_gmt":"2023-10-25T16:32:40","guid":{"rendered":"http:\/\/dsrmedios.com.ar\/diario\/?p=40815"},"modified":"2023-10-25T13:32:43","modified_gmt":"2023-10-25T16:32:43","slug":"patricia-bullrich-respaldara-a-javier-milei-en-el-balotaje-la-urgencia-del-momento-nos-interpela-a-no-ser-neutrales","status":"publish","type":"post","link":"http:\/\/dsrmedios.com.ar\/diario\/archivos\/40815","title":{"rendered":"Patricia Bullrich respaldar\u00e1 a Javier Milei en el balotaje: \u201cLa urgencia del momento nos interpela a no ser neutrales\u201d"},"content":{"rendered":"\n<p><strong>Patricia Bullrich<\/strong>&nbsp;y&nbsp;<strong>Luis Petri<\/strong>&nbsp;encabezaron una conferencia de prensa en la que&nbsp;<strong>anunciaron su respaldo a Javier Milei,<\/strong>&nbsp;el candidato presidencial de La Libertad Avanza, en el balotaje.<\/p>\n\n\n\n<p>En el primer tramo de su discurso, la ex candidata a la presidencia ratific\u00f3 su&nbsp;<strong>rechazo al oficialismo<\/strong>:&nbsp;<strong>\u201cLa Argentina no puede iniciar un nuevo ciclo kirchnerista liderado por Sergio Massa (&#8230;) Hace 20 a\u00f1os que nos hunden en la decadencia\u201d.<\/strong><\/p>\n\n\n\n<p>\u201cNos encontramos<strong>&nbsp;ante el dilema de cambio o de continuidad mafiosa<\/strong>. La mayor\u00eda eligi\u00f3 un cambio, nosotros lo representamos y&nbsp;<strong>no podemos ser neutrales<\/strong>. No negociamos el cambio que la Argentina necesita\u201d, enfatiz\u00f3 Bullrich.<strong>&nbsp;\u201cHoy creemos que hay que unir fuerzas para un objetivo superior<\/strong>\u201d, remat\u00f3, antes de enumerar una serie de puntos que deber\u00edan formar parte del programa de un eventual pr\u00f3ximo gobierno encabezado por Milei.<\/p>\n\n\n\n<p>Luego lleg\u00f3 el momento de las preguntas y all\u00ed la titular del PRO explic\u00f3 que hablaban como f\u00f3rmula, m\u00e1s all\u00e1 de las expresiones de los integrantes de Juntos por el Cambio: \u201cLuego daremos la discusiones que haya que dar\u201d.<\/p>\n\n\n\n<p>\u201cAnoche&nbsp;<strong>tuve encuentro con Milei<\/strong>,, mantuvimos una charla respecto de lo que fueron sus declaraciones (la acus\u00f3 de poner bombas en jardines de infantes) y&nbsp;<strong>nos perdonamos mutuamente<\/strong>&nbsp;porque hoy la Patria necesita que seamos capaces de perdonarnos.&nbsp;<strong>Est\u00e1 en juego el futuro<\/strong>\u201d, ampli\u00f3 a modo de resumen de su acuerdo con los libertarios.<\/p>\n\n\n\n<p><img decoding=\"async\" loading=\"lazy\" alt=\"(Maximiliano Luna)\" height=\"1080\" width=\"1920\" src=\"https:\/\/www.infobae.com\/new-resizer\/VyMgzsxqNxtjwBUkWru_VMuIq-k=\/arc-anglerfish-arc2-prod-infobae\/public\/BVBPDG4LHFHBPDIREHLXPTOYJI.jpg\" srcset=\"https:\/\/www.infobae.com\/new-resizer\/D9wS3RVdPIDX7OKG0IotRXq0luk=\/420x236\/filters:format(webp):quality(85)\/cloudfront-us-east-1.images.arcpublishing.com\/infobae\/BVBPDG4LHFHBPDIREHLXPTOYJI.jpg 420w,https:\/\/www.infobae.com\/new-resizer\/cwxbdnnbOBbPQof2SS_8RT8upSg=\/768x432\/filters:format(webp):quality(85)\/cloudfront-us-east-1.images.arcpublishing.com\/infobae\/BVBPDG4LHFHBPDIREHLXPTOYJI.jpg 768w,https:\/\/www.infobae.com\/new-resizer\/EZGUeIikEGRbVm3INo9QYv3HVIM=\/992x558\/filters:format(webp):quality(85)\/cloudfront-us-east-1.images.arcpublishing.com\/infobae\/BVBPDG4LHFHBPDIREHLXPTOYJI.jpg 992w,https:\/\/www.infobae.com\/new-resizer\/9N7W1XLJuWMnSebljzrQAsmNFt0=\/1200x675\/filters:format(webp):quality(85)\/cloudfront-us-east-1.images.arcpublishing.com\/infobae\/BVBPDG4LHFHBPDIREHLXPTOYJI.jpg 1200w,https:\/\/www.infobae.com\/new-resizer\/DuBd8ClB6rS_KoYBiuWSSQ7G1o0=\/1440x810\/filters:format(webp):quality(85)\/cloudfront-us-east-1.images.arcpublishing.com\/infobae\/BVBPDG4LHFHBPDIREHLXPTOYJI.jpg 1440w\">(Maximiliano Luna)<\/p>\n\n\n\n<p>M\u00e1s tarde fue consultada sobre una eventual fractura con la UCR: \u201c<strong>El radicalismo tiene todo el derecho de tener libertad de acci\u00f3n, al igual que el PRO<\/strong>. Esperamos que esto\u00a0<strong>no signifique una ruptura del di\u00e1logo interno\u00a0<\/strong>sino que sea un fortalecimiento a futuro de Juntos por el Cambio\u201d.<\/p>\n\n\n\n<p>M\u00e1s all\u00e1 de su deseo, la decisi\u00f3n de la f\u00f3rmula presidencial de JxC de respaldar el cambio, apoyando a Milei en el balotaje, provocar\u00e1 que&nbsp;<strong>pr\u00e1cticamente se formalice la ruptura de la coalici\u00f3n opositora.<\/strong><\/p>\n\n\n\n<p>En ese contexto, Bullrich advirti\u00f3:&nbsp;<strong>\u201cSi gana el kirchnerismo, Juntos por el Cambio va a una disoluci\u00f3n total<\/strong>. Entonces es al rev\u00e9s, con esta posici\u00f3n estamos permitiendo que JxC no quede preso de una nueva transversalidad como hizo N\u00e9stor Kirchner entre 2003 y 2005\u2033.<\/p>\n\n\n\n<p>Antes de la conferencia, la titular del PRO se reuni\u00f3 con Mauricio Macri, Horacio Rodr\u00edguez Larreta, Mar\u00eda Eugenia Vidal y sus principales colaboradores en su casa para anticiparles lo que dir\u00eda, luego de una larga madrugada que incluy\u00f3&nbsp;<strong>una reuni\u00f3n con<\/strong>&nbsp;<strong>Mauricio Macri&nbsp;<\/strong>y&nbsp;<strong>el propio Milei<\/strong>&nbsp;y la posterior postergaci\u00f3n sin fecha del encuentro que los l\u00edderes del partido iban a mantener a las 11.<\/p>\n\n\n\n<p>Anoche hubo versiones de una reuni\u00f3n entre Macri y Milei, e incluso de un llamado entre Macri y Bullrich con Milei, que fueron desmentidos por macristas y bullrichistas, pero el encuentro fue&nbsp;<strong>confirmado esta ma\u00f1ana&nbsp;<\/strong>por fuentes del PRO y de la Libertad Avanza.Fue una cena y se avanz\u00f3 en un&nbsp;<strong>acuerdo pol\u00edtico&nbsp;<\/strong>por el cual el partido de Macri se apresta a&nbsp;<strong>definirse por el libertario para impedir el triunfo de Sergio Massa.<\/strong><\/p>\n\n\n\n<p><img decoding=\"async\" loading=\"lazy\" alt=\"Javier Milei lleg\u00f3 a un acuerdo con Mauricio Macri y Patricia Bullrich (Foto EFE)\n\" height=\"1431\" width=\"2147\" src=\"https:\/\/www.infobae.com\/new-resizer\/kq0iXEtST6bNq37uSec5zgPM-eE=\/arc-anglerfish-arc2-prod-infobae\/public\/WTSL3KW2C5FNXI5IASSKULUSUQ.jpg\" srcset=\"https:\/\/www.infobae.com\/new-resizer\/-I5iMbxEUU7ZwJlXK5UKZ57_NzM=\/420x280\/filters:format(webp):quality(85)\/cloudfront-us-east-1.images.arcpublishing.com\/infobae\/WTSL3KW2C5FNXI5IASSKULUSUQ.jpg 420w,https:\/\/www.infobae.com\/new-resizer\/Tut6hNYcayRyBusEJucvSo0fI5o=\/768x512\/filters:format(webp):quality(85)\/cloudfront-us-east-1.images.arcpublishing.com\/infobae\/WTSL3KW2C5FNXI5IASSKULUSUQ.jpg 768w,https:\/\/www.infobae.com\/new-resizer\/-9-5StJDZEjRiNLCahx2cjruU5E=\/992x661\/filters:format(webp):quality(85)\/cloudfront-us-east-1.images.arcpublishing.com\/infobae\/WTSL3KW2C5FNXI5IASSKULUSUQ.jpg 992w,https:\/\/www.infobae.com\/new-resizer\/zfeHGlQRxZXC_3cNAmZ-I0GYoxg=\/1200x800\/filters:format(webp):quality(85)\/cloudfront-us-east-1.images.arcpublishing.com\/infobae\/WTSL3KW2C5FNXI5IASSKULUSUQ.jpg 1200w,https:\/\/www.infobae.com\/new-resizer\/i3skXgbliqe2cWjZ5VsYeeTc930=\/1440x960\/filters:format(webp):quality(85)\/cloudfront-us-east-1.images.arcpublishing.com\/infobae\/WTSL3KW2C5FNXI5IASSKULUSUQ.jpg 1440w\">Javier Milei lleg\u00f3 a un acuerdo con Mauricio Macri y Patricia Bullrich (Foto EFE)<\/p>\n\n\n\n<p>Hasta hace unos d\u00edas era inimaginable que Bullrich le diera su respaldo a otro candidato que la hab\u00eda\u00a0<strong>acusado p\u00fablicamente<\/strong>\u00a0de ser una montonera que\u00a0<strong>pon\u00eda bombas en jardines de infantes<\/strong>. Incluso, por ese tema acudi\u00f3 a la Justicia y\u00a0<strong>present\u00f3 una denuncia formal\u00a0<\/strong>contra el referente de La Libertad Avanza. Tampoco nadie pensaba que\u00a0<strong>Macri\u00a0<\/strong>iba a avanzar en una decisi\u00f3n semejante\u00a0<strong>poniendo en riesgo<\/strong>\u00a0la unidad de Juntos por el Cambio.<\/p>\n\n\n\n<p>En la antesala del anuncio, hubo&nbsp;<strong>una tensa reuni\u00f3n<\/strong>&nbsp;de gabinete en la Ciudad de Buenos Aires que incluy\u00f3 una fuerte discusi\u00f3n entre diferentes referentes, seg\u00fan precisaron fuentes partidarias que estuvieron en el encuentro. El cruce m\u00e1s candente tuvo como protagonistas a&nbsp;<strong>Rodr\u00edguez Larreta&nbsp;<\/strong>y a&nbsp;<strong>Waldo Wolff.<\/strong>&nbsp;Jorge Macri, ganador de las elecciones porte\u00f1as, intent\u00f3 calmar las aguas, pero sus esfuerzos fueron infructuosos. Otras fuentes vinculadas a Larreta explicaron que se le pidi\u00f3 a Wolff, que ayer hab\u00eda expresado su respaldo a Milei, que esperara un pronunciamiento org\u00e1nico del partido. Wolff defendi\u00f3 su postura y&nbsp;<strong>pidi\u00f3 que haya un debate profundo en el partido.<\/strong><\/p>\n\n\n\n<p><img decoding=\"async\" loading=\"lazy\" alt=\"Waldo Wolff coincidi\u00f3 con Javier Milei en un estudio de TV y revel\u00f3 que lo apoyar\u00e1 en el balotaje\n\" height=\"529\" width=\"1080\" src=\"https:\/\/www.infobae.com\/new-resizer\/ckqNioweNgtHIUWwbdXevzPOUrw=\/arc-anglerfish-arc2-prod-infobae\/public\/TDQPEB5FCVBTVJKF7W4H5V7VQM.PNG\" srcset=\"https:\/\/www.infobae.com\/new-resizer\/o6CILOUjXJ-CbNye2Tq7CVIqooY=\/420x187\/filters:format(webp):quality(85)\/cloudfront-us-east-1.images.arcpublishing.com\/infobae\/TDQPEB5FCVBTVJKF7W4H5V7VQM.PNG 420w,https:\/\/www.infobae.com\/new-resizer\/J73F-A9eDM6_VChMQUWEms9NWhI=\/768x341\/filters:format(webp):quality(85)\/cloudfront-us-east-1.images.arcpublishing.com\/infobae\/TDQPEB5FCVBTVJKF7W4H5V7VQM.PNG 768w,https:\/\/www.infobae.com\/new-resizer\/BVXG12kgr-4X4eaYaS77RfXle-g=\/992x441\/filters:format(webp):quality(85)\/cloudfront-us-east-1.images.arcpublishing.com\/infobae\/TDQPEB5FCVBTVJKF7W4H5V7VQM.PNG 992w,https:\/\/www.infobae.com\/new-resizer\/ATUIAkcuC_MlvqF5YAssIw3BImc=\/1200x533\/filters:format(webp):quality(85)\/cloudfront-us-east-1.images.arcpublishing.com\/infobae\/TDQPEB5FCVBTVJKF7W4H5V7VQM.PNG 1200w\">Waldo Wolff coincidi\u00f3 con Javier Milei en un estudio de TV y revel\u00f3 que lo apoyar\u00e1 en el balotaje<\/p>\n\n\n\n<p>Wolff, un \u201chalc\u00f3n\u201d del PRO que milita en el larretismo y es secretario de Asuntos P\u00fablicos del gobierno porte\u00f1o, coincidi\u00f3 ayer con Milei en los estudios de LN+ y dijo: \u201cMa\u00f1ana (por hoy) tenemos una discusi\u00f3n partidaria y yo tengo mi posici\u00f3n personal; en estas alternativas que hay&nbsp;<strong>voy a apoyar a Javier (Milei);&nbsp;<\/strong>yo propongo eso\u201d. Pocas horas antes, un referente del sector duro del PRO como&nbsp;<strong>Javier Iguacel,<\/strong>&nbsp;intendente de Capit\u00e1n Sarmiento y ex precandidato a gobernador bonaerense del bullrichismo, tambi\u00e9n que apoyar\u00e1 a Milei porque<strong>&nbsp;\u201ces libertad o delincuencia\u201d&nbsp;<\/strong>en un mensaje en la red social X, titulado \u201cNo es tiempo de tibios\u201d.<\/p>\n\n\n\n<p>Mientras algunos dirigentes del ala moderada, como Larreta, Vidal y Santilli,&nbsp;<strong>no quieren apoyar a Milei<\/strong>&nbsp;y buscan la&nbsp;<strong>neutralidad&nbsp;<\/strong>de todo JxC para el balotaje, Macri ya les dijo a sus \u00edntimos que Massa es su&nbsp;<strong>\u201cl\u00edmite\u201d<\/strong>&nbsp;y prefiere un acuerdo con Milei. La misma postura tienen&nbsp;<strong>Bullrich&nbsp;<\/strong>y&nbsp;<strong>Federico Angelini<\/strong>, vicepresidente del PRO, quien se mostr\u00f3 m\u00e1s cerca de pronunciarse en favor del libertario: dijo que&nbsp;<strong>\u201cel PRO no naci\u00f3 para la libertad de acci\u00f3n<\/strong>&nbsp;sino para tomar decisiones y definiciones pol\u00edticas\u201d.<\/p>\n\n\n\n<p>Esta ma\u00f1ana, el dirigente radical&nbsp;<strong>Ernesto Sanz,<\/strong>&nbsp;uno de los fundadores de la coalici\u00f3n, anticip\u00f3 que<strong>&nbsp;se romper\u00e1 JxC si el PRO se define por Milei.&nbsp;<\/strong>A las 14, los miembros del&nbsp;<strong>Comit\u00e9 Nacional de la UCR&nbsp;<\/strong>debatir\u00e1n la postura ante el balotaje, en medio de las opiniones de algunos dirigentes para&nbsp;<strong>respaldar a Massa, en un claro rechazo a Milei<\/strong>. En esa l\u00ednea trabajan&nbsp;<strong>Gerardo Morales y Mart\u00edn Lousteau<\/strong>.<\/p>\n\n\n\n<p><img decoding=\"async\" loading=\"lazy\" alt=\"Alfredo Cornejo, con Patricia Bullrich y la vicegobernadora electa de Mendoza, Hebe Casado\" height=\"853\" width=\"1280\" src=\"https:\/\/www.infobae.com\/new-resizer\/PqhmtZjTGVFeaHrJYCrBf_VsvoM=\/arc-anglerfish-arc2-prod-infobae\/public\/ESMJGGIKSJAQPJVU4RQ6JQXDAE.jpeg\" srcset=\"https:\/\/www.infobae.com\/new-resizer\/1YfpBh6Letw-8QusLqFzdQk7a3g=\/420x280\/filters:format(webp):quality(85)\/cloudfront-us-east-1.images.arcpublishing.com\/infobae\/ESMJGGIKSJAQPJVU4RQ6JQXDAE.jpeg 420w,https:\/\/www.infobae.com\/new-resizer\/eRFdUlvoefKQF0xjNCHPr5Hoaqw=\/768x512\/filters:format(webp):quality(85)\/cloudfront-us-east-1.images.arcpublishing.com\/infobae\/ESMJGGIKSJAQPJVU4RQ6JQXDAE.jpeg 768w,https:\/\/www.infobae.com\/new-resizer\/YvzXFUAO59CSd3qpZmhpAbG1_AQ=\/992x661\/filters:format(webp):quality(85)\/cloudfront-us-east-1.images.arcpublishing.com\/infobae\/ESMJGGIKSJAQPJVU4RQ6JQXDAE.jpeg 992w,https:\/\/www.infobae.com\/new-resizer\/Kberf4sIUr0k4KxuqA_vmIsAn2U=\/1200x800\/filters:format(webp):quality(85)\/cloudfront-us-east-1.images.arcpublishing.com\/infobae\/ESMJGGIKSJAQPJVU4RQ6JQXDAE.jpeg 1200w,https:\/\/www.infobae.com\/new-resizer\/9f6ccCukAZGUEkNpkG-h8NevO_g=\/1440x960\/filters:format(webp):quality(85)\/cloudfront-us-east-1.images.arcpublishing.com\/infobae\/ESMJGGIKSJAQPJVU4RQ6JQXDAE.jpeg 1440w\">Alfredo Cornejo, con Patricia Bullrich y la vicegobernadora electa de Mendoza, Hebe Casado<\/p>\n\n\n\n<p>Por su parte, el gobernador electo de Mendoza,<strong>&nbsp;Alfredo Cornejo,<\/strong>&nbsp;de la UCR, anunci\u00f3 hoy que&nbsp;<strong>\u201cno acompa\u00f1ar\u00e1 ning\u00fan proyecto pol\u00edtico de los candidatos a presidente de la Argentina\u201d.&nbsp;<\/strong>\u201cNuestro deber no es determinar qui\u00e9n ser\u00e1 el pr\u00f3ximo mandatario, sino constituirnos como una oposici\u00f3n con presencia territorial, dedicada a proteger las instituciones y supervisar al gobierno que resulte electo el pr\u00f3ximo 19 de noviembre\u201d, dijo en un comunicado de prensa que firman tambi\u00e9n el actual gobernador, Rodolfo Su\u00e1rez, y los intendentes electos de la UCR en Mendoza.<\/p>\n\n\n\n<p>Esta tarde, a las 19, los\u00a0<strong>10 gobernadores de Juntos por el Cambio\u00a0<\/strong>se reunir\u00e1n en la Casa de la Provincia de Corrientes, en Maip\u00fa 271, con la presencia confirmada de los tres mandatarios electos del PRO, Jorge Macri (CABA), Ignacio Torres (Chubut) y Rogelio Frigerio (Entre R\u00edos), adem\u00e1s de sus colegas como Alfredo Cornejo (Mendoza), Marcelo Orrego (San Juan), Claudio Poggi (San Luis), Leandro Zdero (Chaco) y Carlos Sadir (Jujuy), m\u00e1s Gustavo Vald\u00e9s, que conduce Corrientes, y Jorge Macri, que acaba de confirmar su triunfo en la ciudad de Buenos Aires. El \u00fanico\u00a0<strong>ausente con aviso<\/strong>\u00a0ser\u00e1 Maximiliano Pullaro(Santa Fe), quien est\u00e1 de viaje en el exterior.<\/p>\n\n\n\n<p>Fuente: Infobae<\/p>\n","protected":false},"excerpt":{"rendered":"<div class=\"mh-excerpt\"><p>Patricia Bullrich&nbsp;y&nbsp;Luis Petri&nbsp;encabezaron una conferencia de prensa en la que&nbsp;anunciaron su respaldo a Javier Milei,&nbsp;el candidato presidencial de La Libertad Avanza, en el balotaje. En el primer tramo de su discurso, la ex candidata a la presidencia ratific\u00f3 su&nbsp;rechazo al oficialismo:&nbsp;\u201cLa Argentina no puede iniciar un nuevo ciclo kirchnerista liderado por Sergio Massa (&#8230;) Hace 20 a\u00f1os que nos hunden en la decadencia\u201d. \u201cNos encontramos&nbsp;ante el dilema de cambio o de continuidad mafiosa. La mayor\u00eda eligi\u00f3 un cambio, nosotros lo representamos y&nbsp;no podemos ser neutrales. No negociamos el cambio que la Argentina necesita\u201d, enfatiz\u00f3 Bullrich.&nbsp;\u201cHoy creemos que hay que unir <a class=\"mh-excerpt-more\" href=\"http:\/\/dsrmedios.com.ar\/diario\/archivos\/40815\" title=\"Patricia Bullrich respaldar\u00e1 a Javier Milei en el balotaje: \u201cLa urgencia del momento nos interpela a no ser neutrales\u201d\">[Leer m\u00e1s]<\/a><\/p>\n<\/div>","protected":false},"author":8,"featured_media":36916,"comment_status":"open","ping_status":"closed","sticky":false,"template":"","format":"standard","meta":{"_jetpack_newsletter_access":""},"categories":[6],"tags":[],"jetpack_featured_media_url":"http:\/\/dsrmedios.com.ar\/diario\/wp-content\/uploads\/2023\/07\/600x400_patricia-bullrich-presidenta-pro-967467-115321.webp","jetpack_sharing_enabled":true,"jetpack_shortlink":"https:\/\/wp.me\/p9fihK-aCj","_links":{"self":[{"href":"http:\/\/dsrmedios.com.ar\/diario\/wp-json\/wp\/v2\/posts\/40815"}],"collection":[{"href":"http:\/\/dsrmedios.com.ar\/diario\/wp-json\/wp\/v2\/posts"}],"about":[{"href":"http:\/\/dsrmedios.com.ar\/diario\/wp-json\/wp\/v2\/types\/post"}],"author":[{"embeddable":true,"href":"http:\/\/dsrmedios.com.ar\/diario\/wp-json\/wp\/v2\/users\/8"}],"replies":[{"embeddable":true,"href":"http:\/\/dsrmedios.com.ar\/diario\/wp-json\/wp\/v2\/comments?post=40815"}],"version-history":[{"count":1,"href":"http:\/\/dsrmedios.com.ar\/diario\/wp-json\/wp\/v2\/posts\/40815\/revisions"}],"predecessor-version":[{"id":40818,"href":"http:\/\/dsrmedios.com.ar\/diario\/wp-json\/wp\/v2\/posts\/40815\/revisions\/40818"}],"wp:featuredmedia":[{"embeddable":true,"href":"http:\/\/dsrmedios.com.ar\/diario\/wp-json\/wp\/v2\/media\/36916"}],"wp:attachment":[{"href":"http:\/\/dsrmedios.com.ar\/diario\/wp-json\/wp\/v2\/media?parent=40815"}],"wp:term":[{"taxonomy":"category","embeddable":true,"href":"http:\/\/dsrmedios.com.ar\/diario\/wp-json\/wp\/v2\/categories?post=40815"},{"taxonomy":"post_tag","embeddable":true,"href":"http:\/\/dsrmedios.com.ar\/diario\/wp-json\/wp\/v2\/tags?post=40815"}],"curies":[{"name":"wp","href":"https:\/\/api.w.org\/{rel}","templated":true}]}}