{"id":40812,"date":"2023-10-25T13:30:23","date_gmt":"2023-10-25T16:30:23","guid":{"rendered":"http:\/\/dsrmedios.com.ar\/diario\/?p=40812"},"modified":"2023-10-25T13:30:26","modified_gmt":"2023-10-25T16:30:26","slug":"elisa-carrio-macri-siempre-jugo-con-milei","status":"publish","type":"post","link":"http:\/\/dsrmedios.com.ar\/diario\/archivos\/40812","title":{"rendered":"Elisa Carri\u00f3: \u201cMacri siempre jug\u00f3 con Milei\u201d"},"content":{"rendered":"\n<p><strong>Elisa Carri\u00f3<\/strong>, titular de la Coalici\u00f3n C\u00edvica y fundadora de Juntos por el Cambio, se pronunci\u00f3 en duros t\u00e9rminos<strong>&nbsp;contra Mauricio Macri<\/strong>&nbsp;en la previa al&nbsp;<a rel=\"noreferrer noopener\" href=\"https:\/\/www.infobae.com\/politica\/2023\/10\/25\/patricia-bullrich-respaldara-a-javier-milei-en-el-balotaje\/\" target=\"_blank\">anuncio de la ex candidata presidencial&nbsp;<strong>Patricia Bullrich<\/strong><\/a>, en la que formaliz\u00f3 su respaldo a&nbsp;<strong>Javier Milei&nbsp;<\/strong>en el balotaje del 19 de noviembre, a pesar de que a\u00fan la coalici\u00f3n no sell\u00f3 una postura unificada y tiene diferencias expl\u00edcitas sobre la figura del dirigente libertario.<\/p>\n\n\n\n<p>Desde hace tiempo, \u201cLilita\u201d cree que el ex Presidente es el cerebro de la jugada pol\u00edtica para tejer una alianza con el espacio de La Libertad Avanza (LLA). \u201c<strong>Siempre Macri jug\u00f3 para Milei y para la destrucci\u00f3n de Juntos por el Cambio<\/strong>, la verdad hist\u00f3rica es esa\u201d, acus\u00f3 al dirigente del PRO.<\/p>\n\n\n\n<p>\u201c<strong>Nosotros no vamos a someternos a ninguna extorsi\u00f3n&nbsp;<\/strong>aunque provenga de un pueblo, no vamos a dar el salto al vac\u00edo para la venta de \u00f3rganos porque viola los derechos humanos, no estamos de acuerdo con la venta de ni\u00f1os y la legalizaci\u00f3n del narcotr\u00e1fico, todo esto va a conducir a delitos de lesa humanidad\u201d, asegur\u00f3 Carri\u00f3 en di\u00e1logo con el periodista Luis Novaresio por el canal&nbsp;<em>LN+<\/em>.<\/p>\n\n\n\n<p>La ex diputada nacional asegur\u00f3 que estuvo del lado de Mauricio Macri desde la derrota de 2019, y que colabor\u00f3 intensamente con su gesti\u00f3n en asuntos como la reforma previsional de 2017. Y que es el ex presidente quien va a producir finalmente la ruptura de Juntos por el Cambio. \u201c<strong>Su lado oscuro le gan\u00f3<\/strong>,\u00a0<strong>en consecuencia el que rompe es \u00e9l (por Macri)<\/strong>, y\u00a0<strong>la pobre Patricia va a cometer un error hist\u00f3rico\u201d<\/strong>, dijo, y record\u00f3 que \u201cnadie la entendi\u00f3\u201d cuando ella anunci\u00f3 que no hablar\u00eda m\u00e1s con el ex presidente.<\/p>\n\n\n\n<p>\u201cMe di cuenta en su cara, y su zona oscura. Se lo dije a Maxi (Ferraro) y a Maricel (Etchecoin): lo que va a hacer Macri es desgastar a Horacio, entregarla a Patricia e irse con Milei\u201d, insisti\u00f3. \u201cPatricia me dej\u00f3 de hablar y yo no voy a forzarla, ella est\u00e1 muy condicionada. Est\u00e1 perdida la partida de bridge para Macri, jug\u00f3 con nosotros, pero perdi\u00f3\u201d, consider\u00f3 tambi\u00e9n en declaraciones a radio&nbsp;<em>Mitre<\/em>.<\/p>\n\n\n\n<p>Seg\u00fan Carri\u00f3, \u201c<strong>el kirchnerismo ya gan\u00f3\u201d&nbsp;<\/strong>en este a\u00f1o electoral luego de que el gobernador&nbsp;<strong>Axel Kicillof&nbsp;<\/strong>lograra su reelecci\u00f3n este domingo en la provincia de Buenos Aires, y le atribuy\u00f3 esa derrota al \u201c<strong>equivocarse Macri con la estrategia\u201d<\/strong>, \u201cde pelearse con (Diego) Santilli y no ponerlo de candidato a gobernador\u201d, agreg\u00f3, en relaci\u00f3n a la interna que se produjo entre el diputado nacional y&nbsp;<strong>N\u00e9stor Grindetti<\/strong>, quien result\u00f3 vencedor de la contienda en las primarias del 13 de agosto.<\/p>\n\n\n\n<p><img decoding=\"async\" loading=\"lazy\" alt=\"Despu\u00e9s de los gui\u00f1os de Mauricio Macri a Javier Milei, Patricia Bullrich finalmente defini\u00f3 apoyar al libertario en el balotaje (Foto: Nicol\u00e1s Stulberg)\" height=\"864\" width=\"1536\" src=\"https:\/\/www.infobae.com\/new-resizer\/3pDMWgtVVLJEutKx9wog3A4OlEg=\/arc-anglerfish-arc2-prod-infobae\/public\/IUEVEC6ESBES5EYDLKWO2PXUN4.jpg\" srcset=\"https:\/\/www.infobae.com\/new-resizer\/ct4cAsvhfb16VIzFtXYQ0HypVQs=\/420x236\/filters:format(webp):quality(85)\/cloudfront-us-east-1.images.arcpublishing.com\/infobae\/IUEVEC6ESBES5EYDLKWO2PXUN4.jpg 420w,https:\/\/www.infobae.com\/new-resizer\/LYj0IANHUsb4f5fRfaw5q1Ur1hY=\/768x432\/filters:format(webp):quality(85)\/cloudfront-us-east-1.images.arcpublishing.com\/infobae\/IUEVEC6ESBES5EYDLKWO2PXUN4.jpg 768w,https:\/\/www.infobae.com\/new-resizer\/_QDqQ-BcFF6TJ0AiMMpISGyvxrY=\/992x558\/filters:format(webp):quality(85)\/cloudfront-us-east-1.images.arcpublishing.com\/infobae\/IUEVEC6ESBES5EYDLKWO2PXUN4.jpg 992w,https:\/\/www.infobae.com\/new-resizer\/7V3FT7wI1YYE2-A0kfrJv4OxL44=\/1200x675\/filters:format(webp):quality(85)\/cloudfront-us-east-1.images.arcpublishing.com\/infobae\/IUEVEC6ESBES5EYDLKWO2PXUN4.jpg 1200w,https:\/\/www.infobae.com\/new-resizer\/mPm1LsWKw4WyKtSXpKPdCtIV66Q=\/1440x810\/filters:format(webp):quality(85)\/cloudfront-us-east-1.images.arcpublishing.com\/infobae\/IUEVEC6ESBES5EYDLKWO2PXUN4.jpg 1440w\">Despu\u00e9s de los gui\u00f1os de Mauricio Macri a Javier Milei, Patricia Bullrich finalmente defini\u00f3 apoyar al libertario en el balotaje (Foto: Nicol\u00e1s Stulberg)<\/p>\n\n\n\n<p>En estas elecciones, la dirigente de la Coalici\u00f3n C\u00edvica expuso su posici\u00f3n sobre c\u00f3mo deber\u00e1 pronunciarse la ciudadan\u00eda en las urnas. \u201c<strong>Hay que impugnar el voto, y el que quiera votar que se haga responsable, porque est\u00e1 avalando\u201d<\/strong>, afirm\u00f3.<\/p>\n\n\n\n<p>Acerca de la situaci\u00f3n interna del espacio opositor, Carri\u00f3 asegur\u00f3 que \u201cuna parte del PRO tiene nuestra posici\u00f3n\u201d y que \u201cel radicalismo est\u00e1 imposibilitado de actuar en uno u otro lado porque violar\u00eda sus principios republicanos\u201d, consider\u00f3. Y descart\u00f3 que ella o la Coalici\u00f3n C\u00edvica le brinde un respaldo al candidato presidencial de Uni\u00f3n por la Patria,&nbsp;<strong>Sergio Massa<\/strong>. \u201cYo lo acus\u00e9 de corrupci\u00f3n y narcotr\u00e1fico durante a\u00f1os\u201d, dijo.<\/p>\n\n\n\n<p><strong>\u201cLa causa republicana permanece, los hombres y mujeres pasan\u201d<\/strong>, conf\u00edo Lilita, aunque se disuelva el espacio opositor.<\/p>\n\n\n\n<p>Luego de los posicionamientos de Patricia Bullrich y Luis Petri en favor de Milei, y el rechazo de Elisa Carri\u00f3 y de la Coalici\u00f3n C\u00edvica a establecer una alianza con el dirigente opositor, se espera que esta tarde el Comit\u00e9 Nacional de la\u00a0<a rel=\"noreferrer noopener\" href=\"https:\/\/www.infobae.com\/politica\/2023\/10\/24\/la-ucr-define-su-rol-en-el-balotaje-ante-un-posible-quiebre-de-jxc-el-reclamo-de-los-gobernadores-y-las-diferencias-por-massa\/\" target=\"_blank\"><strong>Uni\u00f3n C\u00edvica Radical\u00a0<\/strong>(UCR) mantenga una reuni\u00f3n para tomar una resoluci\u00f3n<\/a>\u00a0sobre el balotaje entre el candidato libertario y Sergio Massa. Ya algunos referentes radicales se pronunciaron a favor de apoyar pol\u00edticamente al ministro de Econom\u00eda ante la segunda vuelta.<\/p>\n\n\n\n<p>Fuente: infobae<\/p>\n","protected":false},"excerpt":{"rendered":"<div class=\"mh-excerpt\"><p>Elisa Carri\u00f3, titular de la Coalici\u00f3n C\u00edvica y fundadora de Juntos por el Cambio, se pronunci\u00f3 en duros t\u00e9rminos&nbsp;contra Mauricio Macri&nbsp;en la previa al&nbsp;anuncio de la ex candidata presidencial&nbsp;Patricia Bullrich, en la que formaliz\u00f3 su respaldo a&nbsp;Javier Milei&nbsp;en el balotaje del 19 de noviembre, a pesar de que a\u00fan la coalici\u00f3n no sell\u00f3 una postura unificada y tiene diferencias expl\u00edcitas sobre la figura del dirigente libertario. Desde hace tiempo, \u201cLilita\u201d cree que el ex Presidente es el cerebro de la jugada pol\u00edtica para tejer una alianza con el espacio de La Libertad Avanza (LLA). \u201cSiempre Macri jug\u00f3 para Milei y <a class=\"mh-excerpt-more\" href=\"http:\/\/dsrmedios.com.ar\/diario\/archivos\/40812\" title=\"Elisa Carri\u00f3: \u201cMacri siempre jug\u00f3 con Milei\u201d\">[Leer m\u00e1s]<\/a><\/p>\n<\/div>","protected":false},"author":8,"featured_media":10250,"comment_status":"open","ping_status":"closed","sticky":false,"template":"","format":"standard","meta":{"_jetpack_newsletter_access":""},"categories":[6],"tags":[],"jetpack_featured_media_url":"http:\/\/dsrmedios.com.ar\/diario\/wp-content\/uploads\/2019\/01\/carrio.jpg","jetpack_sharing_enabled":true,"jetpack_shortlink":"https:\/\/wp.me\/p9fihK-aCg","_links":{"self":[{"href":"http:\/\/dsrmedios.com.ar\/diario\/wp-json\/wp\/v2\/posts\/40812"}],"collection":[{"href":"http:\/\/dsrmedios.com.ar\/diario\/wp-json\/wp\/v2\/posts"}],"about":[{"href":"http:\/\/dsrmedios.com.ar\/diario\/wp-json\/wp\/v2\/types\/post"}],"author":[{"embeddable":true,"href":"http:\/\/dsrmedios.com.ar\/diario\/wp-json\/wp\/v2\/users\/8"}],"replies":[{"embeddable":true,"href":"http:\/\/dsrmedios.com.ar\/diario\/wp-json\/wp\/v2\/comments?post=40812"}],"version-history":[{"count":1,"href":"http:\/\/dsrmedios.com.ar\/diario\/wp-json\/wp\/v2\/posts\/40812\/revisions"}],"predecessor-version":[{"id":40816,"href":"http:\/\/dsrmedios.com.ar\/diario\/wp-json\/wp\/v2\/posts\/40812\/revisions\/40816"}],"wp:featuredmedia":[{"embeddable":true,"href":"http:\/\/dsrmedios.com.ar\/diario\/wp-json\/wp\/v2\/media\/10250"}],"wp:attachment":[{"href":"http:\/\/dsrmedios.com.ar\/diario\/wp-json\/wp\/v2\/media?parent=40812"}],"wp:term":[{"taxonomy":"category","embeddable":true,"href":"http:\/\/dsrmedios.com.ar\/diario\/wp-json\/wp\/v2\/categories?post=40812"},{"taxonomy":"post_tag","embeddable":true,"href":"http:\/\/dsrmedios.com.ar\/diario\/wp-json\/wp\/v2\/tags?post=40812"}],"curies":[{"name":"wp","href":"https:\/\/api.w.org\/{rel}","templated":true}]}}