{"id":40808,"date":"2023-10-25T13:25:22","date_gmt":"2023-10-25T16:25:22","guid":{"rendered":"http:\/\/dsrmedios.com.ar\/diario\/?p=40808"},"modified":"2023-10-25T13:25:24","modified_gmt":"2023-10-25T16:25:24","slug":"primera-peatonal-de-oficios-en-carhue-el-4-de-noviembre-2","status":"publish","type":"post","link":"http:\/\/dsrmedios.com.ar\/diario\/archivos\/40808","title":{"rendered":"<strong>Primera Peatonal de Oficios en Carhu\u00e9 el 4 de noviembre<\/strong>"},"content":{"rendered":"\n<p>El centro de Formaci\u00f3n Laboral N.\u00ba 401 con la colaboraci\u00f3n de la Municipalidad de Adolfo Alsina, a trav\u00e9s de la Secretar\u00eda de Cultura y Educaci\u00f3n y la Secretar\u00eda de Seguridad, presenta la Primera Peatonal de Oficios en Carhu\u00e9.<\/p>\n\n\n\n<p>El 4 de noviembre a partir de las 19:00 en la sede de calle Col\u00f3n entre Dorrego y Bvard. Alsina, el CFL presentar\u00e1 exposici\u00f3n de trabajos de los cursos 2023, feria de egresados emprendedores, patio gastron\u00f3mico, m\u00fasica en vivo, ludoteca, y mucho entretenimiento m\u00e1s.<\/p>\n","protected":false},"excerpt":{"rendered":"<div class=\"mh-excerpt\"><p>El centro de Formaci\u00f3n Laboral N.\u00ba 401 con la colaboraci\u00f3n de la Municipalidad de Adolfo Alsina, a trav\u00e9s de la Secretar\u00eda de Cultura y Educaci\u00f3n y la Secretar\u00eda de Seguridad, presenta la Primera Peatonal de Oficios en Carhu\u00e9. El 4 de noviembre a partir de las 19:00 en la sede de calle Col\u00f3n entre Dorrego y Bvard. Alsina, el CFL presentar\u00e1 exposici\u00f3n de trabajos de los cursos 2023, feria de egresados emprendedores, patio gastron\u00f3mico, m\u00fasica en vivo, ludoteca, y mucho entretenimiento m\u00e1s.<\/p>\n<\/div>","protected":false},"author":8,"featured_media":40809,"comment_status":"open","ping_status":"closed","sticky":false,"template":"","format":"standard","meta":{"_jetpack_newsletter_access":""},"categories":[18,31,5],"tags":[],"jetpack_featured_media_url":"http:\/\/dsrmedios.com.ar\/diario\/wp-content\/uploads\/2023\/10\/descarga-1.png","jetpack_sharing_enabled":true,"jetpack_shortlink":"https:\/\/wp.me\/p9fihK-aCc","_links":{"self":[{"href":"http:\/\/dsrmedios.com.ar\/diario\/wp-json\/wp\/v2\/posts\/40808"}],"collection":[{"href":"http:\/\/dsrmedios.com.ar\/diario\/wp-json\/wp\/v2\/posts"}],"about":[{"href":"http:\/\/dsrmedios.com.ar\/diario\/wp-json\/wp\/v2\/types\/post"}],"author":[{"embeddable":true,"href":"http:\/\/dsrmedios.com.ar\/diario\/wp-json\/wp\/v2\/users\/8"}],"replies":[{"embeddable":true,"href":"http:\/\/dsrmedios.com.ar\/diario\/wp-json\/wp\/v2\/comments?post=40808"}],"version-history":[{"count":1,"href":"http:\/\/dsrmedios.com.ar\/diario\/wp-json\/wp\/v2\/posts\/40808\/revisions"}],"predecessor-version":[{"id":40810,"href":"http:\/\/dsrmedios.com.ar\/diario\/wp-json\/wp\/v2\/posts\/40808\/revisions\/40810"}],"wp:featuredmedia":[{"embeddable":true,"href":"http:\/\/dsrmedios.com.ar\/diario\/wp-json\/wp\/v2\/media\/40809"}],"wp:attachment":[{"href":"http:\/\/dsrmedios.com.ar\/diario\/wp-json\/wp\/v2\/media?parent=40808"}],"wp:term":[{"taxonomy":"category","embeddable":true,"href":"http:\/\/dsrmedios.com.ar\/diario\/wp-json\/wp\/v2\/categories?post=40808"},{"taxonomy":"post_tag","embeddable":true,"href":"http:\/\/dsrmedios.com.ar\/diario\/wp-json\/wp\/v2\/tags?post=40808"}],"curies":[{"name":"wp","href":"https:\/\/api.w.org\/{rel}","templated":true}]}}