{"id":40792,"date":"2023-10-24T11:32:07","date_gmt":"2023-10-24T14:32:07","guid":{"rendered":"http:\/\/dsrmedios.com.ar\/diario\/?p=40792"},"modified":"2023-10-24T11:32:10","modified_gmt":"2023-10-24T14:32:10","slug":"massa-monitorea-la-crisis-de-jxc-y-busca-seducir-a-los-votantes-de-bullrich-que-no-simpatizan-con-milei","status":"publish","type":"post","link":"http:\/\/dsrmedios.com.ar\/diario\/archivos\/40792","title":{"rendered":"Massa monitorea la crisis de JxC y busca seducir a los votantes de Bullrich que no simpatizan con Milei"},"content":{"rendered":"\n<p><a href=\"https:\/\/tn.com.ar\/politica\/2023\/10\/24\/milei-y-massa-al-balotaje-sus-estrategias-para-captar-el-voto-en-blanco-y-de-los-otros-tres-candidatos\/\" target=\"_blank\" rel=\"noreferrer noopener\"><strong>Sergio Massa<\/strong><\/a>sum\u00f3 10 puntos respecto a las PASO, recuper\u00f3 provincias del sur y el norte del pa\u00eds y frente a todos los pron\u00f3sticos cosech\u00f3 9.645.983 votos con el 98,51% de las mesas escrutadas para forjarse en noviembre en un mano a mano con<a href=\"https:\/\/tn.com.ar\/politica\/2023\/10\/23\/javier-milei-revelo-que-mantuvo-conversaciones-con-mauricio-macri-los-detalles\/\" target=\"_blank\" rel=\"noreferrer noopener\"><strong>Javier Milei<\/strong><\/a>, que se qued\u00f3 con el 29,98% del electorado.<\/p>\n\n\n\n<p>En Uni\u00f3n por la Patria ya hacen cuentas sobre la cantidad de votos que el ministro de Econom\u00eda y candidato a presidente de Uni\u00f3n por la Patria deber\u00eda sumar para asegurarse una victoria en el balotaje. Hablan, de m\u00ednima, de la necesidad de\u00a0<strong>sumar entre 6 y 7 puntos\u00a0<\/strong>que provendr\u00edan de una pescera de votos compuestas por electores de diferentes colores pol\u00edticos.<\/p>\n\n\n\n<p>M\u00e1s all\u00e1 de que p\u00fablicamente Massa le haya hecho gui\u00f1os a los votantes del postulante de Hacemos por Nuestro Pa\u00eds,&nbsp;<strong>Juan Schiaretti&nbsp;<\/strong>y de la candidata de la Izquierda, Myriam Bregman, el tigrense tambi\u00e9n apuntar\u00e1 a un n\u00facleo de votantes de la candidata de Juntos por el Cambio,&nbsp;<a href=\"https:\/\/tn.com.ar\/politica\/2023\/10\/23\/entre-guinos-de-massa-con-la-ucr-y-de-milei-con-el-pro-la-derrota-dejo-a-jxc-ante-el-peligro-de-fractura\/\" target=\"_blank\" rel=\"noreferrer noopener\"><strong>Patricia Bullrich<\/strong><\/a><strong>,<\/strong>&nbsp;que podr\u00edan no inclinarse en su totalidad hacia Milei.<\/p>\n\n\n\n<h2>Massa apunta a un sector del electorado de Bullrich que podr\u00eda no acompa\u00f1ar las ideas duras de Milei<\/h2>\n\n\n\n<p>Por ahora en el oficialismo no se hablan de un porcentaje concreto de ese electorado, pero esbozan una teor\u00eda: \u201cUna parte del votante que acompa\u00f1\u00f3 en octubre a Bullrich no piensa igual que Milei,&nbsp;<strong>no comparte su visi\u00f3n de motosierra<\/strong>, si no lo hubiera votado el domingo. Es un elector que est\u00e1 m\u00e1s bien cerca de la moderaci\u00f3n, que es de derecha, pero cerca de la moderaci\u00f3n. Incluso es un voto que a pesar de que Bullrich ven\u00eda en ca\u00edda no se fue a La Libertad Avanza\u201d.<\/p>\n\n\n\n<figure class=\"wp-block-image\"><img decoding=\"async\" src=\"https:\/\/tn.com.ar\/resizer\/cYEB-kTgqVV1z3AULwOHs5_e3SE=\/767x0\/smart\/filters:format(webp)\/cloudfront-us-east-1.images.arcpublishing.com\/artear\/5LJZNYAJUUWETA633ACRYZW3HE.jpg\" alt=\"Massa apunta a un sector del electorado de Bullrich que podr\u00eda no acompa\u00f1ar las ideas duras de Milei. REUTERS\/Martin Cossarini.\"\/><figcaption class=\"wp-element-caption\">Massa apunta a un sector del electorado de Bullrich que podr\u00eda no acompa\u00f1ar las ideas duras de Milei. REUTERS\/Martin Cossarini.Por:&nbsp;<strong>REUTERS<\/strong><\/figcaption><\/figure>\n\n\n\n<p>El domingo por la noche Bullrich pareci\u00f3 enviarle un gui\u00f1o a Milei al asegurar que \u201cnunca van a ser c\u00f3mplices del populismo\u201d, pero en el oficialismo creen que en su electorado no todos comparten las ideas de \u201cdestrucci\u00f3n\u201d del libertario, como suelen decir los dirigentes massistas. En este sentido, en UxP hay una fuerte expectativa por una posible definici\u00f3n de&nbsp;<strong>Mauricio Macri<\/strong>&nbsp;en favor de La Libertad Avanza, lo que entienden \u201cterminar\u00eda de romper\u201d a Juntos por el Cambio. \u201cLos radicales y los votantes moderados no van a acompa\u00f1ar ese pronunciamiento\u201d, dicen.<\/p>\n\n\n\n<p>Para atraer a estos votantes moderados de Juntos por el Cambio, entre los que se destacan sectores del radicalismo, del larretismo e incluso peronistas como Emilio Monz\u00f3, Massa encara un posicionamiento con una agenda de gran apertura en su discurso, en la que buscar\u00e1 mostrarse como un&nbsp;<strong>postulante moderado<\/strong>, lejos de las ideas m\u00e1s duras del kirchnerismo.<\/p>\n\n\n\n<h2>El operativo seducci\u00f3n de Sergio Massa busca atraer al electorado de Schiaretti y Bregman<\/h2>\n\n\n\n<p>\u201cAhora es construir frente a destruir y entendemos que parte del electorado de Bullrich no quiere romper todo, es un votante con cierta moderaci\u00f3n\u201d, aseguran. Y agregan: \u201cVamos a ver un Massa con un discurso de centro, m\u00e1s&nbsp;<strong>alejado de los mensajes del&nbsp;<\/strong><a href=\"https:\/\/tn.com.ar\/politica\/2023\/10\/23\/el-aparato-del-pj-bonaerense-revalido-su-poder-y-fue-clave-para-las-victorias-de-kicillof-y-massa\/\" target=\"_blank\" rel=\"noreferrer noopener\"><strong>kirchnerismo duro<\/strong><\/a>, con m\u00e1s centralidad en su figura, que es la de un candidato con orden y un mensaje previsible\u201d, esbozaban algunos de sus dirigentes en la noche del domingo tras el triunfo en las urnas. Esta estrategia tambi\u00e9n incluye distanciarse cada vez m\u00e1s de la gesti\u00f3n de Alberto Fern\u00e1ndez, que est\u00e1 totalmente relegado de la campa\u00f1a.<\/p>\n\n\n\n<figure class=\"wp-block-image\"><img decoding=\"async\" src=\"https:\/\/tn.com.ar\/resizer\/YedBVt4JLiXA3Lkiwfusepvqt6A=\/767x0\/smart\/filters:format(webp)\/cloudfront-us-east-1.images.arcpublishing.com\/artear\/KDTQU5UQUVDCLHQWHKIZOSX3J4.jpg\" alt=\"La candidata presidencial de Juntos por el Cambio, Patricia Bullrich, brinda su mensaje tras quedar afuera del balotaje (Foto: Reuters - Mart\u00edn Cossarini).\"\/><figcaption class=\"wp-element-caption\">La candidata presidencial de Juntos por el Cambio, Patricia Bullrich, brinda su mensaje tras quedar afuera del balotaje (Foto: Reuters &#8211; Mart\u00edn Cossarini).<\/figcaption><\/figure>\n\n\n\n<p>De cualquiera manera, en el oficialismo saben que una buena parte de los votos de Bullrich pertenecen a un sector de la sociedad que busca el&nbsp;<strong>fin del kirchnerismo<\/strong>, por lo que saben que ese electorado se inclinar\u00e1 por Milei. El libertario tiene ahora el desaf\u00edo de sumar votos m\u00e1s all\u00e1 de este sector duro de Bullrich. Para hacerlo deber\u00eda buscar un tono m\u00e1s moderado, lo que a su vez le genarar\u00eda ruido interno entre el n\u00facleo de 30 puntos que ya cosech\u00f3.<\/p>\n\n\n\n<p>En paralelo a esta estrategia, el oficialismo continuar\u00e1 con su discurso de&nbsp;<strong>contraste&nbsp;<\/strong>con Javier Milei. Una fuente cercana a Massa celebraba con alegr\u00eda desmedida la campa\u00f1a del miedo que se hab\u00eda activado en los trenes y colectivos y que permiti\u00f3 ver cu\u00e1nto costar\u00eda un boleto sin subsidios. \u201cNos dio tres puntos\u201d, dec\u00eda. Como sea, Massa insistir\u00e1 en que el pa\u00eds que se discute es el de la Universidad p\u00fablica o privada; el del transporte con o sin subsidios o el de la libre portaci\u00f3n de armas o un plan de seguridad serio.<\/p>\n\n\n\n<p><\/p>\n\n\n\n<p>\u201cLa gente, incluso frente a los problemas que tiene, expres\u00f3 en el voto que no quieren que la lastimen m\u00e1s.&nbsp;<strong>El pa\u00eds no est\u00e1 para motosierras<\/strong>\u201d, aseguraban. En el oficialismo est\u00e1n convencidos de que el voto radical jam\u00e1s se expresar\u00e1 por una idea que propone implementar cambios en la educaci\u00f3n p\u00fablica y hablan de la importancia de los \u201cvotantes independientes\u201d<\/p>\n\n\n\n<p>Ahora el desaf\u00edo de Massa es el de contruir una imagen de peronismo renovado para lograr su objetivo de m\u00e1xima: construir un gobierno de unidad nacional con sectores de la oposici\u00f3n. \u201cLa grieta se acab\u00f3\u201d, sostuvo el domingo desde el escenario. De esa manera, busc\u00f3 demostrar que su eventual mandato no tendr\u00e1 ADN \u201cK\u201d.<\/p>\n\n\n\n<p>FUENTE: INFOBAE<\/p>\n","protected":false},"excerpt":{"rendered":"<div class=\"mh-excerpt\"><p>Sergio Massasum\u00f3 10 puntos respecto a las PASO, recuper\u00f3 provincias del sur y el norte del pa\u00eds y frente a todos los pron\u00f3sticos cosech\u00f3 9.645.983 votos con el 98,51% de las mesas escrutadas para forjarse en noviembre en un mano a mano conJavier Milei, que se qued\u00f3 con el 29,98% del electorado. En Uni\u00f3n por la Patria ya hacen cuentas sobre la cantidad de votos que el ministro de Econom\u00eda y candidato a presidente de Uni\u00f3n por la Patria deber\u00eda sumar para asegurarse una victoria en el balotaje. Hablan, de m\u00ednima, de la necesidad de\u00a0sumar entre 6 y 7 puntos\u00a0que <a class=\"mh-excerpt-more\" href=\"http:\/\/dsrmedios.com.ar\/diario\/archivos\/40792\" title=\"Massa monitorea la crisis de JxC y busca seducir a los votantes de Bullrich que no simpatizan con Milei\">[Leer m\u00e1s]<\/a><\/p>\n<\/div>","protected":false},"author":8,"featured_media":447,"comment_status":"open","ping_status":"closed","sticky":false,"template":"","format":"standard","meta":{"_jetpack_newsletter_access":""},"categories":[6],"tags":[],"jetpack_featured_media_url":"http:\/\/dsrmedios.com.ar\/diario\/wp-content\/uploads\/2017\/09\/massa.jpg","jetpack_sharing_enabled":true,"jetpack_shortlink":"https:\/\/wp.me\/p9fihK-aBW","_links":{"self":[{"href":"http:\/\/dsrmedios.com.ar\/diario\/wp-json\/wp\/v2\/posts\/40792"}],"collection":[{"href":"http:\/\/dsrmedios.com.ar\/diario\/wp-json\/wp\/v2\/posts"}],"about":[{"href":"http:\/\/dsrmedios.com.ar\/diario\/wp-json\/wp\/v2\/types\/post"}],"author":[{"embeddable":true,"href":"http:\/\/dsrmedios.com.ar\/diario\/wp-json\/wp\/v2\/users\/8"}],"replies":[{"embeddable":true,"href":"http:\/\/dsrmedios.com.ar\/diario\/wp-json\/wp\/v2\/comments?post=40792"}],"version-history":[{"count":1,"href":"http:\/\/dsrmedios.com.ar\/diario\/wp-json\/wp\/v2\/posts\/40792\/revisions"}],"predecessor-version":[{"id":40793,"href":"http:\/\/dsrmedios.com.ar\/diario\/wp-json\/wp\/v2\/posts\/40792\/revisions\/40793"}],"wp:featuredmedia":[{"embeddable":true,"href":"http:\/\/dsrmedios.com.ar\/diario\/wp-json\/wp\/v2\/media\/447"}],"wp:attachment":[{"href":"http:\/\/dsrmedios.com.ar\/diario\/wp-json\/wp\/v2\/media?parent=40792"}],"wp:term":[{"taxonomy":"category","embeddable":true,"href":"http:\/\/dsrmedios.com.ar\/diario\/wp-json\/wp\/v2\/categories?post=40792"},{"taxonomy":"post_tag","embeddable":true,"href":"http:\/\/dsrmedios.com.ar\/diario\/wp-json\/wp\/v2\/tags?post=40792"}],"curies":[{"name":"wp","href":"https:\/\/api.w.org\/{rel}","templated":true}]}}