{"id":40785,"date":"2023-10-24T11:34:17","date_gmt":"2023-10-24T14:34:17","guid":{"rendered":"http:\/\/dsrmedios.com.ar\/diario\/?p=40785"},"modified":"2023-10-24T11:34:20","modified_gmt":"2023-10-24T14:34:20","slug":"del-control-del-gasto-al-plan-de-la-dolarizacion-las-dudas-que-deberan-despejar-sergio-massa-y-javier-milei","status":"publish","type":"post","link":"http:\/\/dsrmedios.com.ar\/diario\/archivos\/40785","title":{"rendered":"Del control del gasto al plan de la dolarizaci\u00f3n: las dudas que deber\u00e1n despejar Sergio Massa y Javier Milei"},"content":{"rendered":"\n<p>El resultado de las elecciones del domingo&nbsp;<a href=\"https:\/\/tn.com.ar\/economia\/2023\/10\/23\/dolar-blue-y-dolar-hoy-todas-las-cotizaciones-de-este-lunes-23-de-octubre\/\" target=\"_blank\" rel=\"noreferrer noopener\">despej\u00f3 un poco m\u00e1s el escenario<\/a>&nbsp;para lo que viene,&nbsp;<strong>pero no hizo desaparecer los signos de interrogaci\u00f3n<\/strong>. Si bien ahora se sabe que ser\u00e1n&nbsp;<strong>Sergio Massa&nbsp;<\/strong>y<strong>&nbsp;Javier Milei<\/strong>&nbsp;quienes podr\u00e1n encabezar el pr\u00f3ximo gobierno, sus proyectos discrepan y en ambos casos quedan inquietudes sin resolver, especialmente sobre c\u00f3mo piensan&nbsp;<a href=\"https:\/\/tn.com.ar\/economia\/2023\/10\/23\/la-reaccion-de-los-mercados-tras-el-triunfo-de-sergio-massa-en-las-elecciones-y-hacia-el-balotaje\/\" target=\"_blank\" rel=\"noreferrer noopener\">manejar la econom\u00eda<\/a>.<\/p>\n\n\n\n<p>M\u00e1s all\u00e1 de las diferencias, hay algunas cuestiones que cualquiera de los dos recibir\u00e1 en diciembre si llega a la presidencia: una econom\u00eda deficitaria con m\u00faltiples tipos de cambio, signada por la alta inflaci\u00f3n, la escasez de reservas, desequilibrio fiscal y una deuda vigente, principalmente con el Fondo Monetario Internacional.<\/p>\n\n\n\n<p>En este escenario, a Uni\u00f3n por la Patria y a la Libertad Avanza les quedan cuatro semanas para develar m\u00e1s precisiones sobre sus planes para un eventual gobierno.&nbsp;<strong>Las dudas por resolver son de lo m\u00e1s dis\u00edmiles y son muchas<\/strong>: desde qui\u00e9nes ser\u00e1n las personas que desembocar\u00e1n en el Palacio de Hacienda hasta cu\u00e1ndo se podr\u00e1n implementar los proyectos que fueron anunciados, si es que efectivamente se ponen en marcha.<\/p>\n\n\n\n<h2>Dolarizaci\u00f3n y eliminaci\u00f3n del Banco Central: las principales dudas sobre los planes econ\u00f3micos de Javier Milei<\/h2>\n\n\n\n<p>Por el lado del candidato libertario, su promesa emblem\u00e1tica es la de dolarizar la econom\u00eda. Sin embargo, todav\u00eda no se sabe a ciencia cierta&nbsp;<strong>c\u00f3mo se ejecutar\u00e1, cu\u00e1ndo ni a qu\u00e9 costo<\/strong>. Adem\u00e1s, tras el resultado de las primarias, Milei se ve en la obligaci\u00f3n de conseguir respaldos para sumar m\u00e1s votos, por lo que tampoco se conoce si deber\u00e1 negociar una configuraci\u00f3n de su equipo o acordar nuevos planes.<\/p>\n\n\n\n<p>\u201cHabr\u00e1 que ver si va a tender puentes, con qui\u00e9n y c\u00f3mo quedan los equipos econ\u00f3micos. Tambi\u00e9n las propuestas para descontar la diferencia que tiene de cara al balotaje y en particular si sigue con la dolarizaci\u00f3n y el cierre del Banco Central, si es algo que se va a realizar de ac\u00e1 a cinco a\u00f1os, a diez o cu\u00e1ndo\u201d, reflexion\u00f3 Lorenzo Sigaut Gravina, de&nbsp;<em>Equilibra.<\/em><\/p>\n\n\n\n<figure class=\"wp-block-image\"><img decoding=\"async\" src=\"https:\/\/tn.com.ar\/resizer\/0EJvzLzSP1UkPBV9PQOKL538PF4=\/767x0\/smart\/filters:format(webp)\/cloudfront-us-east-1.images.arcpublishing.com\/artear\/GDGMXKNA3ZDAJJ3TRYUW2YFMIU.jpg\" alt=\"El candidato presidencial de La Libertad Avanza, Javier Milei. (Foto: AP - Natacha Pisarenko).\"\/><figcaption class=\"wp-element-caption\">El candidato presidencial de La Libertad Avanza, Javier Milei. (Foto: AP &#8211; Natacha Pisarenko).<\/figcaption><\/figure>\n\n\n\n<p>En sinton\u00eda, Mat\u00edas de Luca, de&nbsp;<em>LCG<\/em>, consider\u00f3 que a\u00fan faltan m\u00e1s precisiones sobre el proyecto de dolarizaci\u00f3n que propone Milei. \u201cTiene que dar certezas sobre si efectivamente piensa avanzar y, en tal caso, \u00bfen qu\u00e9 plazo? si al d\u00eda de hoy las reservas netas son negativas en US$8000 millones y los pocos bonos en poder del sector p\u00fablico siguen bajando de precio\u201d, advirti\u00f3 en di\u00e1logo con&nbsp;<strong>TN<\/strong>.<\/p>\n\n\n\n<p>Lo cierto es que los especialistas coinciden en que el golpe de efecto que hab\u00eda tenido la dolarizaci\u00f3n se retrotrajo por el impacto que podr\u00eda significar llevarlo a cabo. \u201cLa mayor duda del lado de Milei es si sigue pensando en dolarizar y si es su \u00fanico plan, si tiene plan de B o de transici\u00f3n, porque la dolarizaci\u00f3n se har\u00eda despu\u00e9s de una devaluaci\u00f3n muy abrupta y los tipos de cambio paralelos de estos d\u00edas terminan siendo baratos en comparaci\u00f3n con el valor al que podr\u00eda dolarizar Milei. Y si lo concreta,&nbsp;<strong>con qu\u00e9 d\u00f3lares y cu\u00e1les son los pesos que entrar\u00edan en la dolarizaci\u00f3n<\/strong>. Y qu\u00e9 har\u00eda con el resto de las variables de la econom\u00eda\u201d, sintetiz\u00f3 el director de&nbsp;<em>EPyCA<\/em>, Mart\u00edn Kalos.<\/p>\n\n\n\n<h2>Pol\u00edtica cambiaria y control del gasto: las preguntas latentes sobre las propuestas de Sergio Massa<\/h2>\n\n\n\n<p>Por el lado del oficialismo tambi\u00e9n quedan inc\u00f3gnitas por descifrar. Aunque en caso de llegar a la Casa Rosada, Massa recibir\u00eda la econom\u00eda que \u00e9l mismo gestion\u00f3 en el \u00faltimo a\u00f1o, todav\u00eda no es claro si implementar\u00e1 alguna medida distinta a las que ya dispuso desde que lleg\u00f3 al Palacio de Hacienda.<\/p>\n\n\n\n<p>\u201cLas principales dudas tienen que ver con si va a haber un impulso adicional del gasto para lograr el triunfo en el balotaje. Tambi\u00e9n cu\u00e1les van a ser las medidas de fondo de Massa. Van a aparecer dudas sobre si es m\u00e1s probable la continuidad de las pol\u00edticas actuales, qu\u00e9 va a pasar con el acuerdo con Fondo y\u00a0<strong>qu\u00e9 reformas est\u00e1 dispuesto a hacer<\/strong>\u201d, aport\u00f3 Sigaut Gravina.<\/p>\n\n\n\n<p>Adem\u00e1s, si bien el Ejecutivo asegur\u00f3 que mantendr\u00e1 el tipo de cambio oficial en $350 hasta el 15 de noviembre para mantener la estabilidad cambiaria durante la recta final electoral, tampoco se sabe&nbsp;<strong>cu\u00e1les ser\u00e1n los lineamientos de su pol\u00edtica cambiaria despu\u00e9s del 10 de diciembre<\/strong>.<\/p>\n\n\n\n<p>\u201cEs importante que estas cuatro semanas haya precisiones y que Massa logre estabilizar las turbulencias cambiarias y financieras, b\u00e1sicamente porque habla sobre su propio inter\u00e9s. Adem\u00e1s,&nbsp;<strong>faltar\u00eda una se\u00f1al fiscal m\u00e1s clara<\/strong>&nbsp;y ver qu\u00e9 va a hacer con la deuda\u201d, sum\u00f3 el titular de&nbsp;<em>Analytica<\/em>, Ricardo Delgado.<\/p>\n\n\n\n<figure class=\"wp-block-image\"><img decoding=\"async\" src=\"https:\/\/tn.com.ar\/resizer\/oLtj9ROS-v6wMZwYG63i-Dswc-o=\/767x0\/smart\/filters:format(webp)\/cloudfront-us-east-1.images.arcpublishing.com\/artear\/ONBFMZL2IOKVZ2TTXFFWDWRKQ4.jpg\" alt=\"El ministro argentino de Econom\u00eda y candidato a la presidencia del  Gobierno, Sergio Massa. (AP Foto\/Natacha Pisarenko)\"\/><figcaption class=\"wp-element-caption\">El ministro argentino de Econom\u00eda y candidato a la presidencia del Gobierno, Sergio Massa. (AP Foto\/Natacha Pisarenko)Por:&nbsp;<strong>AP<\/strong><\/figcaption><\/figure>\n\n\n\n<p>Massa tambi\u00e9n insisti\u00f3 en las \u00faltimas horas en la necesidad de convocar a un gobierno de unidad, pero a\u00fan no se sabe c\u00f3mo se conformar\u00eda. Tampoco qui\u00e9nes ser\u00e1n los integrantes de su gabinete, especialmente a qui\u00e9n le traspasar\u00e1 su cargo actual. Este lunes, el candidato oficialista asegur\u00f3 ante medios internacionales que&nbsp;<strong>ya ten\u00eda decidido el nombre de su ministro de Econom\u00eda<\/strong>, pero que lo dir\u00eda&nbsp;<strong>\u201ccuando sea el mejor momento\u201d<\/strong>.<\/p>\n\n\n\n<p>\u201cSer\u00eda positivo que delinee qu\u00e9 plan de estabilizaci\u00f3n tiene en mente y a qu\u00e9 actores llamar\u00eda a contribuir en su gobierno (desde adentro o desde el di\u00e1logo), en vistas del gobierno de unidad que anunci\u00f3\u201d, describi\u00f3 De Luca. E incluso reflot\u00f3 una propuesta mencionada por Massa, que dijo que el 50% del Banco Central pod\u00eda ser controlado por la oposici\u00f3n. \u201cSer\u00eda muy positivo que comente un poco c\u00f3mo operar\u00eda, qu\u00e9 oposici\u00f3n, m\u00e9todos de elecci\u00f3n, puestos que ocupar\u00edan, plazos, etc\u201d, apunt\u00f3.<\/p>\n\n\n\n<p>Lo cierto es que los dos candidatos hicieron pocas propuestas en materia econ\u00f3mica y tampoco detallaron a\u00fan c\u00f3mo cumplir\u00e1n con los postulados que esbozaron -como alcanzar el equilibrio fiscal o reducir la inflaci\u00f3n-. En este contexto, el reloj corre y en 26 d\u00edas Massa y Milei volver\u00e1n a enfrentarse en las urnas. Lo que no queda del todo claro es si para ese entonces varias de las preguntas que todav\u00eda no se respondieron sobre sus planes econ\u00f3micos se habr\u00e1n contestado.<\/p>\n\n\n\n<p>Fuente: tn<\/p>\n","protected":false},"excerpt":{"rendered":"<div class=\"mh-excerpt\"><p>El resultado de las elecciones del domingo&nbsp;despej\u00f3 un poco m\u00e1s el escenario&nbsp;para lo que viene,&nbsp;pero no hizo desaparecer los signos de interrogaci\u00f3n. Si bien ahora se sabe que ser\u00e1n&nbsp;Sergio Massa&nbsp;y&nbsp;Javier Milei&nbsp;quienes podr\u00e1n encabezar el pr\u00f3ximo gobierno, sus proyectos discrepan y en ambos casos quedan inquietudes sin resolver, especialmente sobre c\u00f3mo piensan&nbsp;manejar la econom\u00eda. M\u00e1s all\u00e1 de las diferencias, hay algunas cuestiones que cualquiera de los dos recibir\u00e1 en diciembre si llega a la presidencia: una econom\u00eda deficitaria con m\u00faltiples tipos de cambio, signada por la alta inflaci\u00f3n, la escasez de reservas, desequilibrio fiscal y una deuda vigente, principalmente con el <a class=\"mh-excerpt-more\" href=\"http:\/\/dsrmedios.com.ar\/diario\/archivos\/40785\" title=\"Del control del gasto al plan de la dolarizaci\u00f3n: las dudas que deber\u00e1n despejar Sergio Massa y Javier Milei\">[Leer m\u00e1s]<\/a><\/p>\n<\/div>","protected":false},"author":8,"featured_media":40794,"comment_status":"open","ping_status":"closed","sticky":false,"template":"","format":"standard","meta":{"_jetpack_newsletter_access":""},"categories":[6],"tags":[],"jetpack_featured_media_url":"http:\/\/dsrmedios.com.ar\/diario\/wp-content\/uploads\/2023\/10\/images-23.jpeg","jetpack_sharing_enabled":true,"jetpack_shortlink":"https:\/\/wp.me\/p9fihK-aBP","_links":{"self":[{"href":"http:\/\/dsrmedios.com.ar\/diario\/wp-json\/wp\/v2\/posts\/40785"}],"collection":[{"href":"http:\/\/dsrmedios.com.ar\/diario\/wp-json\/wp\/v2\/posts"}],"about":[{"href":"http:\/\/dsrmedios.com.ar\/diario\/wp-json\/wp\/v2\/types\/post"}],"author":[{"embeddable":true,"href":"http:\/\/dsrmedios.com.ar\/diario\/wp-json\/wp\/v2\/users\/8"}],"replies":[{"embeddable":true,"href":"http:\/\/dsrmedios.com.ar\/diario\/wp-json\/wp\/v2\/comments?post=40785"}],"version-history":[{"count":1,"href":"http:\/\/dsrmedios.com.ar\/diario\/wp-json\/wp\/v2\/posts\/40785\/revisions"}],"predecessor-version":[{"id":40795,"href":"http:\/\/dsrmedios.com.ar\/diario\/wp-json\/wp\/v2\/posts\/40785\/revisions\/40795"}],"wp:featuredmedia":[{"embeddable":true,"href":"http:\/\/dsrmedios.com.ar\/diario\/wp-json\/wp\/v2\/media\/40794"}],"wp:attachment":[{"href":"http:\/\/dsrmedios.com.ar\/diario\/wp-json\/wp\/v2\/media?parent=40785"}],"wp:term":[{"taxonomy":"category","embeddable":true,"href":"http:\/\/dsrmedios.com.ar\/diario\/wp-json\/wp\/v2\/categories?post=40785"},{"taxonomy":"post_tag","embeddable":true,"href":"http:\/\/dsrmedios.com.ar\/diario\/wp-json\/wp\/v2\/tags?post=40785"}],"curies":[{"name":"wp","href":"https:\/\/api.w.org\/{rel}","templated":true}]}}