{"id":40782,"date":"2023-10-24T09:57:21","date_gmt":"2023-10-24T12:57:21","guid":{"rendered":"http:\/\/dsrmedios.com.ar\/diario\/?p=40782"},"modified":"2023-10-24T09:57:24","modified_gmt":"2023-10-24T12:57:24","slug":"massa-espera-por-las-definiciones-dentro-de-jxc-para-tratar-de-instrumentar-su-convocatoria-a-la-oposicion","status":"publish","type":"post","link":"http:\/\/dsrmedios.com.ar\/diario\/archivos\/40782","title":{"rendered":"Massa espera por las definiciones dentro de JxC para tratar de instrumentar su convocatoria a la oposici\u00f3n"},"content":{"rendered":"\n<p>El \u201cgobierno de unidad nacional\u201d al que&nbsp;<strong>Sergio Massa&nbsp;<\/strong>pretende convocar si es presidente a partir del pr\u00f3ximo 10 de diciembre deber\u00e1 esperar para su instrumentaci\u00f3n al menos hasta que las diferentes tribus de Juntos por el Cambio terminen de sentar posici\u00f3n de cara al balotaje entre el ministro de Econom\u00eda y el candidato de La Libertad Avanza. En las pr\u00f3ximas horas, tanto en la c\u00fapula del PRO como en el nuevo \u00e1mbito fundado por los gobernadores electos y vigentes de la fracturada coalici\u00f3n opositora, que tienen previsto reunirse en estos d\u00edas, empezar\u00e1n a definir qu\u00e9 postura adoptar de cara a la segunda vuelta entre el candidato de Uni\u00f3n por la Patria y<strong>&nbsp;Javier Milei<\/strong>: con esas definiciones sobre la mesa, Massa empezar\u00e1 a negociar con m\u00e1s fluidez con sus contactos en la oposici\u00f3n para saber si la convocatoria que lanz\u00f3 oficialmente este domingo tras su batacazo electoral puede materializarse o si, por el contrario, queda perdida como un recuerdo de campa\u00f1a.<\/p>\n\n\n\n<p><strong>\u201cHay que esperar que se aclare el panorama de la oposici\u00f3n, que tiene su propia din\u00e1mica\u201d<\/strong>, aseguraron anoche a&nbsp;<strong>Infobae&nbsp;<\/strong>colaboradores del ministro-candidato despu\u00e9s de un extenso raid que empez\u00f3 el domingo y que solo se interrumpi\u00f3 durante la madrugada para conciliar algunas horas de sue\u00f1o.<\/p>\n\n\n\n<p>Massa sabe que en la c\u00fapula del PRO, la palabra de&nbsp;<strong>Mauricio Macri&nbsp;<\/strong>tiene un peso decisivo, y que la relaci\u00f3n entre ambos, que se quebr\u00f3 sin retorno sobre el \u00faltimo tramo del gobierno de Cambiemos, es una barrera infranqueable de cara a la convocatoria que el ministro busca impulsar para ampliar su base electoral.&nbsp;<strong>\u201cMauricio tiene una carga emotiva extra por la figura de Sergio\u201d<\/strong>, explic\u00f3 un dirigente que ayer particip\u00f3 del encuentro que el ex jefe de Estado encabez\u00f3 en sus oficinas bonaerenses sobre la avenida Libertador, en medio de una seria sangr\u00eda en la coalici\u00f3n de JxC, y consciente de los reproches internos hacia su figura tras la debacle opositora de este domingo.<\/p>\n\n\n\n<p>No estuvo\u00a0<strong>Patricia Bullrich<\/strong>, que en estas horas asum\u00eda de nuevo la presidencia del PRO, y que, como Macri, no hace falta que aclare su aversi\u00f3n por el ministro.<\/p>\n\n\n\n<p>Para el ministro de Econom\u00eda, operar en ese sector del PRO es una p\u00e9rdida de tiempo, a pesar de la relaci\u00f3n hist\u00f3rica que mantiene con dirigentes que orbitan en torno a Macri, como&nbsp;<strong>Cristian Ritondo<\/strong>, al que Massa suele mencionar amistosamente y en p\u00fablico como \u201ccabez\u00f3n\u201d. Ritondo es de los que cree, como la mayor\u00eda de sus colegas, que el PRO y JxC deben mantenerse prescindentes de cara al balotaje.<\/p>\n\n\n\n<p>Es m\u00e1s: son cada vez m\u00e1s los que piensan que para la supervivencia de ese espacio pol\u00edtico es conveniente presentarse por ahora lejos de Massa, al menos p\u00fablicamente. Como contraoferta de un proyecto que, en los papeles, se presenta como la ant\u00edtesis de JxC. En ese plano hipot\u00e9tico, aseguran que un eventual gobierno de Milei, de fracasar, inclinar\u00eda nuevamente la cancha para el peronismo.<\/p>\n\n\n\n<p>En ese sentido, buena parte de las miradas apuntaron este lunes a&nbsp;<strong>Horacio Rodr\u00edguez Larreta<\/strong>, uno de los dirigentes de mayor v\u00ednculo con el ex intendente de Tigre, una relaci\u00f3n que se enfri\u00f3 por la campa\u00f1a pero que sobrevivi\u00f3 con creces a las tensiones pol\u00edticas. En una entrevista que brind\u00f3 este lunes, el jefe de Gobierno porte\u00f1o descart\u00f3 un acuerdo con Massa. \u201cNo le dar\u00eda la mano al kirchnerismo y Massa es el kirchnerismo\u201d, subray\u00f3, y agreg\u00f3: \u201cLamentablemente\u201d. \u00bfLo traicion\u00f3 el inconsciente?<\/p>\n\n\n\n<p>En el equipo del candidato de UP destacaron sin embargo que el ex precandidato presidencial fue a\u00fan mucho m\u00e1s vehemente en su cr\u00edtica con el economista libertario:&nbsp;<strong>\u201cUna persona que basa su carrera en la agresi\u00f3n no es lo que la Argentina necesita<\/strong>, todos los Milei que han habido en el mundo fracasan porque las posiciones extremas no sacan el pa\u00eds adelante\u201d, abund\u00f3.<\/p>\n\n\n\n<p><img decoding=\"async\" loading=\"lazy\" alt=\"Horacio Rodr\u00edguez Larreta, uno de los dirigentes de mayor v\u00ednculo con Massa\" height=\"992\" width=\"1487\" src=\"https:\/\/www.infobae.com\/new-resizer\/uyUPFZ5nCs-YAkrXzKEbok2vpPs=\/arc-anglerfish-arc2-prod-infobae\/public\/EZU6ZC5GFNC7LEAQNOZQQZKRLE.jfif\" srcset=\"https:\/\/www.infobae.com\/new-resizer\/5ubkjziLwEv8BVxBbtmdwsaIPfs=\/420x280\/filters:format(webp):quality(85)\/cloudfront-us-east-1.images.arcpublishing.com\/infobae\/EZU6ZC5GFNC7LEAQNOZQQZKRLE.jfif 420w,https:\/\/www.infobae.com\/new-resizer\/APZ-mNy9HVEM0mshGKUGRjGnEfA=\/768x512\/filters:format(webp):quality(85)\/cloudfront-us-east-1.images.arcpublishing.com\/infobae\/EZU6ZC5GFNC7LEAQNOZQQZKRLE.jfif 768w,https:\/\/www.infobae.com\/new-resizer\/-nSJyxh0Bp7X3X0MTUY2LXi0f24=\/992x661\/filters:format(webp):quality(85)\/cloudfront-us-east-1.images.arcpublishing.com\/infobae\/EZU6ZC5GFNC7LEAQNOZQQZKRLE.jfif 992w,https:\/\/www.infobae.com\/new-resizer\/Bz3_33v4qY3jziqE1TtIJv97wrQ=\/1200x800\/filters:format(webp):quality(85)\/cloudfront-us-east-1.images.arcpublishing.com\/infobae\/EZU6ZC5GFNC7LEAQNOZQQZKRLE.jfif 1200w,https:\/\/www.infobae.com\/new-resizer\/khxGz6CIoLH5sFzLefvco79Ubno=\/1440x960\/filters:format(webp):quality(85)\/cloudfront-us-east-1.images.arcpublishing.com\/infobae\/EZU6ZC5GFNC7LEAQNOZQQZKRLE.jfif 1440w\">Horacio Rodr\u00edguez Larreta, uno de los dirigentes de mayor v\u00ednculo con Massa<\/p>\n\n\n\n<p>Bien cerca del jefe de Gobierno y desde el entorno de Massa remarcaron que no hubo en las \u00faltimas horas una comunicaci\u00f3n entre ambos, c\u00f3mo si existi\u00f3 despu\u00e9s de las PASO, cuando el jefe del Palacio de Hacienda telefone\u00f3 al alcalde porte\u00f1o para apoyarlo tras la derrota en manos de Bullrich.<\/p>\n\n\n\n<p><strong>\u201cHoracio por ahora se va a mantener neutral, enfrente de Milei, pero no con Sergio\u201d<\/strong>, explicaron colaboradores de Rodr\u00edguez Larreta. La misma hoja de ruta que lanzaron desde el despacho de otro encumbrado diputado, que fue, sin \u00e9xito, candidato bonaerense: \u201cLa posici\u00f3n m\u00e1s c\u00f3moda es la neutralidad, es imposible acompa\u00f1ar a Sergio por una cuesti\u00f3n de base electoral y tampoco es compatible acompa\u00f1ar a Milei si no sabes si puede volar en seis meses\u201d.<\/p>\n\n\n\n<p>Es la l\u00ednea general de aquella dirigencia con presencia territorial o votos propios. Es la misma postura que en la tarde del lunes oficializ\u00f3 la Coalici\u00f3n C\u00edvica de Elisa Carri\u00f3: \u201cNi Massa ni Milei\u201d.<\/p>\n\n\n\n<p>En el massismo est\u00e1n convencidos sin embargo de que en las pr\u00f3ximas semanas s\u00ed podr\u00edan llegar a confirmarse algunas adhesiones, en particular desde el radicalismo, el otro sector de la todav\u00eda coalici\u00f3n opositora en el cual s\u00ed hay dirigentes dispuestos a sellar una suerte de acuerdo program\u00e1tico con el candidato presidencial. El domingo, en su muy cuidada puesta en escena triunfal, el ministro de Econom\u00eda se refiri\u00f3 directamente a los \u201cradicales\u201d.<\/p>\n\n\n\n<p>Este lunes, por caso, hubo conversaciones entre&nbsp;<strong>Gerardo Morales<\/strong>&nbsp;-ten\u00eda previsto regresar a Jujuy en las pr\u00f3ximas horas- y&nbsp;<strong>Emiliano Yacobitti<\/strong>, dos de las figuras del radicalismo moderado que tienen un rasgo en com\u00fan: no toleran el liderazgo de Macri. Es el espacio en el que adem\u00e1s se aglutinan referentes como&nbsp;<strong>Mart\u00edn Lousteau<\/strong>,<strong>&nbsp;Rodrigo de Loredo&nbsp;<\/strong>o el gobernador electo de Santa Fe,&nbsp;<strong>Maximiliano Pullaro<\/strong>, que en la interna partidaria de JxC jugaron a fondo detr\u00e1s de la postulaci\u00f3n de Rodr\u00edguez Larreta.<\/p>\n\n\n\n<p><strong>\u201cTodav\u00eda no hay negociaciones, pero s\u00ed hay conversaciones\u201d<\/strong>, dejaron trascender desde ese campamento, una informaci\u00f3n abonada desde el massismo. Massa, Morales y Yacobitti tienen un v\u00ednculo fluid\u00edsimo. En las mesas de Juntos por el Cambio, de hecho, circul\u00f3 este lunes la versi\u00f3n de que ya exist\u00edan algunas charlas presuntamente avanzadas para la eventual conformaci\u00f3n de un gabinete en caso de que el ministro gane el balotaje. Se habla, por ejemplo, de la cartera de Educaci\u00f3n. Pero es solo un caso.<\/p>\n\n\n\n<p>En ese plano, la cumbre que,&nbsp;<a rel=\"noreferrer noopener\" href=\"https:\/\/www.infobae.com\/politica\/2023\/10\/23\/se-agita-la-interna-de-jxc-los-lideres-del-pro-tendran-una-reunion-clave-y-la-liga-de-gobernadores-define-su-postura-ante-el-balotaje\/\" target=\"_blank\">como anticip\u00f3 este medio<\/a>, tendr\u00e1 lugar este mi\u00e9rcoles en la Casa de la provincia de Corrientes en la Ciudad, sobre la calle Maip\u00fa, con los gobernadores electos y vigentes de la coalici\u00f3n, podr\u00eda tener un papel decisivo en la posici\u00f3n que tome ese sector de la UCR porque, adem\u00e1s de Pullaro, dar\u00e1n el presente&nbsp;<strong>Alfredo Cornejo, Carlos Sadir, Leandro Zdero y el anfitri\u00f3n, Gustavo Vald\u00e9s<\/strong>.<\/p>\n\n\n\n<p>\u00bfPuede consensuarse una posici\u00f3n colegiada de esos jefes provinciales de la UCR? Por ahora, suena dif\u00edcil. Para este mismo mi\u00e9rcoles, Morales tambi\u00e9n convoc\u00f3 a la plana mayor de la UCR a la sede del comit\u00e9 nacional.<\/p>\n\n\n\n<p>Es que, desde su fundaci\u00f3n en el 2015, no hay en JxC precedente de una derrota de esta magnitud ni de una crisis interna tan sonora. Las charlas cruzadas en este lunes se hab\u00edan intensificado durante todo el d\u00eda.<\/p>\n\n\n\n<p><img decoding=\"async\" loading=\"lazy\" alt=\"Este lunes hubo conversaciones entre Gerardo Morales y Emiliano Yacobitti (Cr\u00e9dito: T\u00e9lam)\" height=\"1080\" width=\"1920\" src=\"https:\/\/www.infobae.com\/new-resizer\/zuQdLXCCrxJmjULMpjmKvn0K6T0=\/arc-anglerfish-arc2-prod-infobae\/public\/5ZWQDND7BVEVHLDYJWSVLZM7U4.jpg\" srcset=\"https:\/\/www.infobae.com\/new-resizer\/whHa4Pjg9QXVodRkhztNkVZv70o=\/420x236\/filters:format(webp):quality(85)\/cloudfront-us-east-1.images.arcpublishing.com\/infobae\/5ZWQDND7BVEVHLDYJWSVLZM7U4.jpg 420w,https:\/\/www.infobae.com\/new-resizer\/4Px0ud_DAlCP05ImPrHqiZUiIvg=\/768x432\/filters:format(webp):quality(85)\/cloudfront-us-east-1.images.arcpublishing.com\/infobae\/5ZWQDND7BVEVHLDYJWSVLZM7U4.jpg 768w,https:\/\/www.infobae.com\/new-resizer\/yZ0AattFY8LFGwbi77HhUE_1eGw=\/992x558\/filters:format(webp):quality(85)\/cloudfront-us-east-1.images.arcpublishing.com\/infobae\/5ZWQDND7BVEVHLDYJWSVLZM7U4.jpg 992w,https:\/\/www.infobae.com\/new-resizer\/vPg1jrudoy6F9BZWLRfAvOVxptM=\/1200x675\/filters:format(webp):quality(85)\/cloudfront-us-east-1.images.arcpublishing.com\/infobae\/5ZWQDND7BVEVHLDYJWSVLZM7U4.jpg 1200w,https:\/\/www.infobae.com\/new-resizer\/H4TvNc_WHExprCSIibev9JrMNXk=\/1440x810\/filters:format(webp):quality(85)\/cloudfront-us-east-1.images.arcpublishing.com\/infobae\/5ZWQDND7BVEVHLDYJWSVLZM7U4.jpg 1440w\">Este lunes hubo conversaciones entre Gerardo Morales y Emiliano Yacobitti (Cr\u00e9dito: T\u00e9lam)<\/p>\n\n\n\n<p>Pero hay otro sector de la oposici\u00f3n con el que Massa tambi\u00e9n especula con especial inter\u00e9s: se trata del grupo que responde a&nbsp;<strong>Emilio Monz\u00f3<\/strong>, un dirigente que le fascina al c\u00edrculo rojo, que tiene buena llegada al establishment y que trab\u00f3 desde hace muchos a\u00f1os un v\u00ednculo muy aceitado con el ministro.<\/p>\n\n\n\n<p>Seg\u00fan confirmaron desde Econom\u00eda y cerca del ex presidente de la C\u00e1mara baja, ambos hablaron al cierre de la semana pasada. En las \u00faltimas circul\u00f3 de manera insistente una versi\u00f3n que dio cuenta de que el candidato del peronismo le habr\u00eda ofrecido la Jefatura de Gabinete en caso de llegar a la Casa Rosada, pero la informaci\u00f3n fue desmentida de manera tajante por voceros de Monz\u00f3: dicen que el dirigente de Carlos Tejedor no har\u00e1 \u201cnada\u201d de manera individual, y que cualquier decisi\u00f3n que tome ser\u00e1 en el marco de un proceso \u201ccolectivo\u201d.<\/p>\n\n\n\n<p>\u201cEl cuerpo todav\u00eda est\u00e1 caliente\u201d, comentaron. Este lunes, el ex titular de Diputados almorz\u00f3 con su equipo, como cada inicio de semana: la sobremesa se extendi\u00f3 m\u00e1s de la cuenta por el resultado de ayer.<\/p>\n\n\n\n<p>Agregaron, en tanto, de que se propuso puertas adentro escribir un documento para sentar posici\u00f3n con aquellos actores parlamentarios y provinciales \u201cde centro\u201d que est\u00e9n dispuestos a plantear una serie de pol\u00edticas p\u00fablicas a consensuar con el sistema, incluido Massa. \u201cVamos a concentrar nuestro laburo en el Congreso representando a los gobernadores e intendentes, que es a trav\u00e9s de quienes continuar\u00e1 JxC\u201d, explic\u00f3 una fuente parlamentaria. Buscan desconocer el liderazgo de Macri, que en estos tiempos coquete\u00f3, directa e indirectamente, con La Libertad Avanza y la figura de Milei.<\/p>\n\n\n\n<p>En estas horas, a pesar de su creciente rivalidad con Massa -hab\u00eda apostado un escenario de balotaje entre el libertario y Bullrich-, cerca de Macri hab\u00edan puesto en duda la posibilidad de sentar su apoyo p\u00fablico hacia el economista de LLA. No por falta de ganas, si no por supervivencia: \u201cNo lo veo entregando as\u00ed al PRO\u201d, esbozaron. Hab\u00eda sin embargo presiones de algunos sectores de poder y de amigos cercanos al ex presidente para expresarse en favor de Milei.<\/p>\n\n\n\n<p>Como Massa, el candidato libertario ya trat\u00f3 de tender puentes, y movi\u00f3 sus primeras fichas: mencion\u00f3 al propio Macri y a Bullrich como una potencial colaboradora en \u201cmateria de seguridad\u201d.<\/p>\n\n\n\n<p>Puertas adentro de la coalici\u00f3n sobrevuela una sensaci\u00f3n amarga. Dicen que es la prueba m\u00e1s dif\u00edcil a sortear desde que JxC dej\u00f3 el poder en el 2019 en torno a la unidad. Ya hay apuestas sobre el resultado: hay un sector que cree que hay posibilidad de superar el obst\u00e1culo, y otro grupo mayoritario que est\u00e1 convencido de que el divorcio es inminente y que, para colmo, ser\u00e1 en los peores t\u00e9rminos, como en esos matrimonios que se disuelven y dejan todo en manos de los abogados.<\/p>\n\n\n\n<p>Mientras ultima su estrategia frente al balotaje, Massa espera por esa resoluci\u00f3n para operar en consecuencia. Hasta ahora, su trabajo de divisi\u00f3n de la oposici\u00f3n, como alguna vez trascendi\u00f3 que le prometi\u00f3 a\u00a0<strong>Cristina Kirchner<\/strong>, le dio resultados.<\/p>\n\n\n\n<p>fuente: infobae<\/p>\n","protected":false},"excerpt":{"rendered":"<div class=\"mh-excerpt\"><p>El \u201cgobierno de unidad nacional\u201d al que&nbsp;Sergio Massa&nbsp;pretende convocar si es presidente a partir del pr\u00f3ximo 10 de diciembre deber\u00e1 esperar para su instrumentaci\u00f3n al menos hasta que las diferentes tribus de Juntos por el Cambio terminen de sentar posici\u00f3n de cara al balotaje entre el ministro de Econom\u00eda y el candidato de La Libertad Avanza. En las pr\u00f3ximas horas, tanto en la c\u00fapula del PRO como en el nuevo \u00e1mbito fundado por los gobernadores electos y vigentes de la fracturada coalici\u00f3n opositora, que tienen previsto reunirse en estos d\u00edas, empezar\u00e1n a definir qu\u00e9 postura adoptar de cara a la <a class=\"mh-excerpt-more\" href=\"http:\/\/dsrmedios.com.ar\/diario\/archivos\/40782\" title=\"Massa espera por las definiciones dentro de JxC para tratar de instrumentar su convocatoria a la oposici\u00f3n\">[Leer m\u00e1s]<\/a><\/p>\n<\/div>","protected":false},"author":8,"featured_media":31416,"comment_status":"open","ping_status":"closed","sticky":false,"template":"","format":"standard","meta":{"_jetpack_newsletter_access":""},"categories":[6],"tags":[],"jetpack_featured_media_url":"http:\/\/dsrmedios.com.ar\/diario\/wp-content\/uploads\/2023\/04\/CULIKXKBYJ5VYCFKH4L7XKC57Q.jpg","jetpack_sharing_enabled":true,"jetpack_shortlink":"https:\/\/wp.me\/p9fihK-aBM","_links":{"self":[{"href":"http:\/\/dsrmedios.com.ar\/diario\/wp-json\/wp\/v2\/posts\/40782"}],"collection":[{"href":"http:\/\/dsrmedios.com.ar\/diario\/wp-json\/wp\/v2\/posts"}],"about":[{"href":"http:\/\/dsrmedios.com.ar\/diario\/wp-json\/wp\/v2\/types\/post"}],"author":[{"embeddable":true,"href":"http:\/\/dsrmedios.com.ar\/diario\/wp-json\/wp\/v2\/users\/8"}],"replies":[{"embeddable":true,"href":"http:\/\/dsrmedios.com.ar\/diario\/wp-json\/wp\/v2\/comments?post=40782"}],"version-history":[{"count":1,"href":"http:\/\/dsrmedios.com.ar\/diario\/wp-json\/wp\/v2\/posts\/40782\/revisions"}],"predecessor-version":[{"id":40783,"href":"http:\/\/dsrmedios.com.ar\/diario\/wp-json\/wp\/v2\/posts\/40782\/revisions\/40783"}],"wp:featuredmedia":[{"embeddable":true,"href":"http:\/\/dsrmedios.com.ar\/diario\/wp-json\/wp\/v2\/media\/31416"}],"wp:attachment":[{"href":"http:\/\/dsrmedios.com.ar\/diario\/wp-json\/wp\/v2\/media?parent=40782"}],"wp:term":[{"taxonomy":"category","embeddable":true,"href":"http:\/\/dsrmedios.com.ar\/diario\/wp-json\/wp\/v2\/categories?post=40782"},{"taxonomy":"post_tag","embeddable":true,"href":"http:\/\/dsrmedios.com.ar\/diario\/wp-json\/wp\/v2\/tags?post=40782"}],"curies":[{"name":"wp","href":"https:\/\/api.w.org\/{rel}","templated":true}]}}