{"id":40769,"date":"2023-10-23T19:32:03","date_gmt":"2023-10-23T22:32:03","guid":{"rendered":"http:\/\/dsrmedios.com.ar\/diario\/?p=40769"},"modified":"2023-10-23T19:32:05","modified_gmt":"2023-10-23T22:32:05","slug":"sergio-massa-anuncio-un-nuevo-dolar-diferencial-para-todas-las-exportaciones-por-30-dias","status":"publish","type":"post","link":"http:\/\/dsrmedios.com.ar\/diario\/archivos\/40769","title":{"rendered":"Sergio Massa anunci\u00f3 un nuevo d\u00f3lar diferencial para todas las exportaciones por 30 d\u00edas"},"content":{"rendered":"\n<p>El ministro de Econom\u00eda y candidato presidencial&nbsp;<strong>Sergio Massa<\/strong>&nbsp;anunci\u00f3 este lunes por la tarde que pondr\u00e1 en marcha un mecanismo de<strong>&nbsp;exportaciones con precio m\u00e1s alto<\/strong>&nbsp;para todos los sectores que liquiden divisas, una suerte de<strong>&nbsp;d\u00f3lar agro pero generalizado<\/strong>&nbsp;para todos los rubros, con el objetivo de sumar reservas en el Banco Central durante los pr\u00f3ximos 30 d\u00edas.<\/p>\n\n\n\n<p><\/p>\n\n\n\n<p>As\u00ed lo anunci\u00f3 Massa durante una conferencia de prensa ante medios internacionales, en el primer d\u00eda de agenda tras la victoria de Uni\u00f3n por la Patria en las elecciones presidenciales generales por las que competir\u00e1 contra&nbsp;<strong>Javier Milei&nbsp;<\/strong>en una segunda vuelta. El esquema que anticip\u00f3 el ministro estar\u00eda compuesto por un<strong>&nbsp;70%<\/strong>&nbsp;de liquidaciones a<strong>&nbsp;precio de d\u00f3lar oficial<\/strong>&nbsp;($350) y el&nbsp;<strong>30%<\/strong>&nbsp;restante a<strong>&nbsp;contado con liquidaci\u00f3n<\/strong>&nbsp;(este lunes a $900).<\/p>\n\n\n\n<p>Se trata de una medida que apuntar\u00e1 a reforzar las arcas internacionales del BCRA durante las pr\u00f3ximas semanas antes de la segunda vuelta electoral. Estimaciones privadas hablan de que la entidad monetaria cuenta con m\u00e1s de USD 7.000 millones de reservas negativas.<\/p>\n\n\n\n<blockquote class=\"wp-block-quote\">\n<p>El esquema que anticip\u00f3 el ministro estar\u00eda compuesto por un 70% de liquidaciones a precio de d\u00f3lar oficial ($350) y el 30% restante a contado con liquidaci\u00f3n (este lunes a $900)<\/p>\n<\/blockquote>\n\n\n\n<p>El viernes pasado hab\u00eda finalizado la ventana de liquidaci\u00f3n de exportaciones bajo el formato de<strong>\u00a075%<\/strong>\u00a0en el Mercado \u00danico Libre de Cambios (MULC) y el\u00a0<strong>25%\u00a0<\/strong>restante a \u201ccontado con liqui\u201d que daba como precio impl\u00edcito un<strong>\u00a0tipo de cambio m\u00e1s alto\u00a0<\/strong>que el administrado por el BCRA. Ese esquema rigi\u00f3 para sectores diversos como la soja, econom\u00edas regionales, autom\u00f3viles y miner\u00eda, entre otros.<\/p>\n\n\n\n<p>\u201cDesde ma\u00f1ana para fortalecer las reservas argentinas, vamos a ampliar el programa de fortalecimiento exportador a todas las actividades,&nbsp;<strong>todo el complejo exportador argentino<\/strong>, bienes, intermedios, bienes terminados, productos primarios y servicios, va a tener por los pr\u00f3ximos 30 d\u00edas un r\u00e9gimen de liquidaci\u00f3n, 70% ingresado por lo que se denomina el mercado \u00fanico libre de cambios, 30% ingresado por lo que se denomina sistema de d\u00f3lares financieros o contado con liquidaci\u00f3n\u201d, dijo Massa.<\/p>\n\n\n\n<p><img decoding=\"async\" loading=\"lazy\" alt=\"Massa durante una conferencia de prensa este lunes en el Palacio de Hacienda tras su victoria en las elecciones generales del domingo. REUTERS \" height=\"3666\" width=\"5500\" src=\"https:\/\/www.infobae.com\/new-resizer\/l9tnZXsiyFDaPojE-46ICP3_yOk=\/arc-anglerfish-arc2-prod-infobae\/public\/RVP7QVQOTMNTSJTAWNMFLFEPZE.jpg\" srcset=\"https:\/\/www.infobae.com\/new-resizer\/4FRdEnADAlW8pcaHen-lokgb3ko=\/420x280\/filters:format(webp):quality(85)\/cloudfront-us-east-1.images.arcpublishing.com\/infobae\/RVP7QVQOTMNTSJTAWNMFLFEPZE.jpg 420w,https:\/\/www.infobae.com\/new-resizer\/nO9_ohPsyPOBfcs6O0PgnVyRjjM=\/768x512\/filters:format(webp):quality(85)\/cloudfront-us-east-1.images.arcpublishing.com\/infobae\/RVP7QVQOTMNTSJTAWNMFLFEPZE.jpg 768w,https:\/\/www.infobae.com\/new-resizer\/mwfvpCLmHeJXpy8AwLeDED99GZQ=\/992x661\/filters:format(webp):quality(85)\/cloudfront-us-east-1.images.arcpublishing.com\/infobae\/RVP7QVQOTMNTSJTAWNMFLFEPZE.jpg 992w,https:\/\/www.infobae.com\/new-resizer\/kM40TKqCtHyreRoR8-2CBXxN0R0=\/1200x800\/filters:format(webp):quality(85)\/cloudfront-us-east-1.images.arcpublishing.com\/infobae\/RVP7QVQOTMNTSJTAWNMFLFEPZE.jpg 1200w,https:\/\/www.infobae.com\/new-resizer\/op9Mtp-zj2asrH0y0LhXaT5j2CM=\/1440x960\/filters:format(webp):quality(85)\/cloudfront-us-east-1.images.arcpublishing.com\/infobae\/RVP7QVQOTMNTSJTAWNMFLFEPZE.jpg 1440w\">Massa durante una conferencia de prensa este lunes en el Palacio de Hacienda tras su victoria en las elecciones generales del domingo. REUTERS<\/p>\n\n\n\n<p>El equipo econ\u00f3mico segu\u00eda desde este lunes temprano la respuesta del mercado. Los principales t\u00edtulos ley extranjera, los bonos&nbsp;<strong>Globales, caen hasta 9%&nbsp;<\/strong>en Wall Street. En el mismo sentido, el&nbsp;<strong>riesgo pa\u00eds<\/strong>&nbsp;de JP Morgan, que mide el diferencia de tasa de los bonos del Tesoro de los EEUU con sus pares emergentes, se dispara en 194 enteros para la Argentina, a&nbsp;<strong>2.609 puntos&nbsp;<\/strong>b\u00e1sicos a las 15:50 horas.<\/p>\n\n\n\n<p>En tanto, entre los ADR y acciones de compa\u00f1\u00edas argentinas que cotizan en d\u00f3lares en Nueva York se imponen las bajas, encabezadas por<strong>&nbsp;YPF, Transportadora Gas del Sur y Central Puerto, con un 7 por ciento<\/strong>. En tanto, el&nbsp;<strong>S&amp;P Merval<\/strong>&nbsp;de la Bolsa de Comercio de Buenos Aires&nbsp;<strong>se hunde un 9%, a 728.000 puntos<\/strong>.<\/p>\n\n\n\n<blockquote class=\"wp-block-quote\">\n<p>\u201cDesde ma\u00f1ana para fortalecer las reservas argentinas, vamos a ampliar el programa de fortalecimiento exportador a todas las actividades, todo el complejo exportador argentino, bienes, intermedios, bienes terminados, productos primarios y servicios\u201d (Massa<\/p>\n<\/blockquote>\n\n\n\n<p>Durante la conferencia de prensa este lunes Massa asegur\u00f3 ante los medios internacionales que buscar\u00e1 discutir, si es elegido presidente un programa con el Fondo Monetario Internacional \u201casociado al crecimiento y al desarrollo\u201d.<\/p>\n\n\n\n<p>\u201cQuiero un presupuesto con super\u00e1vit para el a\u00f1o que viene, quiero que nos pongamos como objetivo que el Congreso sancione un presupuesto con un punto de super\u00e1vit para el a\u00f1o que viene y le he pedido al Presidente de la Comisi\u00f3n de Presupuestos del Congreso, que es de nuestra fuerza pol\u00edtica, que cite de manera inmediata a la Comisi\u00f3n de Presupuestos para el&nbsp;<strong>tratamiento de la separata<\/strong>\u201d, continu\u00f3 Massa ante los periodistas acreditados internacionales.<\/p>\n\n\n\n<p>\u201cDesgraciadamente el presupuesto argentino tiene un paquete de beneficios tributarios y presupuestarios que est\u00e1n afectados centralmente a beneficios empresarios, a sectores econ\u00f3micamente muy concentrados. Eso representa\u00a0<strong>4,8% del PBI<\/strong>\u00a0y he planteado la necesidad de que ese presupuesto que mandamos con<strong>\u00a00,9%<\/strong>\u00a0de d\u00e9ficit se sancione con\u00a0<strong>1%<\/strong>\u00a0de super\u00e1vit y que ese super\u00e1vit surja del tratamiento de recortes de beneficios presupuestarios y tributarios que ven\u00eda sancionando a\u00f1o tras a\u00f1o el Congreso\u201d, concluy\u00f3 al respecto.<\/p>\n\n\n\n<p>Fuente: Infobae<\/p>\n","protected":false},"excerpt":{"rendered":"<div class=\"mh-excerpt\"><p>El ministro de Econom\u00eda y candidato presidencial&nbsp;Sergio Massa&nbsp;anunci\u00f3 este lunes por la tarde que pondr\u00e1 en marcha un mecanismo de&nbsp;exportaciones con precio m\u00e1s alto&nbsp;para todos los sectores que liquiden divisas, una suerte de&nbsp;d\u00f3lar agro pero generalizado&nbsp;para todos los rubros, con el objetivo de sumar reservas en el Banco Central durante los pr\u00f3ximos 30 d\u00edas. As\u00ed lo anunci\u00f3 Massa durante una conferencia de prensa ante medios internacionales, en el primer d\u00eda de agenda tras la victoria de Uni\u00f3n por la Patria en las elecciones presidenciales generales por las que competir\u00e1 contra&nbsp;Javier Milei&nbsp;en una segunda vuelta. El esquema que anticip\u00f3 el ministro <a class=\"mh-excerpt-more\" href=\"http:\/\/dsrmedios.com.ar\/diario\/archivos\/40769\" title=\"Sergio Massa anunci\u00f3 un nuevo d\u00f3lar diferencial para todas las exportaciones por 30 d\u00edas\">[Leer m\u00e1s]<\/a><\/p>\n<\/div>","protected":false},"author":8,"featured_media":447,"comment_status":"open","ping_status":"closed","sticky":false,"template":"","format":"standard","meta":{"_jetpack_newsletter_access":""},"categories":[6],"tags":[],"jetpack_featured_media_url":"http:\/\/dsrmedios.com.ar\/diario\/wp-content\/uploads\/2017\/09\/massa.jpg","jetpack_sharing_enabled":true,"jetpack_shortlink":"https:\/\/wp.me\/p9fihK-aBz","_links":{"self":[{"href":"http:\/\/dsrmedios.com.ar\/diario\/wp-json\/wp\/v2\/posts\/40769"}],"collection":[{"href":"http:\/\/dsrmedios.com.ar\/diario\/wp-json\/wp\/v2\/posts"}],"about":[{"href":"http:\/\/dsrmedios.com.ar\/diario\/wp-json\/wp\/v2\/types\/post"}],"author":[{"embeddable":true,"href":"http:\/\/dsrmedios.com.ar\/diario\/wp-json\/wp\/v2\/users\/8"}],"replies":[{"embeddable":true,"href":"http:\/\/dsrmedios.com.ar\/diario\/wp-json\/wp\/v2\/comments?post=40769"}],"version-history":[{"count":1,"href":"http:\/\/dsrmedios.com.ar\/diario\/wp-json\/wp\/v2\/posts\/40769\/revisions"}],"predecessor-version":[{"id":40771,"href":"http:\/\/dsrmedios.com.ar\/diario\/wp-json\/wp\/v2\/posts\/40769\/revisions\/40771"}],"wp:featuredmedia":[{"embeddable":true,"href":"http:\/\/dsrmedios.com.ar\/diario\/wp-json\/wp\/v2\/media\/447"}],"wp:attachment":[{"href":"http:\/\/dsrmedios.com.ar\/diario\/wp-json\/wp\/v2\/media?parent=40769"}],"wp:term":[{"taxonomy":"category","embeddable":true,"href":"http:\/\/dsrmedios.com.ar\/diario\/wp-json\/wp\/v2\/categories?post=40769"},{"taxonomy":"post_tag","embeddable":true,"href":"http:\/\/dsrmedios.com.ar\/diario\/wp-json\/wp\/v2\/tags?post=40769"}],"curies":[{"name":"wp","href":"https:\/\/api.w.org\/{rel}","templated":true}]}}