{"id":40733,"date":"2023-10-23T10:23:21","date_gmt":"2023-10-23T13:23:21","guid":{"rendered":"http:\/\/dsrmedios.com.ar\/diario\/?p=40733"},"modified":"2023-10-23T10:23:21","modified_gmt":"2023-10-23T13:23:21","slug":"crisis-en-jxc-el-doble-juego-de-mauricio-macri-que-puede-colaborar-con-el-quiebre-de-la-coalicion-opositora-de-cara-al-balotaje","status":"publish","type":"post","link":"http:\/\/dsrmedios.com.ar\/diario\/archivos\/40733","title":{"rendered":"Crisis en JxC: el doble juego de Mauricio Macri que puede colaborar con el quiebre de la coalici\u00f3n opositora de cara al balotaje"},"content":{"rendered":"\n<p>Anoche, una vez consumada la derrota, entre la dirigencia de la todav\u00eda coalici\u00f3n opositora se preguntaban cu\u00e1nto tardar\u00eda&nbsp;<strong>Mauricio Macri<\/strong>&nbsp;en respaldar p\u00fablicamente a&nbsp;<strong>Javier Milei&nbsp;<\/strong>de cara a la segunda vuelta del pr\u00f3ximo 19 de noviembre entre el candidato de La Libertad Avanza y el ministro&nbsp;<strong>Sergio Massa<\/strong>.<\/p>\n\n\n\n<p><strong>\u201cCuando eso pase, autom\u00e1ticamente se rompe Juntos por el Cambio\u201d<\/strong>, especulaban estas semanas, en la previa de la elecci\u00f3n, entre los dirigentes que siempre desconfiaron de las maniobras de Macri en torno a la interna partidaria entre&nbsp;<strong>Patricia Bullrich&nbsp;<\/strong>y&nbsp;<strong>Horacio Rodr\u00edguez Larreta<\/strong>, y en relaci\u00f3n a las vacilaciones del ex presidente respecto de la figura de Milei, a pesar del contundente apoyo p\u00fablico de las \u00faltimas semanas a su ex ministra de Seguridad. \u201cNosotros no lo vamos a hacer. Si lo hace, va a ser \u00e9l solo\u201d, dec\u00edan anoche bien cerca de Bullrich, entrada la madrugada.<\/p>\n\n\n\n<p>Las heridas nunca terminaron de sanar puertas adentro.<\/p>\n\n\n\n<p>Macri jam\u00e1s pudo digerir que el jefe de Gobierno intentara disputarle el liderazgo del PRO, aunque Rodr\u00edguez Larreta evit\u00f3, por su estilo de conducci\u00f3n pol\u00edtica, tomar ese lugar:\u00a0<strong>el enfrentamiento con el l\u00edder del PRO siempre fue un tema tab\u00fa para \u00e9l.<\/strong><\/p>\n\n\n\n<p>En las elecciones legislativas del 2021, tras el triunfo de&nbsp;<strong>Diego Santilli<\/strong>&nbsp;en provincia de Buenos Aires, y con Macri relegado a un costado del escenario de Costa Salguero, el alcalde porte\u00f1o no se anim\u00f3 a avanzar definitivamente sobre la jefatura partidaria. Rodr\u00edguez Larreta volvi\u00f3 a rebelarse este a\u00f1o, cuando decidi\u00f3, de manera inconsulta, desdoblar la elecci\u00f3n local de la nacional, y definir al sistema de voto electr\u00f3nico para la categor\u00eda municipal.<\/p>\n\n\n\n<p>Para Macri, esa decisi\u00f3n del jefe de Gobierno fue el l\u00edmite. Crey\u00f3 que con esa iniciativa pon\u00eda en riesgo el \u00fanico basti\u00f3n que el PRO no puede darse el lujo de rifar, el distrito en el que fund\u00f3 hace mucho m\u00e1s de una d\u00e9cada una estructura con la que rompi\u00f3 el bipartidismo cl\u00e1sico entre la UCR y el PJ, en el que ide\u00f3 una extraordinaria maquinaria polirrubro y que le sirvi\u00f3 de plataforma para llegar a la Casa Rosada: la ciudad de Buenos Aires, para colmo, en manos de la candidatura de su primo Jorge, el ex intendente de Vicente L\u00f3pez.<\/p>\n\n\n\n<p><img decoding=\"async\" loading=\"lazy\" alt=\"El l\u00edder del PRO junto a Patricia Bullrich, la candidata derrotada \" height=\"1280\" width=\"1920\" src=\"https:\/\/www.infobae.com\/new-resizer\/AgDzwNurLqevTjsV2epN00TfqIY=\/arc-anglerfish-arc2-prod-infobae\/public\/OCC3DPDBPFHUVAPM4ISNE5JO2I.jpg\" srcset=\"https:\/\/www.infobae.com\/new-resizer\/S-P1JXBqa1bf6-vmjjAoM6voFQc=\/420x280\/filters:format(webp):quality(85)\/cloudfront-us-east-1.images.arcpublishing.com\/infobae\/OCC3DPDBPFHUVAPM4ISNE5JO2I.jpg 420w,https:\/\/www.infobae.com\/new-resizer\/0t9ngWBGzrRMGpDfMqXTMDjUGxs=\/768x512\/filters:format(webp):quality(85)\/cloudfront-us-east-1.images.arcpublishing.com\/infobae\/OCC3DPDBPFHUVAPM4ISNE5JO2I.jpg 768w,https:\/\/www.infobae.com\/new-resizer\/RVJ3Ba5G3ufLOCwbCMLVRiULRPA=\/992x661\/filters:format(webp):quality(85)\/cloudfront-us-east-1.images.arcpublishing.com\/infobae\/OCC3DPDBPFHUVAPM4ISNE5JO2I.jpg 992w,https:\/\/www.infobae.com\/new-resizer\/MS_VMK-LfLOfsmAoFK_sgo5P5mc=\/1200x800\/filters:format(webp):quality(85)\/cloudfront-us-east-1.images.arcpublishing.com\/infobae\/OCC3DPDBPFHUVAPM4ISNE5JO2I.jpg 1200w,https:\/\/www.infobae.com\/new-resizer\/keUDNUSgNJr49HwGezLgk-pJtOI=\/1440x960\/filters:format(webp):quality(85)\/cloudfront-us-east-1.images.arcpublishing.com\/infobae\/OCC3DPDBPFHUVAPM4ISNE5JO2I.jpg 1440w\">El l\u00edder del PRO junto a Patricia Bullrich, la candidata derrotada<\/p>\n\n\n\n<p>El ex presidente entonces se jur\u00f3 revancha, y despleg\u00f3 toda su capacidad operativa en las primarias en favor de Bullrich y en contra de Rodr\u00edguez Larreta, y azuz\u00f3 esa interna que se sali\u00f3 de los carriles normales y alcanz\u00f3 inesperados niveles de tensi\u00f3n, a tal punto que llev\u00f3 a JxC a una muy magra performance en las PASO, la antesala de la debacle electoral de este domingo. Los casi 24 puntos de la ex ministra de este domingo dejaron a la coalici\u00f3n opositora en las puertas de una profunda reconfiguraci\u00f3n, es decir, de la extinci\u00f3n de ese espacio tal cual se lo conoci\u00f3 hasta ahora.<\/p>\n\n\n\n<p>Hay dirigentes de la oposici\u00f3n que aseguran que Macri apost\u00f3 por eso, y que en su disputa con el sector \u201cmoderado\u201d del PRO aglutinado detr\u00e1s de la fallida candidatura de Rodr\u00edguez Larreta, y en la puja con el radicalismo que propon\u00eda una alianza m\u00e1s de centro -representado en&nbsp;<strong>Gerardo Morales, Mart\u00edn Lousteau y Emiliano Yacobitti<\/strong>-, coquete\u00f3 de m\u00e1s con La Libertad Avanza, un doble juego que fastidi\u00f3 a la propia ex ministra de Seguridad. De todos modos, al ex presidente, la derrota de su ex funcionaria tambi\u00e9n lo tom\u00f3 por sorpresa: en su entorno juran que el fin de semana apost\u00f3 plata entre sus amigos a que ella ingresar\u00eda al balotaje.<\/p>\n\n\n\n<p>Macri y Milei no tienen un v\u00ednculo aceitado. El economista libertario suele decir que, al igual que su hermana Karina, se encandil\u00f3 con el fundador del PRO desde su \u00e9poca de presidente de Boca Juniors, y que reci\u00e9n se conocieron hace algunos a\u00f1os, por intermediaci\u00f3n de Benegas Lynch. Suficiente para que el ex jefe de Estado explorara subterr\u00e1neamente alguna suerte de acuerdo a futuro que podr\u00eda llegar a materializarse en la Ciudad si es que, como pareciera, Jorge Macri triunfa finalmente en las elecciones porte\u00f1as en segunda vuelta.&nbsp;<strong>El candidato de LLA tendi\u00f3 puentes este domingo con ese sector: pidi\u00f3 \u201ctrabajar juntos para terminar con el kirchnerismo\u201d en noviembre.<\/strong><\/p>\n\n\n\n<p><img decoding=\"async\" loading=\"lazy\" alt=\"Javier Milei competir\u00e1 en el balotaje (AFP)\" height=\"1080\" width=\"1920\" src=\"https:\/\/www.infobae.com\/new-resizer\/gpsQJ_th7n1Y7s71c1-1Ul5vrP8=\/arc-anglerfish-arc2-prod-infobae\/public\/EMPPEG3HGNGSRKJHDEHWFRF6GA.jpg\" srcset=\"https:\/\/www.infobae.com\/new-resizer\/VTwotOxyHNzm0xgn1gmtp5i70YU=\/420x236\/filters:format(webp):quality(85)\/cloudfront-us-east-1.images.arcpublishing.com\/infobae\/EMPPEG3HGNGSRKJHDEHWFRF6GA.jpg 420w,https:\/\/www.infobae.com\/new-resizer\/5Vs-OOljqQMdiCbeCPp6t6Dbac8=\/768x432\/filters:format(webp):quality(85)\/cloudfront-us-east-1.images.arcpublishing.com\/infobae\/EMPPEG3HGNGSRKJHDEHWFRF6GA.jpg 768w,https:\/\/www.infobae.com\/new-resizer\/Z4gwXHOQbnA01lphT4c-x1fRTwM=\/992x558\/filters:format(webp):quality(85)\/cloudfront-us-east-1.images.arcpublishing.com\/infobae\/EMPPEG3HGNGSRKJHDEHWFRF6GA.jpg 992w,https:\/\/www.infobae.com\/new-resizer\/d8UzmpwSa8L_tTsFEo7h2XEfOhY=\/1200x675\/filters:format(webp):quality(85)\/cloudfront-us-east-1.images.arcpublishing.com\/infobae\/EMPPEG3HGNGSRKJHDEHWFRF6GA.jpg 1200w,https:\/\/www.infobae.com\/new-resizer\/9G0PVQ30K1FthRe3ci0modrBXkE=\/1440x810\/filters:format(webp):quality(85)\/cloudfront-us-east-1.images.arcpublishing.com\/infobae\/EMPPEG3HGNGSRKJHDEHWFRF6GA.jpg 1440w\">Javier Milei competir\u00e1 en el balotaje (AFP)<\/p>\n\n\n\n<p>Incluso se lleg\u00f3 a especular con que el ex presidente hab\u00eda intercedido para cortar algunos canales de financiamiento a Bullrich, un trascendido que fue desmentido en su momento de forma tajante por colaboradores macristas. Por el contrario, el propio Macri se ocup\u00f3 de filtrar que, previo a las PASO, hab\u00eda ayudado a su ex funcionaria en la recolecci\u00f3n de fondos. Desde esas usinas aclararon, adem\u00e1s, que el ex mandatario hab\u00eda aceptado en principio que en provincia de Buenos Aires tanto la ex ministra como el jefe de Gobierno se postularan con un solo candidato a gobernador -Santilli, en ese caso- para dividir el voto opositor, y que fue Rodr\u00edguez Larreta el que se neg\u00f3 a avanzar con ese experimento.<\/p>\n\n\n\n<p>Para cuando Macri -seg\u00fan su entorno, hab\u00eda estado a disposici\u00f3n desde varias semanas antes- defini\u00f3 su apoyo p\u00fablico a Bullrich de manera m\u00e1s contundente -pidi\u00f3 su voto en las redes, sali\u00f3 a repartir boletas en diferentes distritos y particip\u00f3 del cierre de campa\u00f1a del jueves en Lomas de Zamora-, la sangre ya hab\u00eda llegado al r\u00edo. El fundador del PRO, de hecho, fue mucho m\u00e1s diplom\u00e1tico en sus cr\u00edticas a Milei de lo que fueron el resto de los principales dirigentes del PRO y de JxC.<\/p>\n\n\n\n<p>Seg\u00fan trascendi\u00f3, hubo un dur\u00edsimo encuentro en casa del ex presidente semanas despu\u00e9s de las PASO entre \u00e9l y Bullrich. Reci\u00e9n despu\u00e9s de eso, confiaron, se aplac\u00f3 algo m\u00e1s la interna. Pero en el medio volaban versiones sobre un supuesto&nbsp;<em>scouting&nbsp;<\/em>de asesores del economista de LLA en cuadros vinculados con el ex mandatario.<\/p>\n\n\n\n<p>La suerte ya estaba echada.<\/p>\n\n\n\n<p>En el peronismo se presum\u00eda que desde este domingo por la noche el ministro de Econom\u00eda y candidato presidencial de Uni\u00f3n por la Patria inaugurar\u00eda, como anticip\u00f3 en la campa\u00f1a, un llamado multipartidario para la convocatoria a un \u201cgobierno de unidad nacional\u201d en caso de ganar la segunda vuelta. Lo mencion\u00f3 en su discurso en el complejo C de Chacarita, donde adem\u00e1s hizo referencia a los \u201cradicales\u201d. Habl\u00f3 de \u201cacuerdos partidocr\u00e1ticos\u201d.<\/p>\n\n\n\n<p><img decoding=\"async\" loading=\"lazy\" alt=\"El radicalismo, el otro actor de peso en JxC \" height=\"1059\" width=\"1600\" src=\"https:\/\/www.infobae.com\/new-resizer\/9wbbBFVbe4715mMAEPpTu0bezGk=\/arc-anglerfish-arc2-prod-infobae\/public\/PSE5M3LP5BAKTHQMCY5UQSM2NQ.jpeg\" srcset=\"https:\/\/www.infobae.com\/new-resizer\/JQWj8cU0B8Fn13bcbuxqAk49H6w=\/420x280\/filters:format(webp):quality(85)\/cloudfront-us-east-1.images.arcpublishing.com\/infobae\/PSE5M3LP5BAKTHQMCY5UQSM2NQ.jpeg 420w,https:\/\/www.infobae.com\/new-resizer\/qdUhVIOtiB_sCBt1OYmg4IbdzHc=\/768x512\/filters:format(webp):quality(85)\/cloudfront-us-east-1.images.arcpublishing.com\/infobae\/PSE5M3LP5BAKTHQMCY5UQSM2NQ.jpeg 768w,https:\/\/www.infobae.com\/new-resizer\/USsH7SlElyZdutJgv4VyngDDXZY=\/992x661\/filters:format(webp):quality(85)\/cloudfront-us-east-1.images.arcpublishing.com\/infobae\/PSE5M3LP5BAKTHQMCY5UQSM2NQ.jpeg 992w,https:\/\/www.infobae.com\/new-resizer\/qhXUL7sVeFMqs0ct5DSBHBRoZnY=\/1200x800\/filters:format(webp):quality(85)\/cloudfront-us-east-1.images.arcpublishing.com\/infobae\/PSE5M3LP5BAKTHQMCY5UQSM2NQ.jpeg 1200w,https:\/\/www.infobae.com\/new-resizer\/Bc91Cg9YcHPK9Wr9Nk1zzAiB3a8=\/1440x960\/filters:format(webp):quality(85)\/cloudfront-us-east-1.images.arcpublishing.com\/infobae\/PSE5M3LP5BAKTHQMCY5UQSM2NQ.jpeg 1440w\">El radicalismo, el otro actor de peso en JxC<\/p>\n\n\n\n<p>Se especul\u00f3, incluso, con que ese plan podr\u00eda incluir a Rodr\u00edguez Larreta, aunque anoche, bien cerca del jefe de Gobierno, aseguraban que el ex candidato presidencial no ten\u00eda previsto por ahora dar ninguna se\u00f1al, m\u00e1s all\u00e1 del excelente v\u00ednculo con el ex intendente de Tigre -el propio Massa reconoci\u00f3 semanas atr\u00e1s que horas despu\u00e9s de las PASO llam\u00f3 al jefe de Gobierno para darle su apoyo tras la derrota con Bullrich-.<\/p>\n\n\n\n<p>Es que el alcalde fue anunciado hace dos fines de semana por Bullrich como su eventual jefe de Gabinete si es que ten\u00eda suerte en las elecciones, un lugar m\u00e1s que inc\u00f3modo para Rodr\u00edguez Larreta que, sin embargo, no ten\u00eda mucho m\u00e1s margen de acci\u00f3n que aceptar esa invitaci\u00f3n.<\/p>\n\n\n\n<p>Por estas horas s\u00ed circul\u00f3 que el ministro de Econom\u00eda pensaba, por ejemplo, en&nbsp;<strong>Emilio Monz\u00f3<\/strong>&nbsp;como un futuro funcionario en caso de llegar a la Casa Rosada. Es solo un caso.<\/p>\n\n\n\n<p>Rodr\u00edguez Larreta hab\u00eda querido primerear con esa convocatoria abierta -se refiri\u00f3 durante la campa\u00f1a como la coalici\u00f3n extrapartidaria del \u201c70%\u201d- con la incorporaci\u00f3n de&nbsp;<strong>Juan Schiaretti&nbsp;<\/strong>hasta que se top\u00f3 con la resistencia de los halcones en general, y de Macri en particular. En el larretismo reconocer\u00edan semanas despu\u00e9s que el intento fallido se anunci\u00f3 mal y de manera extempor\u00e1nea. Y que la tensi\u00f3n interna ya era tan grande que no hab\u00eda manera de cosechar un \u00e9xito.<\/p>\n\n\n\n<p>Ahora fue el ministro-candidato de del oficialismo el que aprovech\u00f3 su sorpresivo triunfo de anoche para realizar esa convocatoria. Del logro que obtenga depender\u00e1, en buena medida, el futuro de Juntos por el Cambio.<\/p>\n\n\n\n<p>Massa y Macri se detestan. Si en alg\u00fan momento hubo una buena sinton\u00eda, y el ministro colabor\u00f3 por ejemplo en la Provincia con la gobernabilidad de Mar\u00eda Eugenia Vidal durante el gobierno de Cambiemos, de esos tiempos ya no queda nada. El ex presidente se hab\u00eda imaginado un balotaje entre Milei y Bullrich, con Massa derrotado, y el sector de JxC que apostaba por lo bajo m\u00e1s por el funcionario que por la ex ministra tambi\u00e9n disminuido. El sorpresivo triunfo de UP le dio otro vuelco al destino.<\/p>\n\n\n\n<p>Dicen puertas adentro que, despu\u00e9s de las PASO, los estrategas de Rodr\u00edguez Larreta le acercaron al equipo de Bullrich dos consejos principales. El primero fue \u201cno larretizarse\u201d: la ex ministra, seg\u00fan sus propios colaboradores, no pudo tomarlo al pie de la letra. El segundo fue m\u00e1s concreto: \u201cNo hay que pelearse con Macri\u201d.<\/p>\n\n\n\n<p>Fuente: infobae<\/p>\n","protected":false},"excerpt":{"rendered":"<div class=\"mh-excerpt\"><p>Anoche, una vez consumada la derrota, entre la dirigencia de la todav\u00eda coalici\u00f3n opositora se preguntaban cu\u00e1nto tardar\u00eda&nbsp;Mauricio Macri&nbsp;en respaldar p\u00fablicamente a&nbsp;Javier Milei&nbsp;de cara a la segunda vuelta del pr\u00f3ximo 19 de noviembre entre el candidato de La Libertad Avanza y el ministro&nbsp;Sergio Massa. \u201cCuando eso pase, autom\u00e1ticamente se rompe Juntos por el Cambio\u201d, especulaban estas semanas, en la previa de la elecci\u00f3n, entre los dirigentes que siempre desconfiaron de las maniobras de Macri en torno a la interna partidaria entre&nbsp;Patricia Bullrich&nbsp;y&nbsp;Horacio Rodr\u00edguez Larreta, y en relaci\u00f3n a las vacilaciones del ex presidente respecto de la figura de Milei, a <a class=\"mh-excerpt-more\" href=\"http:\/\/dsrmedios.com.ar\/diario\/archivos\/40733\" title=\"Crisis en JxC: el doble juego de Mauricio Macri que puede colaborar con el quiebre de la coalici\u00f3n opositora de cara al balotaje\">[Leer m\u00e1s]<\/a><\/p>\n<\/div>","protected":false},"author":8,"featured_media":40734,"comment_status":"open","ping_status":"closed","sticky":false,"template":"","format":"standard","meta":{"_jetpack_newsletter_access":""},"categories":[6],"tags":[],"jetpack_featured_media_url":"http:\/\/dsrmedios.com.ar\/diario\/wp-content\/uploads\/2023\/10\/images-2023-10-23T102154.311.jpg","jetpack_sharing_enabled":true,"jetpack_shortlink":"https:\/\/wp.me\/p9fihK-aAZ","_links":{"self":[{"href":"http:\/\/dsrmedios.com.ar\/diario\/wp-json\/wp\/v2\/posts\/40733"}],"collection":[{"href":"http:\/\/dsrmedios.com.ar\/diario\/wp-json\/wp\/v2\/posts"}],"about":[{"href":"http:\/\/dsrmedios.com.ar\/diario\/wp-json\/wp\/v2\/types\/post"}],"author":[{"embeddable":true,"href":"http:\/\/dsrmedios.com.ar\/diario\/wp-json\/wp\/v2\/users\/8"}],"replies":[{"embeddable":true,"href":"http:\/\/dsrmedios.com.ar\/diario\/wp-json\/wp\/v2\/comments?post=40733"}],"version-history":[{"count":1,"href":"http:\/\/dsrmedios.com.ar\/diario\/wp-json\/wp\/v2\/posts\/40733\/revisions"}],"predecessor-version":[{"id":40737,"href":"http:\/\/dsrmedios.com.ar\/diario\/wp-json\/wp\/v2\/posts\/40733\/revisions\/40737"}],"wp:featuredmedia":[{"embeddable":true,"href":"http:\/\/dsrmedios.com.ar\/diario\/wp-json\/wp\/v2\/media\/40734"}],"wp:attachment":[{"href":"http:\/\/dsrmedios.com.ar\/diario\/wp-json\/wp\/v2\/media?parent=40733"}],"wp:term":[{"taxonomy":"category","embeddable":true,"href":"http:\/\/dsrmedios.com.ar\/diario\/wp-json\/wp\/v2\/categories?post=40733"},{"taxonomy":"post_tag","embeddable":true,"href":"http:\/\/dsrmedios.com.ar\/diario\/wp-json\/wp\/v2\/tags?post=40733"}],"curies":[{"name":"wp","href":"https:\/\/api.w.org\/{rel}","templated":true}]}}