{"id":40717,"date":"2023-10-23T10:10:11","date_gmt":"2023-10-23T13:10:11","guid":{"rendered":"http:\/\/dsrmedios.com.ar\/diario\/?p=40717"},"modified":"2023-10-23T10:10:13","modified_gmt":"2023-10-23T13:10:13","slug":"con-la-mira-puesta-en-el-balotaje-sergio-massa-se-reune-con-su-gabinete-economico","status":"publish","type":"post","link":"http:\/\/dsrmedios.com.ar\/diario\/archivos\/40717","title":{"rendered":"Con la mira puesta en el balotaje, Sergio Massa se re\u00fane con su gabinete econ\u00f3mico"},"content":{"rendered":"\n<p>Tras la primera vuelta de las elecciones presidenciales, el ministro de Econom\u00eda,&nbsp;<strong>Sergio Massa<\/strong>, se reunir\u00e1 este lunes para las 9 de este lunes junto a su gabinete econ\u00f3mico con eje en la gesti\u00f3n.<\/p>\n\n\n\n<p>El equipo que conduce Massa se reuni\u00f3 para analizar c\u00f3mo reaccionar a los mercados este lunes despu\u00e9s de los comicios, luego de que<strong>&nbsp;en las PASO se produjera una devaluaci\u00f3n del 25% y un aumento de los d\u00f3lares paralelos<\/strong>&nbsp;tras conocerse la victoria de Javier Milei.<\/p>\n\n\n\n<p>La convocatoria estaba pactada desde el s\u00e1bado donde ya estuvieron reunidos en la localidad bonaerense de Tigre, donde el candidato a presidente de Uni\u00f3n por la Patria,&nbsp;<a href=\"https:\/\/www.minutouno.com\/politica\/elecciones-2023\/sergio-massa-se-impuso-las-generales-y-hay-balotaje-javier-milei-n5852124\" target=\"_blank\" rel=\"noreferrer noopener\">que ir\u00e1 a balotaje el pr\u00f3ximo 19 de noviembre<\/a>, instruy\u00f3 a los funcionarios a seguir permanentemente la gesti\u00f3n.<\/p>\n\n\n\n<p>En la reuni\u00f3n del fin de semana participaron el jefe de Gabinete de Econom\u00eda, Leonardo Madcur; los secretarios de Pol\u00edtica Econ\u00f3mica, Gabriel Rubinstein; de Hacienda, Ra\u00fal Rigo; y de Legal y Administrativa, Ricardo Casal.<\/p>\n\n\n\n<p>Tambi\u00e9n estuvieron presentes en el encuentro el director del Instituto Nacional de Estad\u00edstica y Censos (Indec), Marco Lavagna, y el secretario de Comercio, Mat\u00edas Tombolini, as\u00ed como el presidente del Banco Central, Miguel \u00c1ngel Pesce, y el vicepresidente de la autoridad monetaria, Lisandro Cleri.<\/p>\n\n\n\n<p>Fuente: minutouno<\/p>\n","protected":false},"excerpt":{"rendered":"<div class=\"mh-excerpt\"><p>Tras la primera vuelta de las elecciones presidenciales, el ministro de Econom\u00eda,&nbsp;Sergio Massa, se reunir\u00e1 este lunes para las 9 de este lunes junto a su gabinete econ\u00f3mico con eje en la gesti\u00f3n. El equipo que conduce Massa se reuni\u00f3 para analizar c\u00f3mo reaccionar a los mercados este lunes despu\u00e9s de los comicios, luego de que&nbsp;en las PASO se produjera una devaluaci\u00f3n del 25% y un aumento de los d\u00f3lares paralelos&nbsp;tras conocerse la victoria de Javier Milei. La convocatoria estaba pactada desde el s\u00e1bado donde ya estuvieron reunidos en la localidad bonaerense de Tigre, donde el candidato a presidente de <a class=\"mh-excerpt-more\" href=\"http:\/\/dsrmedios.com.ar\/diario\/archivos\/40717\" title=\"Con la mira puesta en el balotaje, Sergio Massa se re\u00fane con su gabinete econ\u00f3mico\">[Leer m\u00e1s]<\/a><\/p>\n<\/div>","protected":false},"author":8,"featured_media":1444,"comment_status":"open","ping_status":"closed","sticky":false,"template":"","format":"standard","meta":{"_jetpack_newsletter_access":""},"categories":[6],"tags":[],"jetpack_featured_media_url":"http:\/\/dsrmedios.com.ar\/diario\/wp-content\/uploads\/2017\/10\/sergio-MAssa.jpg","jetpack_sharing_enabled":true,"jetpack_shortlink":"https:\/\/wp.me\/p9fihK-aAJ","_links":{"self":[{"href":"http:\/\/dsrmedios.com.ar\/diario\/wp-json\/wp\/v2\/posts\/40717"}],"collection":[{"href":"http:\/\/dsrmedios.com.ar\/diario\/wp-json\/wp\/v2\/posts"}],"about":[{"href":"http:\/\/dsrmedios.com.ar\/diario\/wp-json\/wp\/v2\/types\/post"}],"author":[{"embeddable":true,"href":"http:\/\/dsrmedios.com.ar\/diario\/wp-json\/wp\/v2\/users\/8"}],"replies":[{"embeddable":true,"href":"http:\/\/dsrmedios.com.ar\/diario\/wp-json\/wp\/v2\/comments?post=40717"}],"version-history":[{"count":1,"href":"http:\/\/dsrmedios.com.ar\/diario\/wp-json\/wp\/v2\/posts\/40717\/revisions"}],"predecessor-version":[{"id":40727,"href":"http:\/\/dsrmedios.com.ar\/diario\/wp-json\/wp\/v2\/posts\/40717\/revisions\/40727"}],"wp:featuredmedia":[{"embeddable":true,"href":"http:\/\/dsrmedios.com.ar\/diario\/wp-json\/wp\/v2\/media\/1444"}],"wp:attachment":[{"href":"http:\/\/dsrmedios.com.ar\/diario\/wp-json\/wp\/v2\/media?parent=40717"}],"wp:term":[{"taxonomy":"category","embeddable":true,"href":"http:\/\/dsrmedios.com.ar\/diario\/wp-json\/wp\/v2\/categories?post=40717"},{"taxonomy":"post_tag","embeddable":true,"href":"http:\/\/dsrmedios.com.ar\/diario\/wp-json\/wp\/v2\/tags?post=40717"}],"curies":[{"name":"wp","href":"https:\/\/api.w.org\/{rel}","templated":true}]}}