{"id":40714,"date":"2023-10-23T10:09:16","date_gmt":"2023-10-23T13:09:16","guid":{"rendered":"http:\/\/dsrmedios.com.ar\/diario\/?p=40714"},"modified":"2023-10-23T10:09:18","modified_gmt":"2023-10-23T13:09:18","slug":"elecciones-2023-sergio-massa-se-impuso-en-las-generales-y-hay-balotaje-con-javier-milei","status":"publish","type":"post","link":"http:\/\/dsrmedios.com.ar\/diario\/archivos\/40714","title":{"rendered":"Elecciones 2023: Sergio Massa se impuso en las generales y hay balotaje con Javier Milei"},"content":{"rendered":"\n<p>El candidato a presidente de Uni\u00f3n por la Patria, Sergio Massa, logr\u00f3 una gran remontada con respecto a las PASO y se convirti\u00f3 este domingo en el candidato m\u00e1s votado en las elecciones generales, e ir\u00e1 a un balotaje con su par de La Libertad Avanza, Javier Milei.<\/p>\n\n\n\n<p>El ministro de Econom\u00eda obtuvo m\u00e1s del 36% de los votos, contra el 30 del libertario. Patricia Bullrich, de Juntos por el Cambio, finaliz\u00f3 en el tercer lugar con 23%.<\/p>\n\n\n\n<h3>Este domingo,\u00a0<strong>35 millones de argentinos<\/strong>\u00a0se acercaron al establecimiento que ten\u00edan asignado seg\u00fan su zona de residencia para elegir al\u00a0<strong>pr\u00f3ximo presidente del pa\u00eds\u00a0<\/strong>que suceder\u00e1 al mandato de\u00a0<strong>Alberto Fern\u00e1ndez<\/strong>, actual jefe de Estado.<\/h3>\n\n\n\n<p>Las elecciones generales para presidente, diputados y senadores nacionales cerraron a las 18 de ese domingo con normalidad en todo el pa\u00eds, y&nbsp;<strong>con el voto de al menos el 74% de los empadronados<\/strong>.<\/p>\n\n\n\n<p>&#8220;Quiero agradecerle a los m\u00e1s de 25 millones de argentinos que fueron a votar, votaran por quien votaran, porque a 40 a\u00f1os del nacimiento de nuestra nueva era democr\u00e1tica, los argentinos abrazan este sistema para elegir a quienes gobiernan&#8221;, dijo Sergio Massa desde el b\u00fanker.<\/p>\n\n\n\n<p>Y agreg\u00f3: &#8220;Quiero agradecerle a los m\u00e1s de 8 millones que depositaron su esperanza en nosotros y, sobre todo, lo quiero hacer entendiendo que nuestro pa\u00eds vive una situaci\u00f3n compleja y, sin embargo, creyeron que \u00e9ramos la mejor herramienta para que a partir del 10 diciembre seamos quienes solucionemos los problemas&#8221;.<\/p>\n\n\n\n<h2>Los resultados de las elecciones presidenciales 2023<\/h2>\n\n\n\n<p>Resultados con m\u00e1s del 98% escrutado<\/p>\n\n\n\n<ul>\n<li>Sergio Massa: 36,66%<\/li>\n\n\n\n<li>Javier Milei: 30,00%<\/li>\n\n\n\n<li>Patricia Bullrich: 23,83%<\/li>\n\n\n\n<li>Juan Schiaretti: 6,79%<\/li>\n\n\n\n<li>Myriam Bregman: 2,70%<\/li>\n<\/ul>\n\n\n\n<h2>Cu\u00e1ndo ser\u00e1 el balotaje entre Sergio Massa y Javier Milei<\/h2>\n\n\n\n<p>Casi un mes de las elecciones generales, los referentes de\u00a0<strong>Uni\u00f3n por la Patria<\/strong>\u00a0y de\u00a0<strong>La Libertad Avanza\u00a0<\/strong>se disputar\u00e1n la presidencia: ser\u00e1 el\u00a0<strong>19 de noviembre<\/strong>, seg\u00fan la C\u00e1mara Nacional Electoral.<\/p>\n\n\n\n<p>Fuente: Infobae<\/p>\n","protected":false},"excerpt":{"rendered":"<div class=\"mh-excerpt\"><p>El candidato a presidente de Uni\u00f3n por la Patria, Sergio Massa, logr\u00f3 una gran remontada con respecto a las PASO y se convirti\u00f3 este domingo en el candidato m\u00e1s votado en las elecciones generales, e ir\u00e1 a un balotaje con su par de La Libertad Avanza, Javier Milei. El ministro de Econom\u00eda obtuvo m\u00e1s del 36% de los votos, contra el 30 del libertario. Patricia Bullrich, de Juntos por el Cambio, finaliz\u00f3 en el tercer lugar con 23%. Este domingo,\u00a035 millones de argentinos\u00a0se acercaron al establecimiento que ten\u00edan asignado seg\u00fan su zona de residencia para elegir al\u00a0pr\u00f3ximo presidente del pa\u00eds\u00a0que <a class=\"mh-excerpt-more\" href=\"http:\/\/dsrmedios.com.ar\/diario\/archivos\/40714\" title=\"Elecciones 2023: Sergio Massa se impuso en las generales y hay balotaje con Javier Milei\">[Leer m\u00e1s]<\/a><\/p>\n<\/div>","protected":false},"author":8,"featured_media":40718,"comment_status":"open","ping_status":"closed","sticky":false,"template":"","format":"standard","meta":{"_jetpack_newsletter_access":""},"categories":[6],"tags":[],"jetpack_featured_media_url":"http:\/\/dsrmedios.com.ar\/diario\/wp-content\/uploads\/2023\/10\/WEB-NOT-22OCT-PORTADA-MILEI-MASSA-2.png","jetpack_sharing_enabled":true,"jetpack_shortlink":"https:\/\/wp.me\/p9fihK-aAG","_links":{"self":[{"href":"http:\/\/dsrmedios.com.ar\/diario\/wp-json\/wp\/v2\/posts\/40714"}],"collection":[{"href":"http:\/\/dsrmedios.com.ar\/diario\/wp-json\/wp\/v2\/posts"}],"about":[{"href":"http:\/\/dsrmedios.com.ar\/diario\/wp-json\/wp\/v2\/types\/post"}],"author":[{"embeddable":true,"href":"http:\/\/dsrmedios.com.ar\/diario\/wp-json\/wp\/v2\/users\/8"}],"replies":[{"embeddable":true,"href":"http:\/\/dsrmedios.com.ar\/diario\/wp-json\/wp\/v2\/comments?post=40714"}],"version-history":[{"count":1,"href":"http:\/\/dsrmedios.com.ar\/diario\/wp-json\/wp\/v2\/posts\/40714\/revisions"}],"predecessor-version":[{"id":40719,"href":"http:\/\/dsrmedios.com.ar\/diario\/wp-json\/wp\/v2\/posts\/40714\/revisions\/40719"}],"wp:featuredmedia":[{"embeddable":true,"href":"http:\/\/dsrmedios.com.ar\/diario\/wp-json\/wp\/v2\/media\/40718"}],"wp:attachment":[{"href":"http:\/\/dsrmedios.com.ar\/diario\/wp-json\/wp\/v2\/media?parent=40714"}],"wp:term":[{"taxonomy":"category","embeddable":true,"href":"http:\/\/dsrmedios.com.ar\/diario\/wp-json\/wp\/v2\/categories?post=40714"},{"taxonomy":"post_tag","embeddable":true,"href":"http:\/\/dsrmedios.com.ar\/diario\/wp-json\/wp\/v2\/tags?post=40714"}],"curies":[{"name":"wp","href":"https:\/\/api.w.org\/{rel}","templated":true}]}}