{"id":40712,"date":"2023-10-23T10:07:01","date_gmt":"2023-10-23T13:07:01","guid":{"rendered":"http:\/\/dsrmedios.com.ar\/diario\/?p=40712"},"modified":"2023-10-23T10:07:51","modified_gmt":"2023-10-23T13:07:51","slug":"alberto-fernandez-destaco-el-triunfo-de-sergio-massa-el-futuro-es-prometedor","status":"publish","type":"post","link":"http:\/\/dsrmedios.com.ar\/diario\/archivos\/40712","title":{"rendered":"Alberto Fern\u00e1ndez destac\u00f3 el triunfo de Sergio Massa: &#8220;El futuro es prometedor&#8221;"},"content":{"rendered":"\n<p>El presidente&nbsp;<strong>Alberto Fern\u00e1ndez<\/strong>&nbsp;destac\u00f3 el triunfo del candidato presidencial de Uni\u00f3n por la Patria,&nbsp;<strong>Sergio Massa,<\/strong>&nbsp;dijo que&nbsp;<strong>&#8220;el pueblo argentino ha apostado a defender el trabajo, la educaci\u00f3n, la salud y sus derechos&#8221;<\/strong>&nbsp;y asever\u00f3 que&nbsp;<strong>&#8220;el futuro es prometedor&#8221;,<\/strong>&nbsp;en un mensaje de cara a la segunda vuelta de las elecciones.<\/p>\n\n\n\n<p>&#8220;Concluimos esta importante jornada democr\u00e1tica con gran alegr\u00eda. Felicito profundamente a Sergio Massa, el candidato m\u00e1s votado de cara al balotaje, y abrazo a todo el pueblo argentino que hoy se expres\u00f3 en las urnas&#8221;, poste\u00f3 esta noche el Presidente en su cuenta de la plataforma X.<\/p>\n\n\n\n<p>&#8220;Lo he dicho, Sergio es la persona mejor preparada para garantizarle un camino de crecimiento e igualdad a la Argentina. El pueblo argentino ha apostado a defender el trabajo, la educaci\u00f3n, la salud y sus derechos&#8221;, a\u00f1adi\u00f3 el mandatario.<\/p>\n\n\n\n<p>Y concluy\u00f3:&nbsp;&#8220;La experiencia de Sergio Massa, su preocupaci\u00f3n por quienes m\u00e1s necesitan, su vocaci\u00f3n al di\u00e1logo y su b\u00fasqueda de la unidad nacional son los ejes que nuestro pa\u00eds necesita. Tenemos el talento de nuestra gente y la riqueza de nuestra patria. El futuro es prometedor&#8221;.<\/p>\n\n\n\n<blockquote class=\"wp-block-quote\">\n<p>Concluimos esta importante jornada democr\u00e1tica con gran alegr\u00eda.<br><br>Felicito profundamente a&nbsp;<a href=\"https:\/\/twitter.com\/SergioMassa?ref_src=twsrc%5Etfw\">@SergioMassa<\/a>, el candidato m\u00e1s votado de cara al balotaje, y abrazo a todo el pueblo argentino que hoy se expres\u00f3 en las urnas.&nbsp;<a href=\"https:\/\/t.co\/Pdl44u57gj\">pic.twitter.com\/Pdl44u57gj<\/a>\u2014 Alberto Fern\u00e1ndez (@alferdez)&nbsp;<a href=\"https:\/\/twitter.com\/alferdez\/status\/1716283964758041058?ref_src=twsrc%5Etfw\">October 23, 2023<\/a><\/p>\n<\/blockquote>\n\n\n\n<p>En otro mensaje, el Presidente felicit\u00f3 al gobernador electo de la Provincia de Buenos Aires,&nbsp;<strong>Axel Kicillof,<\/strong>&nbsp;porque su reelecci\u00f3n&nbsp;<strong>&#8220;demuestra el gran trabajo que ha hecho por el bienestar de la gente y por el crecimiento de la provincia. El camino de la igualdad y la justicia social ha triunfado&#8221;<\/strong>.<\/p>\n\n\n\n<p>El mandatario tambi\u00e9n se alegr\u00f3 por la reelecci\u00f3n del gobernador&nbsp;<strong>Raul Jalil<\/strong>&nbsp;en Catamarca:&nbsp;<strong>&#8220;Querido compa\u00f1ero Ra\u00fal, s\u00e9 que, con tu trabajo y tus convicciones, esta hermosa provincia tiene un enorme futuro por delante&#8221;<\/strong>, augur\u00f3.<\/p>\n\n\n\n<p>En otro mensaje salud\u00f3 al gobernador electo por Juntos por&nbsp;<strong>Entre R\u00edos,<\/strong>&nbsp;Rogelio Frigerio:&nbsp;<strong>&#8220;Conf\u00edo en que trabajar\u00e1 en beneficio de la provincia y su maravillosa gente&#8221;<\/strong>, asegur\u00f3 sobre quien se impuso por una leve diferencia al postulante por el peronismo, Ad\u00e1n Bahl.<\/p>\n\n\n\n<p>Asimismo, Fern\u00e1ndez agradeci\u00f3 al gobernador saliente,&nbsp;<strong>Gustavo Bordet,<\/strong>&nbsp;<strong>&#8220;por su gran gesti\u00f3n y por el trabajo que realizamos en estos a\u00f1os, siempre con el compromiso de mejorar la vida de entrerrianas y entrerrianos&#8221;<\/strong>.<\/p>\n\n\n\n<blockquote class=\"wp-block-quote\">\n<p>Felicito al gobernador electo de la Provincia de Buenos Aires,&nbsp;<a href=\"https:\/\/twitter.com\/Kicillofok?ref_src=twsrc%5Etfw\">@Kicillofok<\/a>.<br><br>Su reelecci\u00f3n demuestra el gran trabajo que ha hecho por el bienestar de la gente y por el crecimiento de la provincia. El camino de la igualdad y la justicia social ha triunfado.<\/p>\n<\/blockquote>\n\n\n\n<p>Fuente: Minutouno<\/p>\n","protected":false},"excerpt":{"rendered":"<div class=\"mh-excerpt\"><p>El presidente&nbsp;Alberto Fern\u00e1ndez&nbsp;destac\u00f3 el triunfo del candidato presidencial de Uni\u00f3n por la Patria,&nbsp;Sergio Massa,&nbsp;dijo que&nbsp;&#8220;el pueblo argentino ha apostado a defender el trabajo, la educaci\u00f3n, la salud y sus derechos&#8221;&nbsp;y asever\u00f3 que&nbsp;&#8220;el futuro es prometedor&#8221;,&nbsp;en un mensaje de cara a la segunda vuelta de las elecciones. &#8220;Concluimos esta importante jornada democr\u00e1tica con gran alegr\u00eda. Felicito profundamente a Sergio Massa, el candidato m\u00e1s votado de cara al balotaje, y abrazo a todo el pueblo argentino que hoy se expres\u00f3 en las urnas&#8221;, poste\u00f3 esta noche el Presidente en su cuenta de la plataforma X. &#8220;Lo he dicho, Sergio es la persona <a class=\"mh-excerpt-more\" href=\"http:\/\/dsrmedios.com.ar\/diario\/archivos\/40712\" title=\"Alberto Fern\u00e1ndez destac\u00f3 el triunfo de Sergio Massa: &#8220;El futuro es prometedor&#8221;\">[Leer m\u00e1s]<\/a><\/p>\n<\/div>","protected":false},"author":8,"featured_media":29246,"comment_status":"open","ping_status":"closed","sticky":false,"template":"","format":"standard","meta":{"_jetpack_newsletter_access":""},"categories":[6],"tags":[],"jetpack_featured_media_url":"http:\/\/dsrmedios.com.ar\/diario\/wp-content\/uploads\/2022\/09\/fernandezalberto.jpg","jetpack_sharing_enabled":true,"jetpack_shortlink":"https:\/\/wp.me\/p9fihK-aAE","_links":{"self":[{"href":"http:\/\/dsrmedios.com.ar\/diario\/wp-json\/wp\/v2\/posts\/40712"}],"collection":[{"href":"http:\/\/dsrmedios.com.ar\/diario\/wp-json\/wp\/v2\/posts"}],"about":[{"href":"http:\/\/dsrmedios.com.ar\/diario\/wp-json\/wp\/v2\/types\/post"}],"author":[{"embeddable":true,"href":"http:\/\/dsrmedios.com.ar\/diario\/wp-json\/wp\/v2\/users\/8"}],"replies":[{"embeddable":true,"href":"http:\/\/dsrmedios.com.ar\/diario\/wp-json\/wp\/v2\/comments?post=40712"}],"version-history":[{"count":2,"href":"http:\/\/dsrmedios.com.ar\/diario\/wp-json\/wp\/v2\/posts\/40712\/revisions"}],"predecessor-version":[{"id":40715,"href":"http:\/\/dsrmedios.com.ar\/diario\/wp-json\/wp\/v2\/posts\/40712\/revisions\/40715"}],"wp:featuredmedia":[{"embeddable":true,"href":"http:\/\/dsrmedios.com.ar\/diario\/wp-json\/wp\/v2\/media\/29246"}],"wp:attachment":[{"href":"http:\/\/dsrmedios.com.ar\/diario\/wp-json\/wp\/v2\/media?parent=40712"}],"wp:term":[{"taxonomy":"category","embeddable":true,"href":"http:\/\/dsrmedios.com.ar\/diario\/wp-json\/wp\/v2\/categories?post=40712"},{"taxonomy":"post_tag","embeddable":true,"href":"http:\/\/dsrmedios.com.ar\/diario\/wp-json\/wp\/v2\/tags?post=40712"}],"curies":[{"name":"wp","href":"https:\/\/api.w.org\/{rel}","templated":true}]}}