{"id":40709,"date":"2023-10-23T10:05:40","date_gmt":"2023-10-23T13:05:40","guid":{"rendered":"http:\/\/dsrmedios.com.ar\/diario\/?p=40709"},"modified":"2023-10-23T10:05:43","modified_gmt":"2023-10-23T13:05:43","slug":"patricia-bullrich-y-una-dura-derrota-no-hemos-logrado-los-objetivos","status":"publish","type":"post","link":"http:\/\/dsrmedios.com.ar\/diario\/archivos\/40709","title":{"rendered":"Patricia Bullrich y una dura derrota: &#8220;No hemos logrado los objetivos&#8221;"},"content":{"rendered":"\n<p>Tras la dura sufrida en todo el pa\u00eds de Juntos por el Cambio (JxC), la ahora excandidata presidencial Patricia Bullrich se lament\u00f3 de que este domingo&nbsp;<strong>esa fuerza no haya logrado los &#8220;objetivos que quer\u00edamos para nuestra Argentina&#8221;<\/strong>.<\/p>\n\n\n\n<p>Desde un escenario repleto de dirigentes del PRO y muy pocos de la Uni\u00f3n C\u00edvica Radical (UCR),&nbsp;<strong>Bullrich manifest\u00f3 que su &#8220;causa va m\u00e1s all\u00e1 de un momento electoral y de un momento de derrota&#8221;<\/strong>.<\/p>\n\n\n\n<p>Adem\u00e1s acus\u00f3 al &#8220;populismo&#8221; de haber &#8220;empobrecido al pa\u00eds&#8221; y manifest\u00f3 que esa fuerza va a&nbsp;<strong>&#8220;representar los valores de los que hoy nos votaron&#8221;<\/strong>.<\/p>\n\n\n\n<p>Una derrota que se produjo a nivel nacional, quedando tercera en la boleta presidencial, sino tambi\u00e9n en provincias donde en PASO hab\u00eda obtenido rotundas victorias, que en las generales de este domingo no se reflejaron en las urnas, en las cuales JxC\u00a0<strong>obtuvo solo 23.83%, cuando en las primarias hab\u00eda sacado 28,27%<\/strong>.<\/p>\n\n\n\n<p>Fuente: minutouno<\/p>\n","protected":false},"excerpt":{"rendered":"<div class=\"mh-excerpt\"><p>Tras la dura sufrida en todo el pa\u00eds de Juntos por el Cambio (JxC), la ahora excandidata presidencial Patricia Bullrich se lament\u00f3 de que este domingo&nbsp;esa fuerza no haya logrado los &#8220;objetivos que quer\u00edamos para nuestra Argentina&#8221;. Desde un escenario repleto de dirigentes del PRO y muy pocos de la Uni\u00f3n C\u00edvica Radical (UCR),&nbsp;Bullrich manifest\u00f3 que su &#8220;causa va m\u00e1s all\u00e1 de un momento electoral y de un momento de derrota&#8221;. Adem\u00e1s acus\u00f3 al &#8220;populismo&#8221; de haber &#8220;empobrecido al pa\u00eds&#8221; y manifest\u00f3 que esa fuerza va a&nbsp;&#8220;representar los valores de los que hoy nos votaron&#8221;. Una derrota que se produjo <a class=\"mh-excerpt-more\" href=\"http:\/\/dsrmedios.com.ar\/diario\/archivos\/40709\" title=\"Patricia Bullrich y una dura derrota: &#8220;No hemos logrado los objetivos&#8221;\">[Leer m\u00e1s]<\/a><\/p>\n<\/div>","protected":false},"author":8,"featured_media":36916,"comment_status":"open","ping_status":"closed","sticky":false,"template":"","format":"standard","meta":{"_jetpack_newsletter_access":""},"categories":[6],"tags":[],"jetpack_featured_media_url":"http:\/\/dsrmedios.com.ar\/diario\/wp-content\/uploads\/2023\/07\/600x400_patricia-bullrich-presidenta-pro-967467-115321.webp","jetpack_sharing_enabled":true,"jetpack_shortlink":"https:\/\/wp.me\/p9fihK-aAB","_links":{"self":[{"href":"http:\/\/dsrmedios.com.ar\/diario\/wp-json\/wp\/v2\/posts\/40709"}],"collection":[{"href":"http:\/\/dsrmedios.com.ar\/diario\/wp-json\/wp\/v2\/posts"}],"about":[{"href":"http:\/\/dsrmedios.com.ar\/diario\/wp-json\/wp\/v2\/types\/post"}],"author":[{"embeddable":true,"href":"http:\/\/dsrmedios.com.ar\/diario\/wp-json\/wp\/v2\/users\/8"}],"replies":[{"embeddable":true,"href":"http:\/\/dsrmedios.com.ar\/diario\/wp-json\/wp\/v2\/comments?post=40709"}],"version-history":[{"count":1,"href":"http:\/\/dsrmedios.com.ar\/diario\/wp-json\/wp\/v2\/posts\/40709\/revisions"}],"predecessor-version":[{"id":40711,"href":"http:\/\/dsrmedios.com.ar\/diario\/wp-json\/wp\/v2\/posts\/40709\/revisions\/40711"}],"wp:featuredmedia":[{"embeddable":true,"href":"http:\/\/dsrmedios.com.ar\/diario\/wp-json\/wp\/v2\/media\/36916"}],"wp:attachment":[{"href":"http:\/\/dsrmedios.com.ar\/diario\/wp-json\/wp\/v2\/media?parent=40709"}],"wp:term":[{"taxonomy":"category","embeddable":true,"href":"http:\/\/dsrmedios.com.ar\/diario\/wp-json\/wp\/v2\/categories?post=40709"},{"taxonomy":"post_tag","embeddable":true,"href":"http:\/\/dsrmedios.com.ar\/diario\/wp-json\/wp\/v2\/tags?post=40709"}],"curies":[{"name":"wp","href":"https:\/\/api.w.org\/{rel}","templated":true}]}}