{"id":40706,"date":"2023-10-23T10:04:55","date_gmt":"2023-10-23T13:04:55","guid":{"rendered":"http:\/\/dsrmedios.com.ar\/diario\/?p=40706"},"modified":"2023-10-23T10:04:57","modified_gmt":"2023-10-23T13:04:57","slug":"javier-milei-confia-en-que-ganara-en-el-balotaje-massa-esta-en-su-techo","status":"publish","type":"post","link":"http:\/\/dsrmedios.com.ar\/diario\/archivos\/40706","title":{"rendered":"Javier Milei conf\u00eda en que ganar\u00e1 en el balotaje: &#8220;Massa est\u00e1 en su techo&#8221;"},"content":{"rendered":"\n<p>A pesar de la derrota en la primera vuelta de la elecciones presidenciales,<strong>&nbsp;Javier Milei se mostr\u00f3 optimista para el balotaje&nbsp;<\/strong>del pr\u00f3ximo noviembre. \u201cTenemos un veh\u00edculo para ganarle al kirchnerismo. Hagamos uso. No son mayor\u00eda. Para m\u00ed lo de anoche muestra el techo de Massa y nosotros estamos en nuestro piso. Podemos ganarles\u201d, resumi\u00f3 el candidato por La Libertad Avanza (LLA).<\/p>\n\n\n\n<p>\u201cEstamos muy satisfechos. Hay que tener en cuenta que somos una fuerza que naci\u00f3 hace dos a\u00f1os y ahora estar peleando la presidencia contra uno de los movimiento m\u00e1s nefasto que dio la historia es para nosotros un honor enorme\u201d, reflexion\u00f3 Milei en di\u00e1logo con radio Continental. En su opini\u00f3n, \u201ces obvio que los votos que gan\u00f3 Massa los perdi\u00f3 Juntos por el Cambio (JxC)\u201d.<\/p>\n\n\n\n<p>En el b\u00fanker de La Libertad Avanza, que se instal\u00f3 en el Hotel Libertador, ubicado sobre la avenida C\u00f3rdoba y Maip\u00fa, el mismo de las PASO, los principales miembros del espacio negaron que haya habido fraude, pero s\u00ed denunciaron irregularidades.<\/p>\n\n\n\n<p>Por su parte, Milei volvi\u00f3 a decir que est\u00e1 dispuesto \u201ca barajar y dar de nuevo y que todos los que quieran abrazar las ideas de la libertad y ponerse de nuestro lado en contra del kirchnerismo son bienvenidos\u201d.<\/p>\n\n\n\n<figure class=\"wp-block-image\"><img decoding=\"async\" src=\"https:\/\/media.minutouno.com\/p\/25c7d5ffadb70948e63484d352054601\/adjuntos\/150\/imagenes\/041\/064\/0041064030\/milei.jpg?2023-10-22-23-02-16\" alt=\"\" title=\"\"\/><\/figure>\n\n\n\n<p>\u201cLa cosa es ahora sacar al kirchnerismo; es quien quiere estar de este lado o del lado de ellos. Yo los recibo\u201d, recalc\u00f3 el candidato presidencial en referencia a su convocatoria de sumar referentes de JxC. Seg\u00fan cont\u00f3, en las \u00faltimas horas a\u00fan no habl\u00f3 ni con&nbsp;<strong>Mauricio Macri<\/strong>, con quien suele tener di\u00e1logo, ni con&nbsp;<strong>Patricia Bullrich<\/strong>.<\/p>\n\n\n\n<p>\u201cCreo que hay gente muy talentosa que podemos sumarla. Ahora las cosas se simplifican bastante porque queda una carrera de dos.&nbsp;En el peronismo no kirchnerista, como dentro de las fuerzas de JxC, hay muchas personas que consideramos valiosas\u201d, dijo el representante de LLA como un gui\u00f1o m\u00e1s hacia el resto de la oposici\u00f3n.<\/p>\n\n\n\n<p>\u201cNuestro objetivo era estar en el\u00a0<strong>balotaje<\/strong>, pero determinados grupos trabajaron para bloquearlo. Dos tercios de la poblaci\u00f3n dice que no quiere el kirchnerismo. Tenemos que reencauzar esos resultados\u201d, agreg\u00f3 Milei y dijo que el oficialismo \u201clo \u00fanico que les importa es sostener el poder\u201d.<\/p>\n\n\n\n<p>Fuente: minutouno<\/p>\n","protected":false},"excerpt":{"rendered":"<div class=\"mh-excerpt\"><p>A pesar de la derrota en la primera vuelta de la elecciones presidenciales,&nbsp;Javier Milei se mostr\u00f3 optimista para el balotaje&nbsp;del pr\u00f3ximo noviembre. \u201cTenemos un veh\u00edculo para ganarle al kirchnerismo. Hagamos uso. No son mayor\u00eda. Para m\u00ed lo de anoche muestra el techo de Massa y nosotros estamos en nuestro piso. Podemos ganarles\u201d, resumi\u00f3 el candidato por La Libertad Avanza (LLA). \u201cEstamos muy satisfechos. Hay que tener en cuenta que somos una fuerza que naci\u00f3 hace dos a\u00f1os y ahora estar peleando la presidencia contra uno de los movimiento m\u00e1s nefasto que dio la historia es para nosotros un honor enorme\u201d, <a class=\"mh-excerpt-more\" href=\"http:\/\/dsrmedios.com.ar\/diario\/archivos\/40706\" title=\"Javier Milei conf\u00eda en que ganar\u00e1 en el balotaje: &#8220;Massa est\u00e1 en su techo&#8221;\">[Leer m\u00e1s]<\/a><\/p>\n<\/div>","protected":false},"author":8,"featured_media":32063,"comment_status":"open","ping_status":"closed","sticky":false,"template":"","format":"standard","meta":{"_jetpack_newsletter_access":""},"categories":[6],"tags":[],"jetpack_featured_media_url":"http:\/\/dsrmedios.com.ar\/diario\/wp-content\/uploads\/2023\/04\/javier-mileijpg-1.jpg","jetpack_sharing_enabled":true,"jetpack_shortlink":"https:\/\/wp.me\/p9fihK-aAy","_links":{"self":[{"href":"http:\/\/dsrmedios.com.ar\/diario\/wp-json\/wp\/v2\/posts\/40706"}],"collection":[{"href":"http:\/\/dsrmedios.com.ar\/diario\/wp-json\/wp\/v2\/posts"}],"about":[{"href":"http:\/\/dsrmedios.com.ar\/diario\/wp-json\/wp\/v2\/types\/post"}],"author":[{"embeddable":true,"href":"http:\/\/dsrmedios.com.ar\/diario\/wp-json\/wp\/v2\/users\/8"}],"replies":[{"embeddable":true,"href":"http:\/\/dsrmedios.com.ar\/diario\/wp-json\/wp\/v2\/comments?post=40706"}],"version-history":[{"count":1,"href":"http:\/\/dsrmedios.com.ar\/diario\/wp-json\/wp\/v2\/posts\/40706\/revisions"}],"predecessor-version":[{"id":40710,"href":"http:\/\/dsrmedios.com.ar\/diario\/wp-json\/wp\/v2\/posts\/40706\/revisions\/40710"}],"wp:featuredmedia":[{"embeddable":true,"href":"http:\/\/dsrmedios.com.ar\/diario\/wp-json\/wp\/v2\/media\/32063"}],"wp:attachment":[{"href":"http:\/\/dsrmedios.com.ar\/diario\/wp-json\/wp\/v2\/media?parent=40706"}],"wp:term":[{"taxonomy":"category","embeddable":true,"href":"http:\/\/dsrmedios.com.ar\/diario\/wp-json\/wp\/v2\/categories?post=40706"},{"taxonomy":"post_tag","embeddable":true,"href":"http:\/\/dsrmedios.com.ar\/diario\/wp-json\/wp\/v2\/tags?post=40706"}],"curies":[{"name":"wp","href":"https:\/\/api.w.org\/{rel}","templated":true}]}}