{"id":40704,"date":"2023-10-23T10:00:37","date_gmt":"2023-10-23T13:00:37","guid":{"rendered":"http:\/\/dsrmedios.com.ar\/diario\/?p=40704"},"modified":"2023-10-23T10:01:15","modified_gmt":"2023-10-23T13:01:15","slug":"elecciones-2023-en-la-provincia-de-buenos-aires-axel-kicillof-arraso-y-logro-la-reeleccion","status":"publish","type":"post","link":"http:\/\/dsrmedios.com.ar\/diario\/archivos\/40704","title":{"rendered":"Elecciones 2023 en la provincia de Buenos Aires: Axel Kicillof arras\u00f3 y logr\u00f3 la reelecci\u00f3n"},"content":{"rendered":"\n<p><strong>Axel Kicillof<\/strong>, de Uni\u00f3n por la Patria (UxP), logr\u00f3 este domingo su reelecci\u00f3n para un nuevo per\u00edodo de cuatro a\u00f1os como&nbsp;<strong>gobernador de la provincia de Buenos Aires<\/strong>&nbsp;con casi el 45% de los votos y llam\u00f3 a votar por el postulante presidencial&nbsp;<strong>Sergio Massa&nbsp;<\/strong>en la segunda vuelta del pr\u00f3ximo 19 de noviembre, al advertir que ese distrito &#8220;no se salva solo&#8221;.<\/p>\n\n\n\n<p>De acuerdo a esos guarismos,&nbsp;<strong>Kicillof creci\u00f3 casi diez puntos en comparaci\u00f3n con el resultado de las PASO: el 13 de agosto hab\u00eda obtenido 36,41%<\/strong>.<\/p>\n\n\n\n<p>Poco antes de las 22:00, el ex ministro de Econom\u00eda sali\u00f3 al escenario del b\u00fanker de Uni\u00f3n por la Patria y agradeci\u00f3 &#8220;el respaldo y el acompa\u00f1amiento&#8221; de la ciudadan\u00eda, tras recordar que la Provincia era &#8220;tierra arrasada&#8221; cuando asumi\u00f3 al frente de la Gobernaci\u00f3n y que luego tuvo que superar &#8220;a\u00f1os dif\u00edciles, de dificultades in\u00e9ditas, inesperadas&#8221;.<\/p>\n\n\n\n<p>&#8220;Emociona ver el respaldo, el acompa\u00f1amiento, la fuerza, la alegr\u00eda, la convicci\u00f3n que le puso el pueblo de la Provincia de Buenos Aires&#8221;, subray\u00f3 Kicillof, mientras la militancia cantaba &#8220;Borombomb\u00f3m, es para Axel la reelecci\u00f3n&#8221;.<\/p>\n\n\n\n<p>Luego de destacar que&nbsp;<strong>los militantes fueron &#8220;los verdaderos protagonistas&#8221; de la campa\u00f1a bonaerense<\/strong>, el reelecto gobernador asegur\u00f3: &#8220;No nos venci\u00f3 ni la resignaci\u00f3n, ni la antipol\u00edtica&#8221;.<\/p>\n\n\n\n<p>Adem\u00e1s, asegur\u00f3 que los intendentes peronistas fueron &#8220;art\u00edfices del triunfo&#8221; y a\u00f1adi\u00f3: &#8220;Quiero agradecerle muy especialmente a Cristina Fern\u00e1ndez de Kirchner por su acompa\u00f1amiento permanente&#8221;.<\/p>\n\n\n\n<p><strong>&#8220;Sigue liderando y nunca nos llam\u00f3 a caer en el rencor ni en la revancha. Vale de ejemplo para los que usan el odio y la violencia&#8221;<\/strong>, manifest\u00f3. Como cierre de su encendido discurso, Kicillof remarc\u00f3 que &#8220;la campa\u00f1a no termina hasta que Sergio Massa sea Presidente&#8221;.<\/p>\n\n\n\n<p>En tanto, el segundo puesto quedaba para el candidato de Juntos por el Cambio, N\u00e9stor Grindetti, quien lograba 26,60% (2.185.510 votos).<\/p>\n\n\n\n<p>Con el 24,62% de los sufragios (2.022.668), la representante de La Libertad Avanza, Carolina Piparo, volv\u00eda a quedarse con el tercer puesto, al igual que en las PASO.<\/p>\n\n\n\n<p>Finalmente, el candidato del Frente de Izquierda y de Trabajadores-Unidad, Rub\u00e9n Sobrero, quedaba en el \u00faltimo lugar con el 3,89% (319.625 votos).<\/p>\n\n\n\n<h2>Elecciones a gobernador de la provincia de Buenos Aires: los resultados<\/h2>\n\n\n\n<p>Con el 96,11% de las mesas escrutadas:<\/p>\n\n\n\n<ul>\n<li>Axel Kicillof: 44,87%<\/li>\n\n\n\n<li>N\u00e9stor Grindetti: 26,63%<\/li>\n\n\n\n<li>Carolina P\u00edparo: 24,21%<\/li>\n\n\n\n<li>Rub\u00e9n Sobrero: 3,88%<\/li>\n<\/ul>\n\n\n\n<p><\/p>\n\n\n\n<p>Fuente: Minutouno<\/p>\n","protected":false},"excerpt":{"rendered":"<div class=\"mh-excerpt\"><p>Axel Kicillof, de Uni\u00f3n por la Patria (UxP), logr\u00f3 este domingo su reelecci\u00f3n para un nuevo per\u00edodo de cuatro a\u00f1os como&nbsp;gobernador de la provincia de Buenos Aires&nbsp;con casi el 45% de los votos y llam\u00f3 a votar por el postulante presidencial&nbsp;Sergio Massa&nbsp;en la segunda vuelta del pr\u00f3ximo 19 de noviembre, al advertir que ese distrito &#8220;no se salva solo&#8221;. De acuerdo a esos guarismos,&nbsp;Kicillof creci\u00f3 casi diez puntos en comparaci\u00f3n con el resultado de las PASO: el 13 de agosto hab\u00eda obtenido 36,41%. Poco antes de las 22:00, el ex ministro de Econom\u00eda sali\u00f3 al escenario del b\u00fanker de Uni\u00f3n <a class=\"mh-excerpt-more\" href=\"http:\/\/dsrmedios.com.ar\/diario\/archivos\/40704\" title=\"Elecciones 2023 en la provincia de Buenos Aires: Axel Kicillof arras\u00f3 y logr\u00f3 la reelecci\u00f3n\">[Leer m\u00e1s]<\/a><\/p>\n<\/div>","protected":false},"author":8,"featured_media":33910,"comment_status":"open","ping_status":"closed","sticky":false,"template":"","format":"standard","meta":{"_jetpack_newsletter_access":""},"categories":[7],"tags":[],"jetpack_featured_media_url":"http:\/\/dsrmedios.com.ar\/diario\/wp-content\/uploads\/2023\/05\/p14-axel-kicillof-n_optjpeg.jpeg","jetpack_sharing_enabled":true,"jetpack_shortlink":"https:\/\/wp.me\/p9fihK-aAw","_links":{"self":[{"href":"http:\/\/dsrmedios.com.ar\/diario\/wp-json\/wp\/v2\/posts\/40704"}],"collection":[{"href":"http:\/\/dsrmedios.com.ar\/diario\/wp-json\/wp\/v2\/posts"}],"about":[{"href":"http:\/\/dsrmedios.com.ar\/diario\/wp-json\/wp\/v2\/types\/post"}],"author":[{"embeddable":true,"href":"http:\/\/dsrmedios.com.ar\/diario\/wp-json\/wp\/v2\/users\/8"}],"replies":[{"embeddable":true,"href":"http:\/\/dsrmedios.com.ar\/diario\/wp-json\/wp\/v2\/comments?post=40704"}],"version-history":[{"count":1,"href":"http:\/\/dsrmedios.com.ar\/diario\/wp-json\/wp\/v2\/posts\/40704\/revisions"}],"predecessor-version":[{"id":40705,"href":"http:\/\/dsrmedios.com.ar\/diario\/wp-json\/wp\/v2\/posts\/40704\/revisions\/40705"}],"wp:featuredmedia":[{"embeddable":true,"href":"http:\/\/dsrmedios.com.ar\/diario\/wp-json\/wp\/v2\/media\/33910"}],"wp:attachment":[{"href":"http:\/\/dsrmedios.com.ar\/diario\/wp-json\/wp\/v2\/media?parent=40704"}],"wp:term":[{"taxonomy":"category","embeddable":true,"href":"http:\/\/dsrmedios.com.ar\/diario\/wp-json\/wp\/v2\/categories?post=40704"},{"taxonomy":"post_tag","embeddable":true,"href":"http:\/\/dsrmedios.com.ar\/diario\/wp-json\/wp\/v2\/tags?post=40704"}],"curies":[{"name":"wp","href":"https:\/\/api.w.org\/{rel}","templated":true}]}}